{"id":500529,"date":"2021-12-05T11:03:07","date_gmt":"2021-12-05T15:03:07","guid":{"rendered":"https:\/\/diarioelpopular.com\/?p=500529"},"modified":"2021-12-05T11:03:07","modified_gmt":"2021-12-05T15:03:07","slug":"vargas-llosa-contra-castillo-y-a-favor-de-kast","status":"publish","type":"post","link":"https:\/\/diarioelpopular.com\/index.php\/2021\/12\/05\/vargas-llosa-contra-castillo-y-a-favor-de-kast\/","title":{"rendered":"Vargas Llosa contra Castillo y a favor de Kast"},"content":{"rendered":"<div id=\"attachment_500530\" style=\"width: 646px\" class=\"wp-caption alignnone\"><img loading=\"lazy\" decoding=\"async\" aria-describedby=\"caption-attachment-500530\" class=\"size-custom-full-size wp-image-500530\" src=\"https:\/\/diarioelpopular.com\/wp-content\/uploads\/2021\/12\/1.ca7aa-636x424.jpg\" alt=\"\" width=\"636\" height=\"424\" srcset=\"https:\/\/diarioelpopular.com\/wp-content\/uploads\/2021\/12\/1.ca7aa-636x424.jpg 636w, https:\/\/diarioelpopular.com\/wp-content\/uploads\/2021\/12\/1.ca7aa-300x200.jpg 300w, https:\/\/diarioelpopular.com\/wp-content\/uploads\/2021\/12\/1.ca7aa-768x512.jpg 768w, https:\/\/diarioelpopular.com\/wp-content\/uploads\/2021\/12\/1.ca7aa-110x73.jpg 110w, https:\/\/diarioelpopular.com\/wp-content\/uploads\/2021\/12\/1.ca7aa.jpg 800w\" sizes=\"auto, (max-width: 636px) 100vw, 636px\" \/><p id=\"caption-attachment-500530\" class=\"wp-caption-text\"><em>El escritor peruano y Nobel de Literatura Mario Vargas Llosa<\/em><\/p><\/div>\n<h4><em><strong>&#8211; El presidente peruano, &#8220;pobre se\u00f1or, no sabe d\u00f3nde est\u00e1 parado&#8221;<\/strong><\/em><\/h4>\n<p><em><strong>LIMA 5 DIC &#8211;<\/strong><\/em> Tras entregarle respaldo al candidato de ultraderecha chilena Jos\u00e9 Antonio Kast, el premio Nobel de Literatura peruano Mario Vargas Llosa calific\u00f3 al presidente socialista de Per\u00fa, Pedro Castillo, como &#8220;un pobre se\u00f1or&#8221; que &#8220;no sabe d\u00f3nde est\u00e1 parado&#8221; y que &#8220;no tiene idea de los problemas elementales&#8221; de su pa\u00eds.<br \/>\nEn una extensa conversaci\u00f3n virtual que tuvo Vargas Llosa con el candidato chileno a la presidencia dijo que ve mal la situaci\u00f3n de Per\u00fa. &#8220;Veo mal en este momento, desgraciadamente, las cosas. Las cosas que pasan en el Per\u00fa, por ejemplo, que para m\u00ed es una gu\u00eda, son muy malas&#8221;, indic\u00f3 el autor de &#8220;La fiesta del Chivo&#8221;, seg\u00fan reproducciones de la prensa peruana, entre otros Per\u00fa 21.<br \/>\n&#8220;Esta ma\u00f1ana me estaban diciendo que han salido 20 mil millones de d\u00f3lares del Per\u00fa en todas estas semanas, algo que es verdaderamente terrible, y tenemos un presidente que no sabe d\u00f3nde est\u00e1 parado, es un pobre se\u00f1or que, digamos, no tiene ideas de los problemas elementales del Per\u00fa&#8221;, dijo el escritor, otrora candidato presidencial.<br \/>\nVargas Llosa dijo que Castillo &#8220;quiere terminar con la miner\u00eda&#8221; debido a la suspensi\u00f3n de operaciones en la minera Las Bambas y que la \u00fanica manera de &#8220;desarrollarse en el Per\u00fa, es a trav\u00e9s de la miner\u00eda&#8221;.<br \/>\n&#8220;En cambio, \u00e9l (por Castillo, NDR) ampara la miner\u00eda ilegal que hace verdaderos estragos con el medio ambiente, con las propias minas. En fin, es una situaci\u00f3n desastrosa&#8221;, asever\u00f3.<br \/>\nVargas Llosa convers\u00f3 con el candidato presidencial Kast en un encuentro online organizado por la Fundaci\u00f3n Internacional para la Libertad.<br \/>\nEn esa cita le expres\u00f3 su apoyo al l\u00edder del Partido Republicano de cara a la segunda vuelta electoral que tendr\u00e1 lugar el pr\u00f3ximo 19 de diciembre en Chile y en la que enfrentar\u00e1 a Gabriel Boric (alianza Apruebo Dignidad, izquierda) &#8220;Es muy importante que usted gane las elecciones&#8221;, le dijo al ultraderechista.<br \/>\n&#8220;Lo de Chile es absolutamente fundamental para Am\u00e9rica Latina porque los ojos de toda la regi\u00f3n est\u00e1n centrados en Chile hoy en d\u00eda. As\u00ed que creo que no hay m\u00e1s alternativa que ganar las elecciones&#8221;, consider\u00f3 el escritor peruano.<br \/>\n&#8220;Si Chile recupera el liderazgo que ten\u00eda en Am\u00e9rica Latina, yo creo que la situaci\u00f3n en Am\u00e9rica Latina cambiar\u00e1 much\u00edsimo&#8221;, ampli\u00f3 Vargas Llosa.<br \/>\nCastillo atraviesa en Per\u00fa tiempos tumultuosos. Acaba de convocar a todos los partidos representados en el Congreso para este lunes con el objetivo de entablar un di\u00e1logo sobre los &#8220;grandes temas que el pa\u00eds necesita resolver con urgencia&#8221;.<br \/>\nEl mandatario lo hizo frente al anuncio de que el 7 de diciembre pr\u00f3ximo el Parlamento de Per\u00fa votar\u00e1 una propuesta de la oposici\u00f3n para discutir su destituci\u00f3n por &#8220;incapacidad moral permanente&#8221;.<br \/>\nPresentada por 28 parlamentarios de oposici\u00f3n de centroderecha y de derecha, la moci\u00f3n apunta a la destituci\u00f3n del jefe de Estado,la que necesita 52 votos, que al parecer ya existen.<br \/>\nSin embargo, seg\u00fan la prensa peruana, &#8220;lo m\u00e1s dif\u00edcil tras el debate ser\u00e1 sumar los 82 votos (de los 130 del total) necesarios para que la destituci\u00f3n se haga efectiva.<\/p>\n","protected":false},"excerpt":{"rendered":"<p>&#8211; El presidente peruano, &#8220;pobre se\u00f1or, no sabe d\u00f3nde est\u00e1 parado&#8221; LIMA 5 DIC &#8211; Tras entregarle respaldo al candidato de ultraderecha chilena Jos\u00e9 Antonio&hellip;<\/p>\n","protected":false},"author":99,"featured_media":500530,"comment_status":"open","ping_status":"open","sticky":false,"template":"","format":"standard","meta":{"footnotes":""},"categories":[23],"tags":[],"class_list":["post-500529","post","type-post","status-publish","format-standard","has-post-thumbnail","hentry","category-latinoamerica"],"_links":{"self":[{"href":"https:\/\/diarioelpopular.com\/index.php\/wp-json\/wp\/v2\/posts\/500529","targetHints":{"allow":["GET"]}}],"collection":[{"href":"https:\/\/diarioelpopular.com\/index.php\/wp-json\/wp\/v2\/posts"}],"about":[{"href":"https:\/\/diarioelpopular.com\/index.php\/wp-json\/wp\/v2\/types\/post"}],"author":[{"embeddable":true,"href":"https:\/\/diarioelpopular.com\/index.php\/wp-json\/wp\/v2\/users\/99"}],"replies":[{"embeddable":true,"href":"https:\/\/diarioelpopular.com\/index.php\/wp-json\/wp\/v2\/comments?post=500529"}],"version-history":[{"count":1,"href":"https:\/\/diarioelpopular.com\/index.php\/wp-json\/wp\/v2\/posts\/500529\/revisions"}],"predecessor-version":[{"id":500531,"href":"https:\/\/diarioelpopular.com\/index.php\/wp-json\/wp\/v2\/posts\/500529\/revisions\/500531"}],"wp:featuredmedia":[{"embeddable":true,"href":"https:\/\/diarioelpopular.com\/index.php\/wp-json\/wp\/v2\/media\/500530"}],"wp:attachment":[{"href":"https:\/\/diarioelpopular.com\/index.php\/wp-json\/wp\/v2\/media?parent=500529"}],"wp:term":[{"taxonomy":"category","embeddable":true,"href":"https:\/\/diarioelpopular.com\/index.php\/wp-json\/wp\/v2\/categories?post=500529"},{"taxonomy":"post_tag","embeddable":true,"href":"https:\/\/diarioelpopular.com\/index.php\/wp-json\/wp\/v2\/tags?post=500529"}],"curies":[{"name":"wp","href":"https:\/\/api.w.org\/{rel}","templated":true}]}}