{"id":500538,"date":"2021-12-06T10:20:43","date_gmt":"2021-12-06T14:20:43","guid":{"rendered":"https:\/\/diarioelpopular.com\/?p=500538"},"modified":"2021-12-06T10:20:43","modified_gmt":"2021-12-06T14:20:43","slug":"el-peronismo-vuelve-a-la-plaza-de-mayo-con-lula","status":"publish","type":"post","link":"https:\/\/diarioelpopular.com\/index.php\/2021\/12\/06\/el-peronismo-vuelve-a-la-plaza-de-mayo-con-lula\/","title":{"rendered":"El Peronismo vuelve a la Plaza de Mayo con Lula"},"content":{"rendered":"<div id=\"attachment_500539\" style=\"width: 646px\" class=\"wp-caption alignnone\"><img loading=\"lazy\" decoding=\"async\" aria-describedby=\"caption-attachment-500539\" class=\"size-custom-full-size wp-image-500539\" src=\"https:\/\/diarioelpopular.com\/wp-content\/uploads\/2021\/12\/1.cef4b0-636x424.jpg\" alt=\"\" width=\"636\" height=\"424\" srcset=\"https:\/\/diarioelpopular.com\/wp-content\/uploads\/2021\/12\/1.cef4b0-636x424.jpg 636w, https:\/\/diarioelpopular.com\/wp-content\/uploads\/2021\/12\/1.cef4b0-300x200.jpg 300w, https:\/\/diarioelpopular.com\/wp-content\/uploads\/2021\/12\/1.cef4b0-768x512.jpg 768w, https:\/\/diarioelpopular.com\/wp-content\/uploads\/2021\/12\/1.cef4b0-110x73.jpg 110w, https:\/\/diarioelpopular.com\/wp-content\/uploads\/2021\/12\/1.cef4b0.jpg 800w\" sizes=\"auto, (max-width: 636px) 100vw, 636px\" \/><p id=\"caption-attachment-500539\" class=\"wp-caption-text\"><em>La m\u00edstica peronista en la emblem\u00e1tica Plaza de Mayo<\/em><\/p><\/div>\n<h4><em><strong>&#8211; 10\/12, por los DDHH y 38 a\u00f1os del regreso a la democracia. Tambi\u00e9n para sumar respaldo<\/strong><\/em><\/h4>\n<p><em><strong>BUENOS AIRES 6 DIC &#8211;<\/strong> <\/em>Tras una dura derrota electoral en las legislativas, el Peronismo, hoy en el gobierno de Argentina con Alberto Fern\u00e1ndez como presidente, vuelve a la m\u00edstica del pasado e intenta una manifestaci\u00f3n masiva que le devuelva fortaleza, minimice oposiciones y sume al brasile\u00f1o Lula Da Silva.<br \/>\nM\u00e1ximo Kirchner, hijo del presidente N\u00e9stor Kirchner y de la tambi\u00e9n exmandataria hoy vicepresidenta Cristina Fern\u00e1ndez, convoc\u00f3 a marchar este 10 de diciembre con &#8220;Alberto, Cristina y Lula&#8221; y llam\u00f3 a &#8220;reventar Plaza de Mayo&#8221;, el emblem\u00e1tico espacio frente a la Casa de Gobierno en Buenos Aires.<br \/>\nLa manifestaci\u00f3n ocurrir\u00e1 en el marco del D\u00eda de los Derechos Humanos y cuando se conmemorar\u00e1n tambi\u00e9n los 38 a\u00f1os del retorno de la democracia en Argentina.<br \/>\nKirchner Junior, presidente del bloque del Frente de Todos (la alianza en el gobierno, centro izquierda) en Diputados, confirm\u00f3 que habr\u00e1 una celebraci\u00f3n el 10 de diciembre, tambi\u00e9n porque se cumplen dos a\u00f1os de la asunci\u00f3n de Alberto Fern\u00e1ndez en el Gobierno.<br \/>\nSe anunci\u00f3 la participaci\u00f3n de expresidente de Brasil, Luiz In\u00e1cio Lula da Silva, quien junto a los Kirchner, el venezolano Hugo Ch\u00e1vez, el boliviano Evo Morales y el ecuatoriano Rafael Correa supieron consolidar d\u00e9cadas atr\u00e1s un polo socialista en Am\u00e9rica del Sur.<br \/>\n&#8220;Hay que reventar en serio la Plaza. Ese d\u00eda invito al pueblo argentino a que abrace a alguien que como Cristina sufri\u00f3 la persecuci\u00f3n judicial y que volver\u00e1 a ser presidente del Brasil&#8221;,dijo M\u00e1ximo Kirchner en referencia al fundador del Partido de los Trabajadores (PT), con reverdecidas aspiraciones presidenciales.<br \/>\n&#8220;En esta situaci\u00f3n de una enfermedad que afect\u00f3 al pa\u00eds y al mundo (por la pandemia de Covid-19, NDR), uno esperaba mayor madurez de las fuerzas pol\u00edticas y de los medios de comunicaci\u00f3n&#8221;,ampli\u00f3.<br \/>\n&#8220;Hoy que pueden salir no salen, solo cuando ten\u00edamos m\u00e1s de quince mil contagios y los m\u00e9dicos se debat\u00edan entre la vida y la muerte de nuestro pueblo sal\u00edan. Hay cosas que no se pueden hacer pensando si te van a votar o no. Y lo que hicimos fue cuidar a nuestra gente&#8221;, expres\u00f3 en relaci\u00f3n a las marchas de l la oposici\u00f3n en los momentos m\u00e1s cr\u00edticos de la peste.<br \/>\nArgentina vive hoy una baja incidencia del Covid-19, con fronteras abiertas y casi sin restricciones ante la llegada del verano, aunque est\u00e1 alerta por la presencia de la variante Omicron, que ya afecta a Brasil y Chile, naciones fronterizas.<br \/>\n&#8220;La pol\u00edtica se hace con la gente no en los p\u00e1rrafos de un art\u00edculo de un medio de comunicaci\u00f3n. Se hace con los vecinos y vecinas, en las calles&#8221;, afirm\u00f3 el hijo de los presidente Kirchner y directo mensaje a la oposici\u00f3n, pero tambi\u00e9n filas adentro.<br \/>\nActualmente el gobierno argentino busca apoyo en la negociaci\u00f3n con el Fondo Monetario Internacional (FMI) y tras un duro rev\u00e9s en las urnas el 14 de noviembre, que igualmente fue festejado por el oficialismo como un triunfo, porque tuvo un impacto menor que en las internas abiertas (PASO), la Plaza de Mayo puede avivar los respaldos que no aparecen en los sondeos.<br \/>\nArgentina tendr\u00e1 elecciones presidenciales en octubre de 2023 y el Peronismo comienza a trabajar en un plan de continuidad, mientras la oposici\u00f3n (la alianza Juntos) sue\u00f1a con volver a ser gobierno, tras la p\u00e1lida experiencia con el presidente Mauricio Macri, que gobern\u00f3 entre 2015 y 2019.<\/p>\n","protected":false},"excerpt":{"rendered":"<p>&#8211; 10\/12, por los DDHH y 38 a\u00f1os del regreso a la democracia. Tambi\u00e9n para sumar respaldo BUENOS AIRES 6 DIC &#8211; Tras una dura&hellip;<\/p>\n","protected":false},"author":99,"featured_media":500539,"comment_status":"open","ping_status":"open","sticky":false,"template":"","format":"standard","meta":{"footnotes":""},"categories":[23],"tags":[],"class_list":["post-500538","post","type-post","status-publish","format-standard","has-post-thumbnail","hentry","category-latinoamerica"],"_links":{"self":[{"href":"https:\/\/diarioelpopular.com\/index.php\/wp-json\/wp\/v2\/posts\/500538","targetHints":{"allow":["GET"]}}],"collection":[{"href":"https:\/\/diarioelpopular.com\/index.php\/wp-json\/wp\/v2\/posts"}],"about":[{"href":"https:\/\/diarioelpopular.com\/index.php\/wp-json\/wp\/v2\/types\/post"}],"author":[{"embeddable":true,"href":"https:\/\/diarioelpopular.com\/index.php\/wp-json\/wp\/v2\/users\/99"}],"replies":[{"embeddable":true,"href":"https:\/\/diarioelpopular.com\/index.php\/wp-json\/wp\/v2\/comments?post=500538"}],"version-history":[{"count":1,"href":"https:\/\/diarioelpopular.com\/index.php\/wp-json\/wp\/v2\/posts\/500538\/revisions"}],"predecessor-version":[{"id":500540,"href":"https:\/\/diarioelpopular.com\/index.php\/wp-json\/wp\/v2\/posts\/500538\/revisions\/500540"}],"wp:featuredmedia":[{"embeddable":true,"href":"https:\/\/diarioelpopular.com\/index.php\/wp-json\/wp\/v2\/media\/500539"}],"wp:attachment":[{"href":"https:\/\/diarioelpopular.com\/index.php\/wp-json\/wp\/v2\/media?parent=500538"}],"wp:term":[{"taxonomy":"category","embeddable":true,"href":"https:\/\/diarioelpopular.com\/index.php\/wp-json\/wp\/v2\/categories?post=500538"},{"taxonomy":"post_tag","embeddable":true,"href":"https:\/\/diarioelpopular.com\/index.php\/wp-json\/wp\/v2\/tags?post=500538"}],"curies":[{"name":"wp","href":"https:\/\/api.w.org\/{rel}","templated":true}]}}