{"id":500544,"date":"2021-12-07T10:14:53","date_gmt":"2021-12-07T14:14:53","guid":{"rendered":"https:\/\/diarioelpopular.com\/?p=500544"},"modified":"2021-12-07T10:14:53","modified_gmt":"2021-12-07T14:14:53","slug":"la-mayoria-de-los-canadienses-apoyan-fuertes-restricciones-de-viaje-en-medio-de-la-variante-covid-19-de-omicron","status":"publish","type":"post","link":"https:\/\/diarioelpopular.com\/index.php\/2021\/12\/07\/la-mayoria-de-los-canadienses-apoyan-fuertes-restricciones-de-viaje-en-medio-de-la-variante-covid-19-de-omicron\/","title":{"rendered":"La mayor\u00eda de los canadienses apoyan fuertes restricciones de viaje en medio de la variante COVID-19 de Omicron"},"content":{"rendered":"<p><img loading=\"lazy\" decoding=\"async\" class=\"alignnone size-custom-full-size wp-image-500545\" src=\"https:\/\/diarioelpopular.com\/wp-content\/uploads\/2021\/12\/1.-travel-636x440.jpg\" alt=\"\" width=\"636\" height=\"440\" srcset=\"https:\/\/diarioelpopular.com\/wp-content\/uploads\/2021\/12\/1.-travel-636x440.jpg 636w, https:\/\/diarioelpopular.com\/wp-content\/uploads\/2021\/12\/1.-travel-300x208.jpg 300w, https:\/\/diarioelpopular.com\/wp-content\/uploads\/2021\/12\/1.-travel-768x532.jpg 768w, https:\/\/diarioelpopular.com\/wp-content\/uploads\/2021\/12\/1.-travel-80x55.jpg 80w, https:\/\/diarioelpopular.com\/wp-content\/uploads\/2021\/12\/1.-travel-105x73.jpg 105w, https:\/\/diarioelpopular.com\/wp-content\/uploads\/2021\/12\/1.-travel.jpg 800w\" sizes=\"auto, (max-width: 636px) 100vw, 636px\" \/><\/p>\n<h4><em><strong>&#8211; Desde la detecci\u00f3n anunciada de la variante Omicron de COVID-19, una nueva encuesta sugiere que los canadienses se preparan para lo peor.<\/strong><\/em><\/h4>\n<p><em><strong>OTTAWA.-<\/strong><\/em> M\u00e1s de cuatro de cada cinco encuestados en l\u00ednea de Leger y la Asociaci\u00f3n de Estudios Canadienses dijeron que apoyan el cierre de la frontera canadiense a los viajeros que vienen de pa\u00edses espec\u00edficos donde la variante ya est\u00e1 presente.<\/p>\n<p>En respuesta a la detecci\u00f3n de Omicron, Canad\u00e1 implement\u00f3 r\u00e1pidamente medidas de viaje, incluida la prohibici\u00f3n de visitantes que hayan viajado recientemente por 10 pa\u00edses africanos, para frenar la propagaci\u00f3n.<\/p>\n<p>La encuesta a 1.547 canadienses se llev\u00f3 a cabo del 3 al 5 de diciembre. No se le puede asignar un margen de error porque las encuestas realizadas en Internet no se consideran muestras verdaderamente aleatorias.<\/p>\n<p>Seg\u00fan los comentarios de los encuestados sobre el impacto potencial de Omicron, el vicepresidente ejecutivo de Leger, Christian Bourque, dijo que la gente espera que la nueva variante sea tan mala, si no peor, que la variante Delta.<\/p>\n<p>El 44% de los encuestados dijo que Omicron tendr\u00eda un impacto peor en el recuento de casos que Delta, mientras que el 43% dijo que el impacto ser\u00eda el mismo.<\/p>\n<p>&#8220;Las expectativas no son demasiado optimistas&#8221;, dijo Bourque.<\/p>\n<p>El sesenta y ocho por ciento dijo que aprobar\u00eda la reintroducci\u00f3n de restricciones como el distanciamiento social y los cierres temporales en Canad\u00e1 para ciertos lugares p\u00fablicos y ciertas actividades.<\/p>\n<p>Bourque dijo que la tasa de aprobaci\u00f3n de las restricciones ha disminuido un poco en comparaci\u00f3n con las encuestas anteriores, en las que m\u00e1s del 80 por ciento estaba a favor de estas medidas de seguridad.<\/p>\n<p>&#8220;No creo que los canadienses est\u00e9n ansiosos por tener que volver all\u00ed&#8221;, dijo.<\/p>\n<p>La mayor\u00eda de los encuestados dijo estar a favor de posiblemente cerrar la frontera de Canad\u00e1 con Estados Unidos por un per\u00edodo de tiempo.<\/p>\n<p>&#8220;Nos sorprendi\u00f3 un poco ver que casi dos de cada tres canadienses est\u00e1n diciendo que deber\u00edamos considerar cerrar la frontera con los EE. UU., Aunque, y durante muchos meses, muchos canadienses esperaban el d\u00eda en que la frontera se abrir\u00eda nuevamente&#8221;, dijo Bourque.<\/p>\n<p>El setenta y ocho por ciento dijo que apoyar\u00eda la aceleraci\u00f3n de los planes para introducir un &#8220;refuerzo&#8221; o una tercera dosis de las vacunas COVID-19 aprobadas en determinadas poblaciones.<\/p>\n<p>&#8220;Creo que si el gobierno dijera: &#8216;\u00c9sta es nuestra pol\u00edtica sobre la inyecci\u00f3n de refuerzo en el futuro&#8221;, que los canadienses responder\u00e1n en gran medida y no ser\u00eda un problema en absoluto &#8220;, dijo Bourque.<\/p>\n<p>Desde que ocurri\u00f3 la pandemia de COVID-19 en Canad\u00e1, Leger ha pedido a los encuestados que describan su opini\u00f3n sobre el estado de la pandemia en el pa\u00eds.<\/p>\n<p>La \u00faltima encuesta mostr\u00f3 una ca\u00edda significativa en la proporci\u00f3n de encuestados que creen que lo peor de la crisis ha quedado atr\u00e1s.<\/p>\n<p>\u201cDesde que se anunci\u00f3 Omicron, entonces vemos realmente una ca\u00edda en los canadienses que son optimistas sobre d\u00f3nde estamos en la pandemia\u201d, dijo Bourque.<\/p>\n","protected":false},"excerpt":{"rendered":"<p>&#8211; Desde la detecci\u00f3n anunciada de la variante Omicron de COVID-19, una nueva encuesta sugiere que los canadienses se preparan para lo peor. OTTAWA.- M\u00e1s&hellip;<\/p>\n","protected":false},"author":99,"featured_media":500545,"comment_status":"open","ping_status":"open","sticky":false,"template":"","format":"standard","meta":{"footnotes":""},"categories":[21,11191],"tags":[],"class_list":["post-500544","post","type-post","status-publish","format-standard","has-post-thumbnail","hentry","category-canada","category-top-news"],"_links":{"self":[{"href":"https:\/\/diarioelpopular.com\/index.php\/wp-json\/wp\/v2\/posts\/500544","targetHints":{"allow":["GET"]}}],"collection":[{"href":"https:\/\/diarioelpopular.com\/index.php\/wp-json\/wp\/v2\/posts"}],"about":[{"href":"https:\/\/diarioelpopular.com\/index.php\/wp-json\/wp\/v2\/types\/post"}],"author":[{"embeddable":true,"href":"https:\/\/diarioelpopular.com\/index.php\/wp-json\/wp\/v2\/users\/99"}],"replies":[{"embeddable":true,"href":"https:\/\/diarioelpopular.com\/index.php\/wp-json\/wp\/v2\/comments?post=500544"}],"version-history":[{"count":1,"href":"https:\/\/diarioelpopular.com\/index.php\/wp-json\/wp\/v2\/posts\/500544\/revisions"}],"predecessor-version":[{"id":500546,"href":"https:\/\/diarioelpopular.com\/index.php\/wp-json\/wp\/v2\/posts\/500544\/revisions\/500546"}],"wp:featuredmedia":[{"embeddable":true,"href":"https:\/\/diarioelpopular.com\/index.php\/wp-json\/wp\/v2\/media\/500545"}],"wp:attachment":[{"href":"https:\/\/diarioelpopular.com\/index.php\/wp-json\/wp\/v2\/media?parent=500544"}],"wp:term":[{"taxonomy":"category","embeddable":true,"href":"https:\/\/diarioelpopular.com\/index.php\/wp-json\/wp\/v2\/categories?post=500544"},{"taxonomy":"post_tag","embeddable":true,"href":"https:\/\/diarioelpopular.com\/index.php\/wp-json\/wp\/v2\/tags?post=500544"}],"curies":[{"name":"wp","href":"https:\/\/api.w.org\/{rel}","templated":true}]}}