{"id":500568,"date":"2021-12-09T10:41:35","date_gmt":"2021-12-09T14:41:35","guid":{"rendered":"https:\/\/diarioelpopular.com\/?p=500568"},"modified":"2021-12-09T10:41:35","modified_gmt":"2021-12-09T14:41:35","slug":"iglesia-mexicana-objeta-politica-migratoria","status":"publish","type":"post","link":"https:\/\/diarioelpopular.com\/index.php\/2021\/12\/09\/iglesia-mexicana-objeta-politica-migratoria\/","title":{"rendered":"Iglesia mexicana objeta pol\u00edtica migratoria"},"content":{"rendered":"<div id=\"attachment_500569\" style=\"width: 646px\" class=\"wp-caption alignnone\"><img loading=\"lazy\" decoding=\"async\" aria-describedby=\"caption-attachment-500569\" class=\"size-custom-full-size wp-image-500569\" src=\"https:\/\/diarioelpopular.com\/wp-content\/uploads\/2021\/12\/1.7600-636x424.jpg\" alt=\"\" width=\"636\" height=\"424\" srcset=\"https:\/\/diarioelpopular.com\/wp-content\/uploads\/2021\/12\/1.7600-636x424.jpg 636w, https:\/\/diarioelpopular.com\/wp-content\/uploads\/2021\/12\/1.7600-300x200.jpg 300w, https:\/\/diarioelpopular.com\/wp-content\/uploads\/2021\/12\/1.7600-768x512.jpg 768w, https:\/\/diarioelpopular.com\/wp-content\/uploads\/2021\/12\/1.7600-110x73.jpg 110w, https:\/\/diarioelpopular.com\/wp-content\/uploads\/2021\/12\/1.7600.jpg 800w\" sizes=\"auto, (max-width: 636px) 100vw, 636px\" \/><p id=\"caption-attachment-500569\" class=\"wp-caption-text\"><em>Caravanas de migrantes de Centro\u00e1merica en Puebla, M\u00e9xico<\/em><\/p><\/div>\n<h4><em><strong>&#8211; Cuestiona programa &#8220;Qu\u00e9date en M\u00e9xico&#8221; impuesto por EEUU<\/strong><\/em><\/h4>\n<p><em><strong>CIUDAD DE MEXICO, 08 DIC &#8211;<\/strong> <\/em>La jerarqu\u00eda cat\u00f3lica mexicana alz\u00f3 la voz para cuestionar duramente la pol\u00edtica migratoria del gobierno mexicano, en particular la aceptaci\u00f3n del programa &#8220;Qu\u00e9date en M\u00e9xico&#8221; impuesto por Estados Unidos, que acoge a extranjeros en territorio nacional mientras se resuelven sus pedidos de asilo en ese pa\u00eds.<br \/>\nLa Conferencia del Episcopado Mexicano (CEM) se\u00f1al\u00f3 que esta estrategia &#8220;viola m\u00faltiples principios internacionales en materia de refugio y asilo, como el derecho al debido proceso y a la no devoluci\u00f3n&#8221;.<br \/>\nEn un en\u00e9rgico pronunciamiento, los obispos mexicanos se\u00f1alaron que la pol\u00edtica migratoria mexicana &#8220;es confusa y ha generado una situaci\u00f3n ca\u00f3tica en el sur del pa\u00eds&#8221;, en particular en la ciudad meridional de Tapachula, la m\u00e1s importante de los l\u00edmites con Centroam\u00e9rica.<br \/>\nLa CEM se declar\u00f3 &#8220;decepcionada&#8221; de que M\u00e9xico haya accedido a reanudar el programa &#8220;Qu\u00e9date en M\u00e9xico&#8221; impuesto por el ex presidente Donald Trump y suspendido por su suceso Joe Biden en julio pasado, pero reactivado por recursos judiciales interpuestos por los estados de Missouri y Texas.<br \/>\nDecenas de miles de personas procedentes de Centroam\u00e9rica y del Caribe, pero tambi\u00e9n de otras naciones como Venezuela, se han visto obligadas a permanecer en condiciones inhumanas y de hacinamiento en campamentos o refugios en ciudades de la frontera norte, a merced de bandas criminales y con escasos apoyos para su manutenci\u00f3n.<br \/>\nA juicio de la c\u00fapula cat\u00f3lica mexicana este programa &#8220;no permite el debido ejercicio de los derechos fundamentales de las personas solicitantes del reconocimiento de las condiciones de refugiado&#8221;.<br \/>\n&#8220;Con profunda sinceridad deseamos que las personas en contexto de migraci\u00f3n que se encuentran en territorio mexicano puedan ver una luz de esperanza en este valle de indiferencia, dolor y discriminaci\u00f3n por parte de las autoridades de los tres niveles de gobierno&#8221;, se\u00f1al\u00f3 el documento.<br \/>\nAdem\u00e1s, responsabiliz\u00f3 al gobierno del presidente Andr\u00e9s Manuel L\u00f3pez Obrador de &#8220;incumplir los compromisos de trasladar y regularizar a los migrantes, lo que ha generado bloqueos carreteros y conflictos con la poblaci\u00f3n local&#8221;.<br \/>\nTodo ello ha desembocado en una &#8220;situaci\u00f3n ca\u00f3tica&#8221; en la que prevalece &#8220;el sufrimiento, la desesperaci\u00f3n y la violencia&#8221;, estimaron los obispos mexicanos, quienes se\u00f1alaron que &#8220;en medio de esta compleja realidad, la Iglesia cat\u00f3lica a trav\u00e9s de la di\u00f3cesis de Tapachula, se ha mantenido firme en proveer de atenci\u00f3n humanitaria a los migrantes&#8221;.<br \/>\nSeg\u00fan el Episcopado, a la pol\u00edtica &#8220;confusa e ineficaz&#8221; del gobierno federal en materia migratoria se suman &#8220;la indiferencia&#8221; del gobierno del estado sure\u00f1o de Chiapas, donde se ubica Tapachula, y &#8220;el rol de espectadores de los gobiernos municipales&#8221;.<br \/>\nOrganizaciones civiles denunciaron en los \u00faltimos d\u00edas el traslado en buses tipo pulman de centenares de migrantes, entre ellos numerosos haitianos, hacia diversas ciudades del centro y sur del pa\u00eds, para &#8220;despresurizar&#8221; la ciudad de Tapachula, que se vio desbordada por la multitud de migrantes en busca de viajar a la frontera con Estados Unidos.<br \/>\nSin embargo, los grupos de defensa de derechos humanos revelaron que los for\u00e1neos son luego abandonados a su suerte, sin otorgarles ning\u00fan tipo de apoyo a su arribo a las ciudades donde se les traslada.<br \/>\nAdicionalmente, las ONGs dieron a conocer que los empleados del Instituto Nacional de Migraci\u00f3n (INM) cobran de 100 a 300 pesos (5 a 15 d\u00f3lares) por persona a quienes desean ser llevados fuera de Tapachula.<br \/>\nEl comunicado del CEM revel\u00f3 que el pasado 23 de noviembre, unos 1.300 migrantes en la localidad de Mapastepec, Chiapas, aceptaron ser transportados a otros estados, pero muchos no alcanzaron a subir y se encuentran a la espera de su desplazamiento.<br \/>\nA fines de agosto pasado, la propia Alta La Alta Comisionada Auxiliar para la protecci\u00f3n internacional de la Alta Comisi\u00f3n de las Naciones Unidas para los Refugiados (Acnur), Gillian Triggs, critic\u00f3 la decisi\u00f3n de Estados Unidos de renovar el plan &#8220;Qu\u00e9date en M\u00e9xico&#8221;.<br \/>\nLa funcionaria de la ONU consider\u00f3 que &#8220;viola el est\u00e1ndar internacional de que cualquier persona tiene derecho a pedir protecci\u00f3n&#8221;.<\/p>\n","protected":false},"excerpt":{"rendered":"<p>&#8211; Cuestiona programa &#8220;Qu\u00e9date en M\u00e9xico&#8221; impuesto por EEUU CIUDAD DE MEXICO, 08 DIC &#8211; La jerarqu\u00eda cat\u00f3lica mexicana alz\u00f3 la voz para cuestionar duramente&hellip;<\/p>\n","protected":false},"author":99,"featured_media":500569,"comment_status":"open","ping_status":"open","sticky":false,"template":"","format":"standard","meta":{"footnotes":""},"categories":[23],"tags":[],"class_list":["post-500568","post","type-post","status-publish","format-standard","has-post-thumbnail","hentry","category-latinoamerica"],"_links":{"self":[{"href":"https:\/\/diarioelpopular.com\/index.php\/wp-json\/wp\/v2\/posts\/500568","targetHints":{"allow":["GET"]}}],"collection":[{"href":"https:\/\/diarioelpopular.com\/index.php\/wp-json\/wp\/v2\/posts"}],"about":[{"href":"https:\/\/diarioelpopular.com\/index.php\/wp-json\/wp\/v2\/types\/post"}],"author":[{"embeddable":true,"href":"https:\/\/diarioelpopular.com\/index.php\/wp-json\/wp\/v2\/users\/99"}],"replies":[{"embeddable":true,"href":"https:\/\/diarioelpopular.com\/index.php\/wp-json\/wp\/v2\/comments?post=500568"}],"version-history":[{"count":1,"href":"https:\/\/diarioelpopular.com\/index.php\/wp-json\/wp\/v2\/posts\/500568\/revisions"}],"predecessor-version":[{"id":500570,"href":"https:\/\/diarioelpopular.com\/index.php\/wp-json\/wp\/v2\/posts\/500568\/revisions\/500570"}],"wp:featuredmedia":[{"embeddable":true,"href":"https:\/\/diarioelpopular.com\/index.php\/wp-json\/wp\/v2\/media\/500569"}],"wp:attachment":[{"href":"https:\/\/diarioelpopular.com\/index.php\/wp-json\/wp\/v2\/media?parent=500568"}],"wp:term":[{"taxonomy":"category","embeddable":true,"href":"https:\/\/diarioelpopular.com\/index.php\/wp-json\/wp\/v2\/categories?post=500568"},{"taxonomy":"post_tag","embeddable":true,"href":"https:\/\/diarioelpopular.com\/index.php\/wp-json\/wp\/v2\/tags?post=500568"}],"curies":[{"name":"wp","href":"https:\/\/api.w.org\/{rel}","templated":true}]}}