{"id":500627,"date":"2021-12-12T12:02:54","date_gmt":"2021-12-12T16:02:54","guid":{"rendered":"https:\/\/diarioelpopular.com\/?p=500627"},"modified":"2021-12-12T12:02:54","modified_gmt":"2021-12-12T16:02:54","slug":"muere-vicente-fernandez-gigante-de-musica-regional-mexicana","status":"publish","type":"post","link":"https:\/\/diarioelpopular.com\/index.php\/2021\/12\/12\/muere-vicente-fernandez-gigante-de-musica-regional-mexicana\/","title":{"rendered":"Muere Vicente Fern\u00e1ndez, gigante de m\u00fasica regional mexicana"},"content":{"rendered":"<div id=\"attachment_500628\" style=\"width: 646px\" class=\"wp-caption alignnone\"><img loading=\"lazy\" decoding=\"async\" aria-describedby=\"caption-attachment-500628\" class=\"size-custom-full-size wp-image-500628\" src=\"https:\/\/diarioelpopular.com\/wp-content\/uploads\/2021\/12\/AFP_HW5QV-636x358.jpg\" alt=\"\" width=\"636\" height=\"358\" srcset=\"https:\/\/diarioelpopular.com\/wp-content\/uploads\/2021\/12\/AFP_HW5QV-636x358.jpg 636w, https:\/\/diarioelpopular.com\/wp-content\/uploads\/2021\/12\/AFP_HW5QV-300x169.jpg 300w, https:\/\/diarioelpopular.com\/wp-content\/uploads\/2021\/12\/AFP_HW5QV-768x432.jpg 768w, https:\/\/diarioelpopular.com\/wp-content\/uploads\/2021\/12\/AFP_HW5QV-130x73.jpg 130w, https:\/\/diarioelpopular.com\/wp-content\/uploads\/2021\/12\/AFP_HW5QV.jpg 1024w\" sizes=\"auto, (max-width: 636px) 100vw, 636px\" \/><p id=\"caption-attachment-500628\" class=\"wp-caption-text\"><em>El cantante mexicano Vicente Fern\u00e1ndez saluda el martes 8 de noviembre de 2016, durante una rueda de prensa en la ciudad mexicana de Guadalajara(M\u00e9xico), donde le fue entregado el disco de Oro y de Platino por sus altas ventas de su grabaci\u00f3n durante su ultimo concierto titulado \u201cUn Azteca en el Azteca\u201d.<\/em><\/p><\/div>\n<p>Vicente Fern\u00e1ndez, una leyenda internacional de la m\u00fasica regional mexicana, muri\u00f3 la ma\u00f1ana del domingo a los 81 a\u00f1os en un hospital de Jalisco, el estado cuna del mariachi y el que lo vio nacer, informaron familiares. \u201cFue un honor y un gran orgullo compartir con todos una gran trayectoria de m\u00fasica y darlo todo por su p\u00fablico\u201d, dijo su familia en la cuenta oficial de Instagram de Fern\u00e1ndez. \u201cGracias por seguir aplaudiendo, gracias por seguir cantando\u201d. El mensaje terminaba con el hasgtag #ChenteSigueSiendoElRey, en alusi\u00f3n a su apodo \u201cChente\u201d y a una de las m\u00e1s famosas canciones de mariachi. Los familiares indicaron que Fern\u00e1ndez falleci\u00f3 el domingo a las 6:15 a.m. De momento no se hab\u00edan anunciado los planes para su funeral. En agosto de 2021, Fern\u00e1ndez sufri\u00f3 una ca\u00edda grave por la que requiri\u00f3 ser hospitalizado y posteriormente conectado a un respirador. A partir de ah\u00ed sus dolencias f\u00edsicas fueron en aumento y no pudo recuperarse. \u201cTransmito mi p\u00e9same a familiares, amigos y millones de admiradores de Vicente Fern\u00e1ndez, s\u00edmbolo de la canci\u00f3n ranchera de nuestro tiempo, conocido y reconocido en M\u00e9xico y en el extranjero\u201d, escribi\u00f3 en Twitter el presidente mexicano Andr\u00e9s Manuel L\u00f3pez Obrador.<\/p>\n<p>Fern\u00e1ndez, que inmortaliz\u00f3 canciones como \u201cEl rey\u201d, \u201cVolver, volver\u201d y \u201cL\u00e1stima que seas ajena\u201d, fue galardonado con tres Grammy y nueve Latin Grammy, el m\u00e1s reciente a mejor \u00e1lbum de m\u00fasica ranchera\/mariachi por \u201cA mis 80\u2019s\u201d en noviembre. Tambi\u00e9n fue reconocido como Persona del A\u00f1o de la Academia Latina de la Grabaci\u00f3n en 2002. \u201cUn 12 de diciembre se va Vicente Fern\u00e1ndez, que tantas ma\u00f1anitas cant\u00f3 a La Guadalupana\u201d, lament\u00f3 Alejandra Frausto, secretaria de Cultura de M\u00e9xico, destacando la coincidencia del deceso y el d\u00eda de la Virgen de Guadalupe. \u201cUn mill\u00f3n de mariachis acompa\u00f1en tu camino\u201d, a\u00f1adi\u00f3 en su cuenta oficial de Twitter. \u201cNo dejaremos de aplaudir\u201d, escribi\u00f3 Enrique Alfaro, gobernador de Jalisco tras postear en sus redes sociales una foto con el cantante. Fern\u00e1ndez, tambi\u00e9n conocido como \u201cEl rey\u201d y \u201cEl charro de Huentit\u00e1n\u201d, vendi\u00f3 m\u00e1s de 50 millones de discos y apareci\u00f3 en m\u00e1s de 30 pel\u00edculas. Su huella como abanderado de la m\u00fasica popular tradicional es indeleble, convirti\u00e9ndose con el paso de los a\u00f1os en uno de sus int\u00e9rpretes m\u00e1s caracter\u00edsticos. A las afueras del hospital donde falleci\u00f3, comenzaron a llegar el domingo algunos seguidores que portaban fotograf\u00edas con el cantante o que incluso se atrev\u00edan a improvisar una canci\u00f3n ante las c\u00e1maras de la prensa.<\/p>\n<p>En sus \u00faltimos a\u00f1os tuvo toda una serie de afecciones de salud. En 2021 fue hospitalizado por una infecci\u00f3n renal y por una ca\u00edda en su rancho en la que se lesion\u00f3 las cervicales. En 2012 fue sometido a una compleja cirug\u00eda en la que le extirparon casi la mitad del h\u00edgado a causa de un tumor, y un a\u00f1o despu\u00e9s tuvo una trombosis pulmonar. En marzo de 2015 le operaron tres hernias formadas durante el proceso de recuperaci\u00f3n de la cirug\u00eda hep\u00e1tica. En abril de 2016, se despidi\u00f3 de los escenarios con el concierto \u201cUn azteca en el Azteca\u201d, en un abarrotado Estadio Azteca en la Ciudad de M\u00e9xico, ante cerca de 85.000 espectadores que viajaron desde el norte de M\u00e9xico as\u00ed como Estados Unidos, Colombia y otros pa\u00edses de Latinoam\u00e9rica para esta hist\u00f3rica presentaci\u00f3n. Vicente Fern\u00e1ndez G\u00f3mez naci\u00f3 el 17 de febrero de 1940 en el pueblo de Huentit\u00e1n El Alto en el estado occidental de Jalisco. Pas\u00f3 la mayor parte de su ni\u00f1ez en el rancho de su padre, Ram\u00f3n Fern\u00e1ndez, a las afueras de Guadalajara. Sol\u00eda decir que el sue\u00f1o de ser artista se realiz\u00f3 gracias al apoyo de su madre, Paula G\u00f3mez de Fern\u00e1ndez, quien era ama de casa y lo alent\u00f3 a aprender la m\u00fasica folcl\u00f3rica adem\u00e1s de llevarlo mucho al cine para ver pel\u00edculas de la \u00c9poca de Oro del cine mexicano cuando so\u00f1aba ser como Pedro Infante.<\/p>\n<p>A los 14 a\u00f1os gan\u00f3 un concurso amateur de una televisora en Guadalajara y desde entonces empez\u00f3 a presentarse en bares y restaurantes. La fama le lleg\u00f3 en 1966, cuando tras la muerte de Javier Sol\u00eds, otro grande de la m\u00fasica regional, la empresa CBS M\u00e9xico (hoy Sony Music) lo contrat\u00f3 y grab\u00f3 \u201cPerd\u00f3name\u201d y \u201cPalabra del Rey\u201d, sus primeros \u00e9xitos. En la d\u00e9cada de 1970 debut\u00f3 en el cine con la pel\u00edcula \u201cTacos al carb\u00f3n\u201d y se apunt\u00f3 un \u00e9xito con \u201cLa Ley del Monte\u201d de 1976, cuya banda sonora, tambi\u00e9n interpretada por Fern\u00e1ndez, fue igualmente popular, incluyendo la canci\u00f3n hom\u00f3nima que se convirti\u00f3 en uno de sus temas m\u00e1s caracter\u00edsticos.<\/p>\n<p>&nbsp;<\/p>\n","protected":false},"excerpt":{"rendered":"<p>Vicente Fern\u00e1ndez, una leyenda internacional de la m\u00fasica regional mexicana, muri\u00f3 la ma\u00f1ana del domingo a los 81 a\u00f1os en un hospital de Jalisco, el&hellip;<\/p>\n","protected":false},"author":99,"featured_media":500628,"comment_status":"open","ping_status":"open","sticky":false,"template":"","format":"standard","meta":{"footnotes":""},"categories":[2482,23],"tags":[],"class_list":["post-500627","post","type-post","status-publish","format-standard","has-post-thumbnail","hentry","category-espectaculo","category-latinoamerica"],"_links":{"self":[{"href":"https:\/\/diarioelpopular.com\/index.php\/wp-json\/wp\/v2\/posts\/500627","targetHints":{"allow":["GET"]}}],"collection":[{"href":"https:\/\/diarioelpopular.com\/index.php\/wp-json\/wp\/v2\/posts"}],"about":[{"href":"https:\/\/diarioelpopular.com\/index.php\/wp-json\/wp\/v2\/types\/post"}],"author":[{"embeddable":true,"href":"https:\/\/diarioelpopular.com\/index.php\/wp-json\/wp\/v2\/users\/99"}],"replies":[{"embeddable":true,"href":"https:\/\/diarioelpopular.com\/index.php\/wp-json\/wp\/v2\/comments?post=500627"}],"version-history":[{"count":1,"href":"https:\/\/diarioelpopular.com\/index.php\/wp-json\/wp\/v2\/posts\/500627\/revisions"}],"predecessor-version":[{"id":500629,"href":"https:\/\/diarioelpopular.com\/index.php\/wp-json\/wp\/v2\/posts\/500627\/revisions\/500629"}],"wp:featuredmedia":[{"embeddable":true,"href":"https:\/\/diarioelpopular.com\/index.php\/wp-json\/wp\/v2\/media\/500628"}],"wp:attachment":[{"href":"https:\/\/diarioelpopular.com\/index.php\/wp-json\/wp\/v2\/media?parent=500627"}],"wp:term":[{"taxonomy":"category","embeddable":true,"href":"https:\/\/diarioelpopular.com\/index.php\/wp-json\/wp\/v2\/categories?post=500627"},{"taxonomy":"post_tag","embeddable":true,"href":"https:\/\/diarioelpopular.com\/index.php\/wp-json\/wp\/v2\/tags?post=500627"}],"curies":[{"name":"wp","href":"https:\/\/api.w.org\/{rel}","templated":true}]}}