{"id":500634,"date":"2021-12-13T10:28:37","date_gmt":"2021-12-13T14:28:37","guid":{"rendered":"https:\/\/diarioelpopular.com\/?p=500634"},"modified":"2021-12-13T10:28:37","modified_gmt":"2021-12-13T14:28:37","slug":"america-la-tercera-region-con-mas-muertes","status":"publish","type":"post","link":"https:\/\/diarioelpopular.com\/index.php\/2021\/12\/13\/america-la-tercera-region-con-mas-muertes\/","title":{"rendered":"Am\u00e9rica, la tercera regi\u00f3n con m\u00e1s muertes"},"content":{"rendered":"<div id=\"attachment_500635\" style=\"width: 646px\" class=\"wp-caption alignnone\"><img loading=\"lazy\" decoding=\"async\" aria-describedby=\"caption-attachment-500635\" class=\"size-custom-full-size wp-image-500635\" src=\"https:\/\/diarioelpopular.com\/wp-content\/uploads\/2021\/12\/1.2a05a7-636x358.jpg\" alt=\"\" width=\"636\" height=\"358\" srcset=\"https:\/\/diarioelpopular.com\/wp-content\/uploads\/2021\/12\/1.2a05a7-636x358.jpg 636w, https:\/\/diarioelpopular.com\/wp-content\/uploads\/2021\/12\/1.2a05a7-300x169.jpg 300w, https:\/\/diarioelpopular.com\/wp-content\/uploads\/2021\/12\/1.2a05a7-768x432.jpg 768w, https:\/\/diarioelpopular.com\/wp-content\/uploads\/2021\/12\/1.2a05a7-130x73.jpg 130w, https:\/\/diarioelpopular.com\/wp-content\/uploads\/2021\/12\/1.2a05a7.jpg 800w\" sizes=\"auto, (max-width: 636px) 100vw, 636px\" \/><p id=\"caption-attachment-500635\" class=\"wp-caption-text\"><em>Miles de migrantes colapsan peque\u00f1a poblaci\u00f3n colombiana (foto: Foto de la Defensor\u00eda del Pueblo de Colombia)<\/em><\/p><\/div>\n<h4><em><strong>&#8211; Figura s\u00f3lo despu\u00e9s del Mar Mediterr\u00e1neo y el centro de Africa<\/strong><\/em><\/h4>\n<p><em><strong>CIUDAD DE MEXICO, 13 DIC &#8211;<\/strong><\/em> Am\u00e9rica es la tercera regi\u00f3n en el mundo con m\u00e1s muertes y desapariciones de migrantes s\u00f3lo despu\u00e9s del Mar Mediterr\u00e1neo y el centro de Africa, de acuerdo un ranking mundial elaborado por la Organizaci\u00f3n de las Naciones Unidas (ONU).<br \/>\nLa Organizaci\u00f3n Internacional de la Migraci\u00f3n (OIM), un ente especializado de la ONU, indic\u00f3 que entre 2014 y 2021 se contabilizaron al menos 5.756 muertes y desapariciones de personas que viajaron principalmente hacia Estados Unidos, pero la cifra m\u00e1s alta corresponde al \u00faltimo a\u00f1o con 1.067 fallecimientos. Seg\u00fan un informe elaborado en el marco del Proyecto Migrantes Desaparecidos, publicado hace unos d\u00edas, poco antes del tr\u00e1gico accidente en el que murieron 55 personas sin documentos, la mayor\u00eda centroamericanos, en el sure\u00f1o estado de Chiapas, se\u00f1ala que la cifra equivale a la cuarta parte del Mar Mediterr\u00e1neo y la mitad del centro de Africa.<br \/>\nEl documento establece que las dos rutas m\u00e1s peligrosas para los migrantes en Am\u00e9rica son la frontera de M\u00e9xico con Estados unidos y el llamado &#8220;Tap\u00f3n del Dari\u00e9n&#8221;, una zona selv\u00e1tica y accidentada entre Colombia y Panam\u00e1, la \u00fanica que impide la total comunicaci\u00f3n por carretera en el continente.<br \/>\nLa mayor\u00eda de los fallecimientos en el \u00e1rea corresponde a los l\u00edmites entre M\u00e9xico y Estados Unidos, los cuales se han multiplicado en 2021, a ra\u00edz del aumento de la migraci\u00f3n en todo el mundo.<br \/>\nEntre 2014 y 2025, los autores del reporte documentaron la muerte de al menos 750 centroamericanos, 650 de los cuales en M\u00e9xico, de los cuales casi la mitad (300) se debieron a accidentes de tr\u00e1nsito como el del pasado d\u00eda 9 entre Tuxtla Guti\u00e9rrez, la capital de Chiapas y la suburbana localidad de Chiapa de Corzo.<br \/>\n&#8220;La principal causa de muerte documentada a lo largo de las rutas migratorias que atraviesan M\u00e9xico son los accidentes de tr\u00e1nsito&#8221;, seg\u00fan la OIM.<br \/>\nHasta hace unos a\u00f1os los casos m\u00e1s frecuentes sol\u00edan ser los trenes de carga, llamados &#8220;La Bestia&#8221;, sobre cuyo techo los migrantes sol\u00edan treparse para viajar un tramo del sureste de M\u00e9xico rumbo al norte, pero el gobierno comenz\u00f3 a impedir que fueran usados para evitar muertes y percances.<br \/>\n&#8220;A menudo el uso de estas rutas remotas implica que las personas migrantes utilicen medios de transporte sumamente peligrosos y recorran a pie grandes distancias en terrenos desolados, donde muchas veces enfrentan situaciones de abuso sistem\u00e1tico y extorsi\u00f3n o resultan heridas&#8221;, se lee en el documento.<br \/>\nLas cifras que maneja la ONU sobre el tema aparecen como muy conservadoras, debido al subregistro atribuido a que &#8220;las autoridades locales no suelen manejar estad\u00edsticas espec\u00edficas de migrantes fallecidos&#8221;.<br \/>\nLa experta en migraci\u00f3n y seguridad Eunice Rend\u00f3n se\u00f1ala que &#8220;el tr\u00e1fico de migrantes diversifica los negocios de la delincuencia organizada y es una tarea muy redituable que se realiza en total impunidad&#8221;, lo que a su juicio explica que no se informe de &#8220;detenciones emblem\u00e1ticas de traficantes&#8221;.<br \/>\nDe este fen\u00f3meno &#8220;todos son responsables, desde las autoridades migratorias y los oficiales corruptos, hasta los polleros (traficantes de personas), los que cobran, los que reciben y los que vigilan&#8221;, afirm\u00f3.<br \/>\nPor todo ello, la OIM lanz\u00f3 un llamado a los pa\u00edses del \u00e1rea a &#8220;acelerar la regularizaci\u00f3n de los migrantes&#8221;, porque no existen &#8220;casos documentados&#8221; de fallecimientos ocurridos durante procesos en los cuales este fen\u00f3meno se da en forma controlada.<br \/>\nA pesar de que la salida de personas desde poblaciones rurales o ciudades de Centroam\u00e9rica o de naciones azotadas por la violencia, la pobreza y la inestabilidad como Venezuela y Hait\u00ed, suele convertirse en verdaderos &#8220;viajes al infierno&#8221;, el fen\u00f3meno no cesa no obstante las pol\u00edticas de contenci\u00f3n de M\u00e9xico y Estados Unidos.<br \/>\n&#8220;Cuando existen pol\u00edticas restrictivas que obligan a las personas a migrar de forma irregular, estas son sumamente vulnerables a sufrir da\u00f1os e incluso morir o desaparecer&#8221; pues &#8220;entre m\u00e1s amenazas y dificultades existan para cruzar las fronteras, mayor es el costo para hacerlo, aumentando as\u00ed las ganancias de los delincuentes&#8221;, se\u00f1ala Rend\u00f3n.<br \/>\nEl gobierno azteca, pese a su discurso p\u00fablico en el cual propone atender de ra\u00edz las causas de la migraci\u00f3n, ha mantenido una postura de colaboraci\u00f3n con Washington, ya sea usando m\u00e1s de 20.000 miembros de la Guardia Nacional para frenar las llamadas &#8220;caravanas&#8221; o aceptando programas como &#8220;Qu\u00e9date en M\u00e9xico&#8221;.<\/p>\n","protected":false},"excerpt":{"rendered":"<p>&#8211; Figura s\u00f3lo despu\u00e9s del Mar Mediterr\u00e1neo y el centro de Africa CIUDAD DE MEXICO, 13 DIC &#8211; Am\u00e9rica es la tercera regi\u00f3n en el&hellip;<\/p>\n","protected":false},"author":99,"featured_media":500635,"comment_status":"open","ping_status":"open","sticky":false,"template":"","format":"standard","meta":{"footnotes":""},"categories":[23,11354],"tags":[],"class_list":["post-500634","post","type-post","status-publish","format-standard","has-post-thumbnail","hentry","category-latinoamerica","category-sucesos"],"_links":{"self":[{"href":"https:\/\/diarioelpopular.com\/index.php\/wp-json\/wp\/v2\/posts\/500634","targetHints":{"allow":["GET"]}}],"collection":[{"href":"https:\/\/diarioelpopular.com\/index.php\/wp-json\/wp\/v2\/posts"}],"about":[{"href":"https:\/\/diarioelpopular.com\/index.php\/wp-json\/wp\/v2\/types\/post"}],"author":[{"embeddable":true,"href":"https:\/\/diarioelpopular.com\/index.php\/wp-json\/wp\/v2\/users\/99"}],"replies":[{"embeddable":true,"href":"https:\/\/diarioelpopular.com\/index.php\/wp-json\/wp\/v2\/comments?post=500634"}],"version-history":[{"count":1,"href":"https:\/\/diarioelpopular.com\/index.php\/wp-json\/wp\/v2\/posts\/500634\/revisions"}],"predecessor-version":[{"id":500636,"href":"https:\/\/diarioelpopular.com\/index.php\/wp-json\/wp\/v2\/posts\/500634\/revisions\/500636"}],"wp:featuredmedia":[{"embeddable":true,"href":"https:\/\/diarioelpopular.com\/index.php\/wp-json\/wp\/v2\/media\/500635"}],"wp:attachment":[{"href":"https:\/\/diarioelpopular.com\/index.php\/wp-json\/wp\/v2\/media?parent=500634"}],"wp:term":[{"taxonomy":"category","embeddable":true,"href":"https:\/\/diarioelpopular.com\/index.php\/wp-json\/wp\/v2\/categories?post=500634"},{"taxonomy":"post_tag","embeddable":true,"href":"https:\/\/diarioelpopular.com\/index.php\/wp-json\/wp\/v2\/tags?post=500634"}],"curies":[{"name":"wp","href":"https:\/\/api.w.org\/{rel}","templated":true}]}}