{"id":500652,"date":"2021-12-15T10:12:20","date_gmt":"2021-12-15T14:12:20","guid":{"rendered":"https:\/\/diarioelpopular.com\/?p=500652"},"modified":"2021-12-15T10:12:20","modified_gmt":"2021-12-15T14:12:20","slug":"gobierno-introduce-nuevas-medidas-para-frenar-la-propagacion-de-omicron","status":"publish","type":"post","link":"https:\/\/diarioelpopular.com\/index.php\/2021\/12\/15\/gobierno-introduce-nuevas-medidas-para-frenar-la-propagacion-de-omicron\/","title":{"rendered":"Gobierno introduce nuevas medidas para frenar la propagaci\u00f3n de Omicron"},"content":{"rendered":"<p><img loading=\"lazy\" decoding=\"async\" class=\"alignnone size-custom-full-size wp-image-500653\" src=\"https:\/\/diarioelpopular.com\/wp-content\/uploads\/2021\/12\/1.22-AM-636x407.png\" alt=\"\" width=\"636\" height=\"407\" srcset=\"https:\/\/diarioelpopular.com\/wp-content\/uploads\/2021\/12\/1.22-AM-636x407.png 636w, https:\/\/diarioelpopular.com\/wp-content\/uploads\/2021\/12\/1.22-AM-300x192.png 300w, https:\/\/diarioelpopular.com\/wp-content\/uploads\/2021\/12\/1.22-AM-768x492.png 768w, https:\/\/diarioelpopular.com\/wp-content\/uploads\/2021\/12\/1.22-AM-85x55.png 85w, https:\/\/diarioelpopular.com\/wp-content\/uploads\/2021\/12\/1.22-AM-114x73.png 114w, https:\/\/diarioelpopular.com\/wp-content\/uploads\/2021\/12\/1.22-AM.png 800w\" sizes=\"auto, (max-width: 636px) 100vw, 636px\" \/><\/p>\n<h4><em><strong>&#8211; El primer ministro Justin Trudeau ha consultado a los premiers sobre medidas fronterizas y de viaje adicionales que podr\u00edan ayudar a frenar la propagaci\u00f3n comunitaria de COVID-19.<\/strong><\/em><\/h4>\n<h4><strong><em>&#8211; La variante Omicron podr\u00eda hacer que las vacunas COVID-19 sean menos efectivas<\/em><\/strong><\/h4>\n<p><em><strong>OTTAWA.-<\/strong> <\/em>En una llamada este martes por la noche, los premiers discutieron la variante preocupante COVID-19 Omicron, que se est\u00e1 extendiendo r\u00e1pidamente por todo el mundo.<\/p>\n<p>En una lectura de la llamada, la oficina del primer ministro dijo que los l\u00edderes notaron el potencial de un r\u00e1pido y fuerte resurgimiento de casos de COVID-19 en Canad\u00e1 que podr\u00eda ejercer presi\u00f3n sobre los sistemas de atenci\u00f3n m\u00e9dica.<\/p>\n<p>La lectura anota que Trudeau y los premiers coincidieron en que la clave para ir m\u00e1s all\u00e1 de la pandemia es garantizar que la mayor cantidad posible de canadienses, incluidos los ni\u00f1os, se vacunen y tengan acceso a vacunas de refuerzo.<\/p>\n<p>No hubo detalles claros sobre si el gobierno planea cambiar las restricciones de viaje, incluidas las de 10 pa\u00edses africanos que se implementaron cuando se descubri\u00f3 por primera vez la variante Omicron del nuevo coronavirus.<\/p>\n<p>La cepa altamente transmisible se ha confirmado en m\u00e1s de 60 pa\u00edses, incluido Canad\u00e1, as\u00ed como en 30 estados de EE. UU.<\/p>\n<p>La lectura explica que el primer ministro reconoci\u00f3 que este nuevo aumento de casos ser\u00eda particularmente dif\u00edcil para las familias y las comunidades dada la \u00e9poca del a\u00f1o.<\/p>\n<p>El ministro de Seguridad P\u00fablica, Marco Mendicino, dijo que el gobierno federal est\u00e1 siguiendo de cerca la variante.<\/p>\n<p>El l\u00edder de la Casa de Gobierno, Mark Holland, anunci\u00f3 que los liberales &#8220;reducir\u00e1n en gran medida&#8221; el n\u00famero de sus parlamentarios en la c\u00e1mara y tienen la intenci\u00f3n de celebrar reuniones de caucus totalmente virtuales por el momento.<\/p>\n<p>Un portavoz de los Nuevos Dem\u00f3cratas dijo que la reuni\u00f3n del caucus semanal del partido este mi\u00e9rcoles\u00a0 es virtual, sin embargo, los funcionarios tanto del Bloque Quebecois como de los Conservadores dicen que sus caucus se reunir\u00e1n en persona.<\/p>\n<p>Este martes se anunciaron nuevas medidas destinadas a frenar la propagaci\u00f3n de Omicron en Quebec, Ontario y la isla del Pr\u00edncipe Eduardo (P.E.I.).<\/p>\n<p>La directora de salud p\u00fablica de P.E.I., la Dra. Heather Morrison, dijo que a partir del viernes, las personas que lleguen a la isla deber\u00e1n aislarse hasta que reciban los resultados de una prueba COVID-19 negativa. Entrar\u00e1n en vigor nuevas restricciones a las reuniones privadas en interiores, lo que limitar\u00e1 el n\u00famero de personas a 20.<\/p>\n<p>Ontario est\u00e1 aumentando las pruebas de COVID-19 en los hogares de cuidados a largo plazo, as\u00ed como tambi\u00e9n est\u00e1 endureciendo las restricciones sobre las actividades de visitantes y residentes debido a preocupaciones sobre la variante Omicron.<\/p>\n<p>Quebec est\u00e1 pidiendo a los empleadores que favorezcan el trabajo desde casa, ya que el n\u00famero de casos de COVID-19 sigue siendo alto y las hospitalizaciones aumentan. La provincia tambi\u00e9n busca aumentar el ritmo de las inyecciones de refuerzo y hacer que las pruebas r\u00e1pidas de COVID-19 est\u00e9n disponibles para toda la poblaci\u00f3n.<\/p>\n<p>La premier de Manitoba, Heather Stefanson, dijo que la provincia est\u00e1 considerando hacer que las pruebas r\u00e1pidas de COVID-19 est\u00e9n ampliamente disponibles, quiz\u00e1s de forma gratuita.<\/p>\n<p>&nbsp;<\/p>\n<h4><strong><em>&#8211; La variante Omicron podr\u00eda hacer que las vacunas COVID-19 sean menos efectivas<\/em><\/strong><\/h4>\n<p>La evidencia preliminar indica que las vacunas COVID-19 pueden ser menos efectivas contra la infecci\u00f3n y la transmisi\u00f3n relacionada con la variante Omicron, que tambi\u00e9n conlleva un mayor riesgo de reinfecci\u00f3n, dijo el mi\u00e9rcoles la Organizaci\u00f3n Mundial de la Salud.<\/p>\n<p>La OMS, en su actualizaci\u00f3n epidemiol\u00f3gica semanal, dijo que se necesitaban m\u00e1s datos para comprender mejor hasta qu\u00e9 punto Omicron puede evadir la inmunidad derivada de las vacunas o de una infecci\u00f3n previa.<\/p>\n<p>&#8220;Como resultado de esto, el riesgo general relacionado con la nueva variante de preocupaci\u00f3n Omicron sigue siendo muy alto&#8221;, dijo, haci\u00e9ndose eco de los comentarios hechos por funcionarios de la OMS en una sesi\u00f3n informativa en l\u00ednea el martes.<\/p>\n<p>Por primera vez desde que la variante Delta dominante fue clasificada como una variante preocupante en abril, el porcentaje de secuencias Delta registradas en la base de datos cient\u00edfica global de GISAID ha disminuido esta semana en comparaci\u00f3n con otras variantes preocupantes, dijo.<\/p>\n<p>La OMS agreg\u00f3 que debe interpretarse con precauci\u00f3n ya que los pa\u00edses pueden realizar una secuenciaci\u00f3n dirigida para Omicron y, por lo tanto, cargar menos secuencias en todas las dem\u00e1s variantes, incluida Delta.<\/p>\n<p>Sin embargo, la variante Delta sigue siendo dominante y representa el 99,2 por ciento de las casi 880.000 secuencias cargadas en GISAID con muestras recolectadas en los \u00faltimos 60 d\u00edas.<\/p>\n<p>Pero la tendencia est\u00e1 disminuyendo en la proporci\u00f3n de Alfa, Beta y Gamma, y \u200b\u200bcon la aparici\u00f3n de la variante Omicron. Del total, alrededor de 3.755, o el 0,4 por ciento, eran Omicron y las otras tres variantes de inter\u00e9s juntas sumaban 401, menos del 0,1 por ciento cada una.<\/p>\n","protected":false},"excerpt":{"rendered":"<p>&#8211; El primer ministro Justin Trudeau ha consultado a los premiers sobre medidas fronterizas y de viaje adicionales que podr\u00edan ayudar a frenar la propagaci\u00f3n&hellip;<\/p>\n","protected":false},"author":99,"featured_media":500653,"comment_status":"open","ping_status":"open","sticky":false,"template":"","format":"standard","meta":{"footnotes":""},"categories":[21,11191],"tags":[],"class_list":["post-500652","post","type-post","status-publish","format-standard","has-post-thumbnail","hentry","category-canada","category-top-news"],"_links":{"self":[{"href":"https:\/\/diarioelpopular.com\/index.php\/wp-json\/wp\/v2\/posts\/500652","targetHints":{"allow":["GET"]}}],"collection":[{"href":"https:\/\/diarioelpopular.com\/index.php\/wp-json\/wp\/v2\/posts"}],"about":[{"href":"https:\/\/diarioelpopular.com\/index.php\/wp-json\/wp\/v2\/types\/post"}],"author":[{"embeddable":true,"href":"https:\/\/diarioelpopular.com\/index.php\/wp-json\/wp\/v2\/users\/99"}],"replies":[{"embeddable":true,"href":"https:\/\/diarioelpopular.com\/index.php\/wp-json\/wp\/v2\/comments?post=500652"}],"version-history":[{"count":1,"href":"https:\/\/diarioelpopular.com\/index.php\/wp-json\/wp\/v2\/posts\/500652\/revisions"}],"predecessor-version":[{"id":500654,"href":"https:\/\/diarioelpopular.com\/index.php\/wp-json\/wp\/v2\/posts\/500652\/revisions\/500654"}],"wp:featuredmedia":[{"embeddable":true,"href":"https:\/\/diarioelpopular.com\/index.php\/wp-json\/wp\/v2\/media\/500653"}],"wp:attachment":[{"href":"https:\/\/diarioelpopular.com\/index.php\/wp-json\/wp\/v2\/media?parent=500652"}],"wp:term":[{"taxonomy":"category","embeddable":true,"href":"https:\/\/diarioelpopular.com\/index.php\/wp-json\/wp\/v2\/categories?post=500652"},{"taxonomy":"post_tag","embeddable":true,"href":"https:\/\/diarioelpopular.com\/index.php\/wp-json\/wp\/v2\/tags?post=500652"}],"curies":[{"name":"wp","href":"https:\/\/api.w.org\/{rel}","templated":true}]}}