{"id":500675,"date":"2021-12-17T10:19:10","date_gmt":"2021-12-17T14:19:10","guid":{"rendered":"https:\/\/diarioelpopular.com\/?p=500675"},"modified":"2021-12-17T10:19:10","modified_gmt":"2021-12-17T14:19:10","slug":"arrestar-a-los-hijos-de-el-chapo-es-la-prioridad","status":"publish","type":"post","link":"https:\/\/diarioelpopular.com\/index.php\/2021\/12\/17\/arrestar-a-los-hijos-de-el-chapo-es-la-prioridad\/","title":{"rendered":"Arrestar a los hijos de &#8220;El Chapo&#8221; es la prioridad"},"content":{"rendered":"<div id=\"attachment_500676\" style=\"width: 646px\" class=\"wp-caption alignnone\"><img loading=\"lazy\" decoding=\"async\" aria-describedby=\"caption-attachment-500676\" class=\"size-custom-full-size wp-image-500676\" src=\"https:\/\/diarioelpopular.com\/wp-content\/uploads\/2021\/12\/1.17b13f48-636x424.jpg\" alt=\"\" width=\"636\" height=\"424\" srcset=\"https:\/\/diarioelpopular.com\/wp-content\/uploads\/2021\/12\/1.17b13f48-636x424.jpg 636w, https:\/\/diarioelpopular.com\/wp-content\/uploads\/2021\/12\/1.17b13f48-300x200.jpg 300w, https:\/\/diarioelpopular.com\/wp-content\/uploads\/2021\/12\/1.17b13f48-768x512.jpg 768w, https:\/\/diarioelpopular.com\/wp-content\/uploads\/2021\/12\/1.17b13f48-110x73.jpg 110w, https:\/\/diarioelpopular.com\/wp-content\/uploads\/2021\/12\/1.17b13f48.jpg 800w\" sizes=\"auto, (max-width: 636px) 100vw, 636px\" \/><p id=\"caption-attachment-500676\" class=\"wp-caption-text\"><em>El presidente mexicano, Andr\u00e9s L\u00f3pez Obrador. (foto: EPA)<\/em><\/p><\/div>\n<h4><em><strong>Mandatario lo se\u00f1ala luego que DEA ofreci\u00f3 millonaria recompensa<\/strong><\/em><\/h4>\n<p><em><strong>CIUDAD DE MEXICO, 17 DIC &#8211;<\/strong><\/em> El presidente de M\u00e9xico, Andr\u00e9s Manuel L\u00f3pez Obrador, se\u00f1al\u00f3 que el arresto de los hijos del c\u00e9lebre jefe mafioso Joaqu\u00edn &#8220;El Chapo&#8221; Guzm\u00e1n, que purga una sentencia de cadena perpetua en una prisi\u00f3n de Colorado, Estados Unidos, es &#8220;una prioridad&#8221; para su gobierno.<br \/>\nLa declaraci\u00f3n fue formulada luego de que la agencia antidrogas de Estados Unidos (DEA, siglas en ingl\u00e9s), ofreci\u00f3 5 millones de d\u00f3lares como recompensa por cualquier informaci\u00f3n que gu\u00ede a la captura de los hijos de &#8220;El Chapo&#8221;, que se evadi\u00f3 dos veces de prisiones de alta seguridad en M\u00e9xico.<br \/>\nL\u00f3pez Obrador se\u00f1al\u00f3 que los hijos del Chapo, quienes tomaron las riendas del imperio de su padre luego de su extradici\u00f3n a Estados Unidos, en enero de 2017, &#8220;afectan la seguridad y bienestar de la sociedad&#8221;.<br \/>\n&#8220;Si se encuentran en territorio nacional, a quien corresponde detenerlos es a la autoridad nuestra. No se permite que ninguna fuerza extranjera actu\u00e9 en esta materia ni en ninguna otra. Nosotros somos los que tenemos que hacer nuestro trabajo&#8221;, se\u00f1al\u00f3.<br \/>\n&#8220;No hay ninguna impunidad para nadie. No hay, como era antes, la asociaci\u00f3n delictiva entre la delincuencia organizada y las autoridades&#8221;, afirm\u00f3.<br \/>\nLas autoridades mexicanas fueron puestas en jaque el 17 de octubre de 2017, cuando despu\u00e9s de haber detenido a Ovidio Guzm\u00e1n, de 31 a\u00f1os, el Ej\u00e9rcito mexicano tuvo que dejarlo ir luego que sus hombres liberaron a reos de una prisi\u00f3n y amenazaron con lanzar atentados contra edificios de apartamentos habitados por militares.<br \/>\nEl episodio fue bautizado como &#8220;Culiacanazo&#8221; y le ha generado una tormenta de cr\u00edticas al gobierno al considerar que el C\u00e1rtel de Sinaloa puso en rid\u00edculo a las fuerzas de seguridad de M\u00e9xico.<br \/>\nL\u00f3pez Obrador se\u00f1al\u00f3 que no se detuvo a Ovidio &#8220;debido a que la vida de muchas personas estaba en riesgo y por ello decidi\u00f3 detener el operativo&#8221;.<br \/>\nSe produjo &#8220;una reacci\u00f3n muy fuerte del crimen organizado&#8221; y la amenaza de &#8220;atentados en unidades militares&#8221; con hombres armados atrincherados &#8220;con armas de alto calibre&#8221; podr\u00eda haber generado &#8220;enfrentamientos con muchos muertos y no quisimos que hubiera m\u00e1s p\u00e9rdidas de vida&#8221;.<br \/>\n&#8220;Hubo un c\u00e1lculo de que podr\u00edan perder la vida al menos 200 personas. Si hicimos bien o hicimos mal ya ser\u00e1 la historia&#8221; la que juzgue, pero &#8220;yo tom\u00e9 la decisi\u00f3n &#8220;, indic\u00f3.<br \/>\nRecientemente se difundi\u00f3 un documental de los periodistas Marcos Vizcarra y Luis Brito titulado &#8220;El d\u00eda que perdimos la ciudad&#8221;, al cumplirse dos a\u00f1os de este episodio.<br \/>\nProducido por la organizaci\u00f3n civil Iniciativa Sinaloa y con apoyo del Fondo Resiliencia, un programa de Iniciativa Global contra el Crimen Organizado Transnacional, el especialista Tom\u00e1s Guevara se\u00f1al\u00f3 en este filme que la acci\u00f3n de los hijos del Chapo &#8220;no fue algo improvisado&#8221; sino que fue &#8220;una estrategia planeada con tiempo&#8221;.<br \/>\n&#8220;Se not\u00f3 que tra\u00edan un itinerario (.) Ellos sab\u00edan qu\u00e9 hacer y lo hicieron&#8221;, se\u00f1al\u00f3 Guevara, sobre este escandaloso hecho, en el que hubo varios civiles heridos de bala.<br \/>\nLa DEA se\u00f1al\u00f3 que los hijos del Chapo por los que pagar\u00e1 esta jugosa recompensa (5 millones de d\u00f3lares por cada uno) son, adem\u00e1s de Ovidio, Joaqu\u00edn (36 a\u00f1os), Iv\u00e1n Archivaldo (41) y Jes\u00fas Alfredo (33), acusados de tr\u00e1fico de coca\u00edna, metanfetaminas y marihuana de M\u00e9xico a otros pa\u00edses, y a Estados Unidos entre 2008 y 2018.<br \/>\nEl Departamento de Estado se\u00f1al\u00f3 en un comunicado difundido desde Washington que los cuatro hijos de dos matrimonios distintos de El Chapo Guzm\u00e1n (64 a\u00f1os), son &#8220;miembros de alto rango del Cartel de Sinaloa y cada uno est\u00e1 sujeto a una acusaci\u00f3n federal por su participaci\u00f3n en el tr\u00e1fico il\u00edcito de drogas&#8221;.<br \/>\nAdicionalmente, el Departamento del Tesoro anunci\u00f3 sanciones contra las bandas de tr\u00e1fico de drogas conocidas como Los Rojos y Guerreros Unidos, lo cual incluye congelar los bienes bajo jurisdicci\u00f3n estadounidense y prohibir transacciones con \u00e9stas.<br \/>\nIv\u00e1n Archivaldo y Jes\u00fas, dos de los hijos del Chapo sobre los cuales ahora se ofrece esta cuantiosa compensaci\u00f3n, fueron secuestrados la noche del 14 de agosto de 2016, por unas 20 hombres armados en el restaurante &#8220;La Leche&#8221; en el centro veraniego de Puerto Vallarta, costas del Pac\u00edfico.<br \/>\nEl plagio de ambos j\u00f3venes, que d\u00edas despu\u00e9s fueron liberados mediante un cuantioso rescate cuyo monto hasta ahora se desconoce, fue atribuido a Nemesio Oceguera, jefe del C\u00e1rtel Jalisco Nueva Generaci\u00f3n, actualmente la organizaci\u00f3n que lidera el crimen organizado en M\u00e9xico.<\/p>\n","protected":false},"excerpt":{"rendered":"<p>Mandatario lo se\u00f1ala luego que DEA ofreci\u00f3 millonaria recompensa CIUDAD DE MEXICO, 17 DIC &#8211; El presidente de M\u00e9xico, Andr\u00e9s Manuel L\u00f3pez Obrador, se\u00f1al\u00f3 que&hellip;<\/p>\n","protected":false},"author":99,"featured_media":500676,"comment_status":"open","ping_status":"open","sticky":false,"template":"","format":"standard","meta":{"footnotes":""},"categories":[23],"tags":[],"class_list":["post-500675","post","type-post","status-publish","format-standard","has-post-thumbnail","hentry","category-latinoamerica"],"_links":{"self":[{"href":"https:\/\/diarioelpopular.com\/index.php\/wp-json\/wp\/v2\/posts\/500675","targetHints":{"allow":["GET"]}}],"collection":[{"href":"https:\/\/diarioelpopular.com\/index.php\/wp-json\/wp\/v2\/posts"}],"about":[{"href":"https:\/\/diarioelpopular.com\/index.php\/wp-json\/wp\/v2\/types\/post"}],"author":[{"embeddable":true,"href":"https:\/\/diarioelpopular.com\/index.php\/wp-json\/wp\/v2\/users\/99"}],"replies":[{"embeddable":true,"href":"https:\/\/diarioelpopular.com\/index.php\/wp-json\/wp\/v2\/comments?post=500675"}],"version-history":[{"count":1,"href":"https:\/\/diarioelpopular.com\/index.php\/wp-json\/wp\/v2\/posts\/500675\/revisions"}],"predecessor-version":[{"id":500677,"href":"https:\/\/diarioelpopular.com\/index.php\/wp-json\/wp\/v2\/posts\/500675\/revisions\/500677"}],"wp:featuredmedia":[{"embeddable":true,"href":"https:\/\/diarioelpopular.com\/index.php\/wp-json\/wp\/v2\/media\/500676"}],"wp:attachment":[{"href":"https:\/\/diarioelpopular.com\/index.php\/wp-json\/wp\/v2\/media?parent=500675"}],"wp:term":[{"taxonomy":"category","embeddable":true,"href":"https:\/\/diarioelpopular.com\/index.php\/wp-json\/wp\/v2\/categories?post=500675"},{"taxonomy":"post_tag","embeddable":true,"href":"https:\/\/diarioelpopular.com\/index.php\/wp-json\/wp\/v2\/tags?post=500675"}],"curies":[{"name":"wp","href":"https:\/\/api.w.org\/{rel}","templated":true}]}}