{"id":500678,"date":"2021-12-17T10:24:03","date_gmt":"2021-12-17T14:24:03","guid":{"rendered":"https:\/\/diarioelpopular.com\/?p=500678"},"modified":"2021-12-17T10:24:03","modified_gmt":"2021-12-17T14:24:03","slug":"chile-polarizacion-plena","status":"publish","type":"post","link":"https:\/\/diarioelpopular.com\/index.php\/2021\/12\/17\/chile-polarizacion-plena\/","title":{"rendered":"Chile: Polarizaci\u00f3n plena"},"content":{"rendered":"<div id=\"attachment_500679\" style=\"width: 646px\" class=\"wp-caption alignnone\"><img loading=\"lazy\" decoding=\"async\" aria-describedby=\"caption-attachment-500679\" class=\"size-custom-full-size wp-image-500679\" src=\"https:\/\/diarioelpopular.com\/wp-content\/uploads\/2021\/12\/1.106c5a-636x424.jpg\" alt=\"\" width=\"636\" height=\"424\" srcset=\"https:\/\/diarioelpopular.com\/wp-content\/uploads\/2021\/12\/1.106c5a-636x424.jpg 636w, https:\/\/diarioelpopular.com\/wp-content\/uploads\/2021\/12\/1.106c5a-300x200.jpg 300w, https:\/\/diarioelpopular.com\/wp-content\/uploads\/2021\/12\/1.106c5a-768x512.jpg 768w, https:\/\/diarioelpopular.com\/wp-content\/uploads\/2021\/12\/1.106c5a-110x73.jpg 110w, https:\/\/diarioelpopular.com\/wp-content\/uploads\/2021\/12\/1.106c5a.jpg 800w\" sizes=\"auto, (max-width: 636px) 100vw, 636px\" \/><p id=\"caption-attachment-500679\" class=\"wp-caption-text\"><em>Cierre de campa\u00f1a del candidato Gabriel Boric (Izquierda)<\/em><\/p><\/div>\n<h4><em><strong>&#8211; Muerte de viuda de Pinochet polariz\u00f3 a\u00fan m\u00e1s balotaje<\/strong><\/em><\/h4>\n<p><em><strong>SANTIAGO DE CHILE, 17 DIC &#8211;<\/strong> <\/em>Con actos masivos en la capital, los dos candidatos presidenciales de Chile, Jos\u00e9 Antonio Kast, de ultraderecha, y Gariel Boric, de izquierda, cerraron sus campa\u00f1as ad portas al balotaje del 19 de diciembre.<br \/>\nSi ya el resultado de la primera vuelta del 21 de noviembre mostr\u00f3 el triunfo de los representantes m\u00e1s extremos del arco pol\u00edtico, la muerte de Luc\u00eda Hiriart, cerca de las 19 GMT, polariz\u00f3 a\u00fan m\u00e1s el escenario final reviviendo la campa\u00f1a del Plebiscito del S\u00ed y del No, que en 1988 impidi\u00f3 la continuidad de Augusto Pinochet en el poder.<br \/>\nEn el parque Almagro, en pleno centro de Santiago, los adherentes a Boric gritaban &#8220;y ya muri\u00f3, y ya muri\u00f3&#8221; con sentimientos encontrados por celebrar la muerte de la mujer considerada &#8220;el poder en las sombras&#8221; y la mujer de hierro de la dictadura.<br \/>\nAunque desde 1990, la derecha ha intentado desligarse de la figura del general -fallecido el 10 de marzo de 2006 encausado por violaciones a los derechos humanos y enriquecimiento il\u00edcito- el nuevo l\u00edder de la derecha ha reivindicado la paz y el orden, un estado peque\u00f1o defendidos por Pinochet y el feroz combate al comunismo.<br \/>\nPero en el camino por conquistar los votos de la centroderecha, Kast tuvo que moderar su lenguaje y hoy demor\u00f3 su discurso de cierre, quiz\u00e1s para cuidar las palabras en su obligada referencia a la muerte de la viuda del dictador.<br \/>\nEn cambio, Boric record\u00f3 que la pol\u00e9mica mujer fallecida seis d\u00edas despu\u00e9s de su cumplea\u00f1os n\u00famero 99 lo hace &#8220;en la impunidad pese al profundo dolor y divisi\u00f3n que caus\u00f3 a nuestro pa\u00eds&#8221;.<br \/>\nEl diputado por Magallanes empatiz\u00f3 y entreg\u00f3 &#8220;sus respetos a las v\u00edctimas de la dictadura de la que ella fue parte y s\u00edmbolo&#8221;.<br \/>\nEn Plaza Dignidad -exPlaza Italia- la gente concurri\u00f3 a manifestarse y algunos con l\u00e1grimas expresaban que &#8220;marcaba el fin de una pareja que hizo tanto da\u00f1o a Chile&#8221; como tambi\u00e9n &#8220;el cambio de \u00e9poca&#8221; y las esperanzas de uno nuevo que comenzar\u00eda el domingo.<br \/>\nEn su discurso de cierre, Boric remarc\u00f3 ante la multitud -mayoritariamente j\u00f3venes entusiastas- que &#8220;s\u00e9panlo, vamos a defender el proceso constituyente&#8221; que redacta una nueva Constituci\u00f3n.<br \/>\nAs\u00ed tambi\u00e9n se\u00f1al\u00f3 que &#8220;en nuestro Gobierno no admitiremos que se recorten derechos y que se traten a los pueblos originarios como enemigos&#8221; Enfatiz\u00f3 que &#8220;a todos quienes padecen alg\u00fan padecimiento de salud mental, quiero decirles que nunca m\u00e1s van a estar solos&#8221; Con fuerza expres\u00f3 que &#8220;estamos en el 2021, compatriotas, y no vamos a permitir, junto al movimiento feminista, que ha cambiado los lentes con que miramos este pa\u00eds, que se utilicen as\u00ed a las mujeres en campa\u00f1a&#8221;.<br \/>\nEn el parque Araucano, sector oriente de la ciudad, los adherentes aguardaban a Kast que iba a dirigirse a las 00.15 GMT.<br \/>\nPreviamente, en relaci\u00f3n a la muerte de la viuda de Pinochet, cont\u00f3 que &#8220;ven\u00eda en el auto diciendo &#8216;qu\u00e9 incre\u00edble que justo este d\u00eda, en que est\u00e1n los actos de cierre de campa\u00f1a, se produzca la defunci\u00f3n de la se\u00f1ora Luc\u00eda Hiriart&#8221;.<br \/>\nSostuvo que &#8220;m\u00e1s que darle las condolencias a la familia y siempre lamentar la muerte de alguien, no quiero hacer un hecho pol\u00edtico de esto, lo dejo como un hecho humano. Veo a gente celebrando y no es lo que uno esperar\u00eda. Siempre la muerte de alguien para la familia es dolorosa, m\u00e1s all\u00e1 del rol hist\u00f3rico que haya tenido la persona&#8221;.<br \/>\nPor primera vez afirm\u00f3 que &#8220;hemos hecho tantas ponderaciones hist\u00f3ricas, an\u00e1lisis de lo que fue el gobierno militar o dictadura o r\u00e9gimen autoritario y \u00bfeso va a reparar el quiebre institucional, el dolor de las personas que sufrieron tanto en el gobierno de Salvador Allende como en el de Augusto Pinochet? No lo va a reparar&#8221;.<br \/>\nYa en el acto en el parque Araucano se comprometi\u00f3 ante sus adherentes a que &#8220;Chile no ser\u00e1 jam\u00e1s un pa\u00eds marxista ni comunista, porque Chile quiere la libertad&#8221;.<\/p>\n","protected":false},"excerpt":{"rendered":"<p>&#8211; Muerte de viuda de Pinochet polariz\u00f3 a\u00fan m\u00e1s balotaje SANTIAGO DE CHILE, 17 DIC &#8211; Con actos masivos en la capital, los dos candidatos&hellip;<\/p>\n","protected":false},"author":99,"featured_media":500679,"comment_status":"open","ping_status":"open","sticky":false,"template":"","format":"standard","meta":{"footnotes":""},"categories":[23],"tags":[],"class_list":["post-500678","post","type-post","status-publish","format-standard","has-post-thumbnail","hentry","category-latinoamerica"],"_links":{"self":[{"href":"https:\/\/diarioelpopular.com\/index.php\/wp-json\/wp\/v2\/posts\/500678","targetHints":{"allow":["GET"]}}],"collection":[{"href":"https:\/\/diarioelpopular.com\/index.php\/wp-json\/wp\/v2\/posts"}],"about":[{"href":"https:\/\/diarioelpopular.com\/index.php\/wp-json\/wp\/v2\/types\/post"}],"author":[{"embeddable":true,"href":"https:\/\/diarioelpopular.com\/index.php\/wp-json\/wp\/v2\/users\/99"}],"replies":[{"embeddable":true,"href":"https:\/\/diarioelpopular.com\/index.php\/wp-json\/wp\/v2\/comments?post=500678"}],"version-history":[{"count":1,"href":"https:\/\/diarioelpopular.com\/index.php\/wp-json\/wp\/v2\/posts\/500678\/revisions"}],"predecessor-version":[{"id":500680,"href":"https:\/\/diarioelpopular.com\/index.php\/wp-json\/wp\/v2\/posts\/500678\/revisions\/500680"}],"wp:featuredmedia":[{"embeddable":true,"href":"https:\/\/diarioelpopular.com\/index.php\/wp-json\/wp\/v2\/media\/500679"}],"wp:attachment":[{"href":"https:\/\/diarioelpopular.com\/index.php\/wp-json\/wp\/v2\/media?parent=500678"}],"wp:term":[{"taxonomy":"category","embeddable":true,"href":"https:\/\/diarioelpopular.com\/index.php\/wp-json\/wp\/v2\/categories?post=500678"},{"taxonomy":"post_tag","embeddable":true,"href":"https:\/\/diarioelpopular.com\/index.php\/wp-json\/wp\/v2\/tags?post=500678"}],"curies":[{"name":"wp","href":"https:\/\/api.w.org\/{rel}","templated":true}]}}