{"id":500692,"date":"2021-12-18T13:03:04","date_gmt":"2021-12-18T17:03:04","guid":{"rendered":"https:\/\/diarioelpopular.com\/?p=500692"},"modified":"2021-12-18T13:03:04","modified_gmt":"2021-12-18T17:03:04","slug":"colapsa-el-concurso-miss-mundo","status":"publish","type":"post","link":"https:\/\/diarioelpopular.com\/index.php\/2021\/12\/18\/colapsa-el-concurso-miss-mundo\/","title":{"rendered":"Colapsa el concurso Miss Mundo"},"content":{"rendered":"<div id=\"attachment_500693\" style=\"width: 646px\" class=\"wp-caption alignnone\"><img loading=\"lazy\" decoding=\"async\" aria-describedby=\"caption-attachment-500693\" class=\"size-custom-full-size wp-image-500693\" src=\"https:\/\/diarioelpopular.com\/wp-content\/uploads\/2021\/12\/1.260a5f-636x425.jpg\" alt=\"\" width=\"636\" height=\"425\" srcset=\"https:\/\/diarioelpopular.com\/wp-content\/uploads\/2021\/12\/1.260a5f-636x425.jpg 636w, https:\/\/diarioelpopular.com\/wp-content\/uploads\/2021\/12\/1.260a5f-300x200.jpg 300w, https:\/\/diarioelpopular.com\/wp-content\/uploads\/2021\/12\/1.260a5f-768x513.jpg 768w, https:\/\/diarioelpopular.com\/wp-content\/uploads\/2021\/12\/1.260a5f-109x73.jpg 109w, https:\/\/diarioelpopular.com\/wp-content\/uploads\/2021\/12\/1.260a5f.jpg 800w\" sizes=\"auto, (max-width: 636px) 100vw, 636px\" \/><p id=\"caption-attachment-500693\" class=\"wp-caption-text\"><em>Concurso Miss Mundo en Puerto Rico: 23 de las 97 participantes con Covid-19 (foto: ANSA)<\/em><\/p><\/div>\n<h4><em><strong>&#8211; Organizada en Puerto Rico, se aplaz\u00f3 por 90 d\u00edas<\/strong><\/em><\/h4>\n<div class=\"row bk-sep\">\n<div class=\"mm-photo-img\"><em><strong>SAN JUAN DE PUERTO RICO, 18 DIC &#8211;<\/strong> <\/em>La final de Miss Mundo 2021, que estaba programada para la noche del jueves en Puerto Rico, termin\u00f3 postergada luego de que 23 de las 97 concursantes dieran positivo por Covid-19.<br \/>\nAdem\u00e1s de esos casos entre las participantes, se suman 10 infectados en el personal t\u00e9cnico.<br \/>\nEn un comunicado emitido unas horas antes de que comenzara la competencia, los organizadores dijeron que estaban reprogramando la final &#8220;en inter\u00e9s de la salud y seguridad de los competidores, el personal y el p\u00fablico en general&#8221;.<br \/>\n&#8220;Desde ayer, se implementaron medidas de seguridad adicionales en el mejor inter\u00e9s de los concursantes (&#8230;) despu\u00e9s de que se confirmaran nuevos casos positivos, tras consultar con funcionarios de salud y expertos, se tom\u00f3 la decisi\u00f3n de aplazamiento&#8221;, acot\u00f3 el mensaje.<br \/>\n&#8220;El siguiente paso, seg\u00fan los expertos m\u00e9dicos, es la cuarentena inmediata, pendiente de observaci\u00f3n y pruebas adicionales&#8221;, complet\u00f3.<br \/>\nAyer, en una conferencia de prensa del Departamento de Salud de Puerto Rico, la epidemi\u00f3loga Melissa Marz\u00e1n dijo que hab\u00eda 38 casos positivos asociados con Miss Mundo: 15 miembros del personal y 23 concursantes.<br \/>\nLuego confirm\u00f3 que los organizadores de la competencia, no las autoridades de la isla, resolvieron posponer la final que se celebrar\u00e1 dentro de los pr\u00f3ximos 90 d\u00edas.<br \/>\nSi bien el concurso comenz\u00f3 oficialmente el 21 de noviembre y desarroll\u00f3 una serie de eventos desde entonces, la noche de coronaci\u00f3n estaba prevista para este jueves 16 de diciembre a las 7:00 p.m., hora local.<br \/>\nLas candidatas participaron hasta ahora en una serie de eventos, seg\u00fan cuenta la organizaci\u00f3n, con el escenario perfecto de Puerto Rico y sus vistas del Caribe, con sus playas y selva tropical.<br \/>\nSeg\u00fan el programa, Don Omar iba a ser el artista principal de la celebraci\u00f3n. Tambi\u00e9n estaban contratados V\u00edctor Manuelle, Pedro Cap\u00f3, la Orquesta Sinf\u00f3nica de Puerto Rico dirigida por Angel V\u00e9lez y el d\u00fao Gente de Zona.<br \/>\nLas actividades oficiales del Miss Mundo 2021 arrancaron en San Juan el 23 de noviembre e incluyeron citas de m\u00fasica, eventos deportivos, clases de baile y encuentros grupales, a medida que avanzan las instancias de selecci\u00f3n.<br \/>\nLa coronada reemplazar\u00e1 Toni-Ann Singh, de Jamaica, quien gan\u00f3 el certamen en el a\u00f1o 2019.<br \/>\nEs el segundo a\u00f1o consecutivo que Miss Mundo, que se celebra desde 1954, se pospone.<br \/>\nEl a\u00f1o pasado, la emergente crisis sanitaria impidi\u00f3 que se realizara y puso en pausa el sue\u00f1o de las concursantes por coronarse.<br \/>\nHace tres d\u00edas, Puerto Rico registr\u00f3 su primer caso de la variante Omicron del coronavirus, seg\u00fan datos del Departamento de Salud (DS).<br \/>\n&#8220;Como bien se ha explicado, el caso confirmado responde a una persona que recientemente viaj\u00f3 del estado de la Florida. La persona no ha requerido hospitalizaci\u00f3n y los s\u00edntomas que refleja son leves a moderados&#8221;, dijo la portavoz del DS, Lisdi\u00e1n Acevedo.<\/div>\n<\/div>\n","protected":false},"excerpt":{"rendered":"<p>&#8211; Organizada en Puerto Rico, se aplaz\u00f3 por 90 d\u00edas SAN JUAN DE PUERTO RICO, 18 DIC &#8211; La final de Miss Mundo 2021, que&hellip;<\/p>\n","protected":false},"author":99,"featured_media":500693,"comment_status":"open","ping_status":"open","sticky":false,"template":"","format":"standard","meta":{"footnotes":""},"categories":[23,11354],"tags":[],"class_list":["post-500692","post","type-post","status-publish","format-standard","has-post-thumbnail","hentry","category-latinoamerica","category-sucesos"],"_links":{"self":[{"href":"https:\/\/diarioelpopular.com\/index.php\/wp-json\/wp\/v2\/posts\/500692","targetHints":{"allow":["GET"]}}],"collection":[{"href":"https:\/\/diarioelpopular.com\/index.php\/wp-json\/wp\/v2\/posts"}],"about":[{"href":"https:\/\/diarioelpopular.com\/index.php\/wp-json\/wp\/v2\/types\/post"}],"author":[{"embeddable":true,"href":"https:\/\/diarioelpopular.com\/index.php\/wp-json\/wp\/v2\/users\/99"}],"replies":[{"embeddable":true,"href":"https:\/\/diarioelpopular.com\/index.php\/wp-json\/wp\/v2\/comments?post=500692"}],"version-history":[{"count":1,"href":"https:\/\/diarioelpopular.com\/index.php\/wp-json\/wp\/v2\/posts\/500692\/revisions"}],"predecessor-version":[{"id":500694,"href":"https:\/\/diarioelpopular.com\/index.php\/wp-json\/wp\/v2\/posts\/500692\/revisions\/500694"}],"wp:featuredmedia":[{"embeddable":true,"href":"https:\/\/diarioelpopular.com\/index.php\/wp-json\/wp\/v2\/media\/500693"}],"wp:attachment":[{"href":"https:\/\/diarioelpopular.com\/index.php\/wp-json\/wp\/v2\/media?parent=500692"}],"wp:term":[{"taxonomy":"category","embeddable":true,"href":"https:\/\/diarioelpopular.com\/index.php\/wp-json\/wp\/v2\/categories?post=500692"},{"taxonomy":"post_tag","embeddable":true,"href":"https:\/\/diarioelpopular.com\/index.php\/wp-json\/wp\/v2\/tags?post=500692"}],"curies":[{"name":"wp","href":"https:\/\/api.w.org\/{rel}","templated":true}]}}