{"id":500695,"date":"2021-12-18T13:09:16","date_gmt":"2021-12-18T17:09:16","guid":{"rendered":"https:\/\/diarioelpopular.com\/?p=500695"},"modified":"2021-12-18T13:09:16","modified_gmt":"2021-12-18T17:09:16","slug":"abogado-derechista-busca-ser-presidente-de-chile","status":"publish","type":"post","link":"https:\/\/diarioelpopular.com\/index.php\/2021\/12\/18\/abogado-derechista-busca-ser-presidente-de-chile\/","title":{"rendered":"Abogado derechista busca ser presidente de Chile"},"content":{"rendered":"<p><img loading=\"lazy\" decoding=\"async\" class=\"alignnone size-custom-full-size wp-image-500696\" src=\"https:\/\/diarioelpopular.com\/wp-content\/uploads\/2021\/12\/1.25098-636x358.jpg\" alt=\"\" width=\"636\" height=\"358\" srcset=\"https:\/\/diarioelpopular.com\/wp-content\/uploads\/2021\/12\/1.25098-636x358.jpg 636w, https:\/\/diarioelpopular.com\/wp-content\/uploads\/2021\/12\/1.25098-300x169.jpg 300w, https:\/\/diarioelpopular.com\/wp-content\/uploads\/2021\/12\/1.25098-768x432.jpg 768w, https:\/\/diarioelpopular.com\/wp-content\/uploads\/2021\/12\/1.25098-130x73.jpg 130w, https:\/\/diarioelpopular.com\/wp-content\/uploads\/2021\/12\/1.25098.jpg 800w\" sizes=\"auto, (max-width: 636px) 100vw, 636px\" \/><\/p>\n<h4><em><strong>&#8211; \u201cNo soy extremo\u201d, afirm\u00f3 recientemente y con vehemencia el derechista Jos\u00e9 Antonio Kast. De cara a la segunda vuelta presidencial del domingo \u2014en la que enfrentar\u00e1 a su rival de izquierda Gabriel Boric, en su segundo intento por alcanzar el poder en Chile.<\/strong><\/em><\/h4>\n<p>&nbsp;<\/p>\n<p>Kast busca convencer de que es un candidato m\u00e1s que todo con \u201csentido com\u00fan\u201d y elimin\u00f3 varias de sus propuestas m\u00e1s controvertidas, al tiempo en que suaviz\u00f3 otras con miras a captar el voto de centro. Retrocedi\u00f3, por ejemplo, en su iniciativa de derogar la ley de aborto en tres causales y de fusionar con otro el Ministerio de la Mujer, luego del fuerte rechazo que despertaron en un pa\u00eds en el que las mujeres representan el 51% del padr\u00f3n electoral y un poderoso movimiento feminista logr\u00f3 que la Convenci\u00f3n Constitucional que escribe una nueva Carta Magna tuviera igual n\u00famero de hombres y mujeres. \u201cYo no me siento de ultraderecha\u201d, sostiene el candidato y abogado conservador, que gan\u00f3 la primera vuelta electoral del 21 de noviembre con el 27,9% de los sufragios, seguido con dos puntos menos por Boric. En Chile se proh\u00edbe difundir encuestas electorales 15 d\u00edas antes de la elecci\u00f3n y sondeos previos a la veda mostraban como favorito a Boric por m\u00e1s o menos cinco puntos, en un pa\u00eds donde la abstenci\u00f3n bordea el 50%.<\/p>\n<p>Kast, un cat\u00f3lico de 55 a\u00f1os de edad, casado y con nueve hijos, ha tenido asimismo que desmentir varias veces que su padre, un soldado alem\u00e1n que luch\u00f3 durante la segunda guerra mundial, fue nazi. \u201cFue enrolado obligatoriamente a los 17, 18 a\u00f1os\u201d, no pudo \u201cdecir que no\u201d, asegura. Sus padres llegaron a Chile en la d\u00e9cada de los cincuenta y se instalaron con una granja de pollos en las afueras de Santiago, para luego crear una pr\u00f3spera f\u00e1brica de cecinas.<\/p>\n<p>El programa de Kast, que destaca con fuerza los temas de seguridad, orden, la paz y la familia, no contiene pol\u00edticas expl\u00edcitas de g\u00e9nero o relacionadas con la comunidad LGBTIQ+, y en la \u00faltima emisi\u00f3n de una franja televisiva -el jueves- sorprendi\u00f3 con la presentaci\u00f3n de una pareja de peluqueros homosexuales que contaron lo dif\u00edcil que fue prosperar con su negocio. Durante el cierre de su campa\u00f1a y entre una multitud de coloridas banderas se vieron por primera vez algunas que representan a la diversidad sexual. \u201cRespecto a la diversidad sexual, yo soy una persona respetuosa. Siempre he respetado la dignidad de las personas, por lo tanto, ning\u00fan tipo de discriminaci\u00f3n es aceptable\u201d, afirm\u00f3. \u201cOtra cosa es que yo no comparta la ley de matrimonio civil y la adopci\u00f3n por parejas homosexuales\u201d. Respecto al aborto, dice: \u201cYo por convicci\u00f3n defiendo la vida\u201d. Josefina, su hija mayor, dijo en una de las emisiones de la franja que, \u201cla imagen de hombre opresor no es tal, de hombre machista no es tal. Es el primero en levantarse a recoger los platos, a preocuparse de lo que le falta a los dem\u00e1s\u201d. Agreg\u00f3 que los calificativos de mis\u00f3gino, machista, opresor, \u201cno pueden estar m\u00e1s alejados de la persona que yo conozco\u201d. Durante la primera vuelta hab\u00eda dicho que \u201clos programas no son inmodificables, no est\u00e1n escritos en piedra\u201d y que, \u201csi hay una frase que qued\u00f3 mal redactada la podemos cambiar, pero veamos el conjunto\u201d.<\/p>\n<p>Abierto partidario del r\u00e9gimen militar (1973-1990), Kast dice que Augusto Pinochet \u2014fallecido el 10 de diciembre del 2006\u2014 no fue un dictador porque aplic\u00f3 el cronograma constitucional que inclu\u00eda el plebiscito que deriv\u00f3 en las elecciones que permitieron el retorno de la democracia. Respecto a militares condenados por violaciones a los derechos humanos durante la dictadura, la mayor\u00eda ancianos, declar\u00f3 que \u201clo que no puede haber aqu\u00ed es venganza y no hay justicia cuando a una persona que est\u00e1 interdicta porque no tiene sus facultades mentales, la siguen manteniendo presa\u201d. Plantea que, en un eventual gobierno suyo, \u201cindultos humanitarios podr\u00e1 haber y est\u00e1 establecido en la ley\u201d. Tambi\u00e9n ha mantenido una de sus controversiales ideas, la de cavar una zanja en la frontera para impedir la llegada de inmigrantes. \u201cLa zanja es para un control fronterizo\u201d, explica, y dice que los inmigrantes indocumentados van a ser invitados a salir o \u201cen alg\u00fan momento les vamos a poner transporte\u201d, para que retornen a su pa\u00eds de origen. Kast fue electo cuatro veces consecutivas diputado del conservador partido Uni\u00f3n Dem\u00f3crata Independiente (UDI), que abandon\u00f3 en 2016 para postularse un a\u00f1o despu\u00e9s como independiente a la presidencia, obteniendo un 8% de los votos. En 2019 fund\u00f3 el conservador Partido Republicano, que unido al Partido Conservador Cristiano formaron el Frente Social Cristiano, al que representa en los comicios de este a\u00f1o. A comienzos de 2020 se declar\u00f3 opositor al gobierno del centroderechista presidente Sebasti\u00e1n Pi\u00f1era porque firm\u00f3 un acuerdo pol\u00edtico transversal que permiti\u00f3 llamar a un plebiscito que deriv\u00f3 en la instalaci\u00f3n en 2021 de una Convenci\u00f3n Constitucional que redacta la carta fundamental para reemplazar a la impuesta por la dictadura, lo que suceder\u00e1 si es aprobada en un plebiscito en 2022.<\/p>\n<p>Su malestar creci\u00f3 en junio cuando el mandatario reflot\u00f3 un proyecto sobre matrimonio igualitario, que fue aprobado y promulgado a comienzos de diciembre. El candidato ha reiterado que respetar\u00e1 las leyes aprobadas por el Congreso. Kast es un adicto al agua mineral y a las redes sociales. Suele escuchar y sonre\u00edr mientras le formulan preguntas a menudo. \u201cSoy optimista y me gusta lo que hago\u201d, cuenta. P\u00fablicamente no se altera nunca, porque \u201cno hay preguntas dif\u00edciles, hay que contestar con transparencia&#8230; yo vibro con la pol\u00edtica, con la cosa p\u00fablica\u201d, se\u00f1ala. Durante un reciente programa de televisi\u00f3n, en el que estuvieron su esposa, Mar\u00eda P\u00eda Adriasola, y ocho de sus nueve hijos, el matrimonio cont\u00f3 su historia de amor y su hija Josefina cont\u00f3 la an\u00e9cdota que debido a que su mam\u00e1 ten\u00eda el sue\u00f1o liviano, era su pap\u00e1 el que se levantaba de madrugada a cambiar pa\u00f1ales, lo que hizo con todos sus descendientes. Su familia lo sorprendi\u00f3 cant\u00e1ndole una canci\u00f3n mientras Adriasola tocaba una guitarra.<\/p>\n<p>&nbsp;<\/p>\n","protected":false},"excerpt":{"rendered":"<p>&#8211; \u201cNo soy extremo\u201d, afirm\u00f3 recientemente y con vehemencia el derechista Jos\u00e9 Antonio Kast. De cara a la segunda vuelta presidencial del domingo \u2014en la&hellip;<\/p>\n","protected":false},"author":99,"featured_media":500696,"comment_status":"open","ping_status":"open","sticky":false,"template":"","format":"standard","meta":{"footnotes":""},"categories":[23],"tags":[],"class_list":["post-500695","post","type-post","status-publish","format-standard","has-post-thumbnail","hentry","category-latinoamerica"],"_links":{"self":[{"href":"https:\/\/diarioelpopular.com\/index.php\/wp-json\/wp\/v2\/posts\/500695","targetHints":{"allow":["GET"]}}],"collection":[{"href":"https:\/\/diarioelpopular.com\/index.php\/wp-json\/wp\/v2\/posts"}],"about":[{"href":"https:\/\/diarioelpopular.com\/index.php\/wp-json\/wp\/v2\/types\/post"}],"author":[{"embeddable":true,"href":"https:\/\/diarioelpopular.com\/index.php\/wp-json\/wp\/v2\/users\/99"}],"replies":[{"embeddable":true,"href":"https:\/\/diarioelpopular.com\/index.php\/wp-json\/wp\/v2\/comments?post=500695"}],"version-history":[{"count":1,"href":"https:\/\/diarioelpopular.com\/index.php\/wp-json\/wp\/v2\/posts\/500695\/revisions"}],"predecessor-version":[{"id":500697,"href":"https:\/\/diarioelpopular.com\/index.php\/wp-json\/wp\/v2\/posts\/500695\/revisions\/500697"}],"wp:featuredmedia":[{"embeddable":true,"href":"https:\/\/diarioelpopular.com\/index.php\/wp-json\/wp\/v2\/media\/500696"}],"wp:attachment":[{"href":"https:\/\/diarioelpopular.com\/index.php\/wp-json\/wp\/v2\/media?parent=500695"}],"wp:term":[{"taxonomy":"category","embeddable":true,"href":"https:\/\/diarioelpopular.com\/index.php\/wp-json\/wp\/v2\/categories?post=500695"},{"taxonomy":"post_tag","embeddable":true,"href":"https:\/\/diarioelpopular.com\/index.php\/wp-json\/wp\/v2\/tags?post=500695"}],"curies":[{"name":"wp","href":"https:\/\/api.w.org\/{rel}","templated":true}]}}