{"id":500702,"date":"2021-12-20T10:17:17","date_gmt":"2021-12-20T14:17:17","guid":{"rendered":"https:\/\/diarioelpopular.com\/?p=500702"},"modified":"2021-12-20T10:17:17","modified_gmt":"2021-12-20T14:17:17","slug":"adultos-de-ontario-mayores-de-18-anos-elegibles-para-refuerzos-covid-19","status":"publish","type":"post","link":"https:\/\/diarioelpopular.com\/index.php\/2021\/12\/20\/adultos-de-ontario-mayores-de-18-anos-elegibles-para-refuerzos-covid-19\/","title":{"rendered":"Adultos de Ontario mayores de 18 a\u00f1os elegibles para refuerzos COVID-19"},"content":{"rendered":"<p><img loading=\"lazy\" decoding=\"async\" class=\"alignnone size-custom-full-size wp-image-500703\" src=\"https:\/\/diarioelpopular.com\/wp-content\/uploads\/2021\/12\/1.474-636x357.jpg\" alt=\"\" width=\"636\" height=\"357\" srcset=\"https:\/\/diarioelpopular.com\/wp-content\/uploads\/2021\/12\/1.474-636x357.jpg 636w, https:\/\/diarioelpopular.com\/wp-content\/uploads\/2021\/12\/1.474-300x168.jpg 300w, https:\/\/diarioelpopular.com\/wp-content\/uploads\/2021\/12\/1.474-768x431.jpg 768w, https:\/\/diarioelpopular.com\/wp-content\/uploads\/2021\/12\/1.474-130x73.jpg 130w, https:\/\/diarioelpopular.com\/wp-content\/uploads\/2021\/12\/1.474.jpg 800w\" sizes=\"auto, (max-width: 636px) 100vw, 636px\" \/><\/p>\n<h4><em><strong>&#8211; Todos los adultos de Ontario mayores de 18 a\u00f1os pueden reservar su dosis de refuerzo de COVID-19 a partir de este lunes 20<\/strong><\/em><\/h4>\n<h4><em><strong>&#8211; Con los casos de COVID aumentando debido a Omicron, los defensores de las personas sin hogar se preocupan<\/strong><\/em><\/h4>\n<p>&nbsp;<\/p>\n<p>Sin embargo, los informes de Vaccine Hunters Canada y los de las redes sociales el domingo por la noche indicaron que el portal de reservas en el sitio web de Ontario ya estaba abierto, lo que permiti\u00f3 a los residentes que cumplieron los requisitos este lunes reservar.<\/p>\n<p>Las citas est\u00e1n abiertas para aquellos que recibieron su segunda dosis hace tres meses (86 d\u00edas) a medida que la provincia acelera el lanzamiento de la vacuna de refuerzo.<\/p>\n<p>Los mayores de 18 a\u00f1os han sido elegibles para recibir su vacuna caminando a las farmacias desde el viernes.<\/p>\n<p>Los adultos de 50 a\u00f1os o m\u00e1s han sido elegibles desde el 12 de diciembre. La elegibilidad para los refuerzos para todos los adultos se estableci\u00f3 inicialmente para el 4 de enero, pero la provincia la adelant\u00f3 la semana pasada en respuesta a la variante Omicron altamente transmisible.<\/p>\n<p>Las citas para vacunas se pueden hacer en l\u00ednea a trav\u00e9s del portal de reservas de la provincia, por tel\u00e9fono a trav\u00e9s del centro de contacto de vacunas provincial o directamente a trav\u00e9s de las farmacias y cl\u00ednicas hospitalarias participantes.<\/p>\n<p>Las dosis de la vacuna COVID-19 se han incrementado en la \u00faltima semana a medida que aumentan los casos en la provincia debido a la variante Omicron y muchos luchan por recibir su vacuna de refuerzo.<\/p>\n<p>La provincia administr\u00f3 140,827 dosis de la vacuna COVID-19 el s\u00e1bado, incluidas poco m\u00e1s de 19,000 primeras dosis y 117,663 inyecciones de refuerzo. Se administraron poco m\u00e1s de 16.000 primeras dosis a ni\u00f1os de entre 5 y 11 a\u00f1os.<\/p>\n<p>&nbsp;<\/p>\n<h4><em><strong>Con los casos de COVID aumentando debido a Omicron, los defensores de las personas sin hogar se preocupan<\/strong><\/em><\/h4>\n<p><em><strong>MONTREAL.-<\/strong> <\/em>A medida que se acerca el invierno, las personas sin hogar enfrentan numerosos desaf\u00edos, dicen los defensores.<\/p>\n<p>Si a eso se le suma el aumento de casos de COVID-19, debido en parte a la variante Omicron, la situaci\u00f3n se vuelve m\u00e1s preocupante.<\/p>\n<p>\u201cOmicron, tal como lo conocemos, es hasta cuatro veces m\u00e1s contagioso que sus predecesores\u201d, dijo, \u201c\u00bfy afectar\u00e1 a la poblaci\u00f3n sin hogar? Casi con certeza \u201d, dijo James Hughes, presidente y director ejecutivo de Old Brewery Mission.<\/p>\n<p>Su estilo de vida los hace vulnerables, dijo Hughes, ya que se congregan en espacios como refugios y centros de calentamiento.<\/p>\n<p>En noviembre, hubo cuatro brotes en cinco refugios. Teme que pueda empeorar.<\/p>\n<p>\u201cHace un a\u00f1o, casi exactamente ese d\u00eda, vimos un gran aumento en el n\u00famero de personas que se contagiaban del virus\u201d, record\u00f3.<\/p>\n<p>Eso oblig\u00f3 a la ciudad a abrir m\u00e1s refugios.<\/p>\n<p>Sam Watts, director ejecutivo de Welcome Hall Mission, tambi\u00e9n est\u00e1 preocupado.<\/p>\n<p>\u201cPodr\u00edamos ver reducciones en la capacidad de los recursos regulares si surgen casos de Covid\u201d, escribi\u00f3 en un mensaje a Global News. As\u00ed que estamos muy atentos porque sabemos cu\u00e1n transmisible es esta variante \u201d.<\/p>\n<p>Con Omicron, Hughes comparte esa preocupaci\u00f3n.<\/p>\n<p>\u201cDe hecho, tenemos menos espacio que el a\u00f1o pasado, en t\u00e9rminos de aislamiento\u201d, dijo Hughes, \u201cy tenemos menos camas en general este invierno que el a\u00f1o pasado. Ambas cosas no son buenas en medio de una pandemia &#8220;.<\/p>\n<p>Seg\u00fan \u00e9l, hay doscientas camas menos que el a\u00f1o pasado.<\/p>\n<p>Benoit Langevin, concejal de la oposici\u00f3n por el distrito de Pierrefonds-Roxboro en Montreal y miembro del Partido Ensemble Montreal Party, critica a la ciudad por no hacer m\u00e1s.<\/p>\n<p>\u201cNuestro partido pol\u00edtico piensa que deber\u00edamos volver a declarar el estado de emergencia en la ciudad de Montreal\u201d, dijo parado frente a la oficina de su municipio.<\/p>\n<p>En estado de emergencia, la ciudad tiene poderes especiales para liberar recursos. Este verano, la ciudad cit\u00f3 las altas tasas de vacunaci\u00f3n como una de las razones para levantarla.<\/p>\n<p>Reinstalarlo ahora, insisti\u00f3 Langevin, es necesario para aprovechar los recursos para ayudar a las personas sin hogar a la luz de Omicron. Tambi\u00e9n argumenta que un plan deber\u00eda haber estado en marcha hace meses.<\/p>\n<p>&#8220;Planifiquemos en junio para asegurarnos de que se aborde la afluencia que recibimos durante el invierno&#8221;, enfatiz\u00f3.<\/p>\n<p>Hughes est\u00e1 de acuerdo en que algunas cosas ya deber\u00edan haberse hecho.<\/p>\n<p>&#8220;Nos hubiera gustado ver capacidad adicional, incluso si est\u00e1 inactiva, estar listo y disponible&#8221;, dijo.<\/p>\n<p>Los funcionarios de la ciudad de Montreal dijeron que revelar\u00e1n los planes que tienen en los pr\u00f3ximos d\u00edas.<\/p>\n","protected":false},"excerpt":{"rendered":"<p>&#8211; Todos los adultos de Ontario mayores de 18 a\u00f1os pueden reservar su dosis de refuerzo de COVID-19 a partir de este lunes 20 &#8211;&hellip;<\/p>\n","protected":false},"author":99,"featured_media":500703,"comment_status":"open","ping_status":"open","sticky":false,"template":"","format":"standard","meta":{"footnotes":""},"categories":[21,11191],"tags":[],"class_list":["post-500702","post","type-post","status-publish","format-standard","has-post-thumbnail","hentry","category-canada","category-top-news"],"_links":{"self":[{"href":"https:\/\/diarioelpopular.com\/index.php\/wp-json\/wp\/v2\/posts\/500702","targetHints":{"allow":["GET"]}}],"collection":[{"href":"https:\/\/diarioelpopular.com\/index.php\/wp-json\/wp\/v2\/posts"}],"about":[{"href":"https:\/\/diarioelpopular.com\/index.php\/wp-json\/wp\/v2\/types\/post"}],"author":[{"embeddable":true,"href":"https:\/\/diarioelpopular.com\/index.php\/wp-json\/wp\/v2\/users\/99"}],"replies":[{"embeddable":true,"href":"https:\/\/diarioelpopular.com\/index.php\/wp-json\/wp\/v2\/comments?post=500702"}],"version-history":[{"count":1,"href":"https:\/\/diarioelpopular.com\/index.php\/wp-json\/wp\/v2\/posts\/500702\/revisions"}],"predecessor-version":[{"id":500704,"href":"https:\/\/diarioelpopular.com\/index.php\/wp-json\/wp\/v2\/posts\/500702\/revisions\/500704"}],"wp:featuredmedia":[{"embeddable":true,"href":"https:\/\/diarioelpopular.com\/index.php\/wp-json\/wp\/v2\/media\/500703"}],"wp:attachment":[{"href":"https:\/\/diarioelpopular.com\/index.php\/wp-json\/wp\/v2\/media?parent=500702"}],"wp:term":[{"taxonomy":"category","embeddable":true,"href":"https:\/\/diarioelpopular.com\/index.php\/wp-json\/wp\/v2\/categories?post=500702"},{"taxonomy":"post_tag","embeddable":true,"href":"https:\/\/diarioelpopular.com\/index.php\/wp-json\/wp\/v2\/tags?post=500702"}],"curies":[{"name":"wp","href":"https:\/\/api.w.org\/{rel}","templated":true}]}}