{"id":500728,"date":"2021-12-21T11:00:54","date_gmt":"2021-12-21T15:00:54","guid":{"rendered":"https:\/\/diarioelpopular.com\/?p=500728"},"modified":"2021-12-21T11:00:54","modified_gmt":"2021-12-21T15:00:54","slug":"chile-boric-no-es-como-petro-en-colombia-ni-castillo-en-peru","status":"publish","type":"post","link":"https:\/\/diarioelpopular.com\/index.php\/2021\/12\/21\/chile-boric-no-es-como-petro-en-colombia-ni-castillo-en-peru\/","title":{"rendered":"Chile: Boric no es como Petro en Colombia ni Castillo en Per\u00fa"},"content":{"rendered":"<div id=\"attachment_500729\" style=\"width: 646px\" class=\"wp-caption alignnone\"><img loading=\"lazy\" decoding=\"async\" aria-describedby=\"caption-attachment-500729\" class=\"size-custom-full-size wp-image-500729\" src=\"https:\/\/diarioelpopular.com\/wp-content\/uploads\/2021\/12\/1.1223-636x400.jpg\" alt=\"\" width=\"636\" height=\"400\" srcset=\"https:\/\/diarioelpopular.com\/wp-content\/uploads\/2021\/12\/1.1223-636x400.jpg 636w, https:\/\/diarioelpopular.com\/wp-content\/uploads\/2021\/12\/1.1223-300x189.jpg 300w, https:\/\/diarioelpopular.com\/wp-content\/uploads\/2021\/12\/1.1223-768x483.jpg 768w, https:\/\/diarioelpopular.com\/wp-content\/uploads\/2021\/12\/1.1223-116x73.jpg 116w, https:\/\/diarioelpopular.com\/wp-content\/uploads\/2021\/12\/1.1223.jpg 800w\" sizes=\"auto, (max-width: 636px) 100vw, 636px\" \/><p id=\"caption-attachment-500729\" class=\"wp-caption-text\"><em>El presidente electo de Chile, Gabriel Boric, ya comenz\u00f3 un proceso de transici\u00f3n con el mandatario saliente Sebasti\u00e1n Pi\u00f1era. Boric visit\u00f3 el Palacio de la Moneda para iniciar el empalme que terminar\u00e1 en marzo de 2022, cuando asuma el poder. FOTO AFP<\/em><\/p><\/div>\n<h4 class=\"lead cita\"><em><strong>&#8211; El presidente electo tiene una historia muy diferente a la de otros pol\u00edticos progresistas de la regi\u00f3n. \u00bfSe parece a Gustavo Petro y Pedro Castillo?<\/strong><\/em><\/h4>\n<div class=\"paragraph\">\n<p>Gabriel Boric asumir\u00e1 la Presidencia de Chile al cumplir 36 a\u00f1os, siendo el mandatario m\u00e1s joven de la historia de su pa\u00eds y de Latinoam\u00e9rica. Tras estar durante siete a\u00f1os en la C\u00e1mara de Diputados, el exl\u00edder estudiantil llega al Palacio de la Moneda como el nuevo rostro de la izquierda de la regi\u00f3n, catapultado por una alianza de partidos que cont\u00f3 con el respaldo de los exmandatarios Ricardo Lagos y Michelle Bachelet.<\/p>\n<p>La irrupci\u00f3n de este nuevo liderazgo progresista deton\u00f3 en comparaciones del presidente electo con otros pol\u00edticos de la regi\u00f3n, una cuesti\u00f3n que estos mismos aprovecharon. \u201cAnoche salieron las multitudes en Chile. Ahora nos toca, \u00a1Colombia!\u201d, escribi\u00f3 el candidato Gustavo Petro. \u201cLa victoria que has alcanzado es la del pueblo chileno y la compartimos los pueblos latinoamericanos\u201d, opin\u00f3 Pedro Castillo desde Per\u00fa.<\/p>\n<p>Empero, las comparaciones son completamente imprecisas. Boric, Petro y otros l\u00edderes de izquierda \u201ctienen coincidencias en sus objetivos, pero no en su historia pol\u00edtica. Quieren superar el modelo neoliberal y hacer que el Estado sea m\u00e1s importante\u201d, pero trazan caminos muy diferentes para conseguirlo, apunta el analista pol\u00edtico chileno Patricio Navia.<\/p>\n<p>Nacido en la regi\u00f3n de Magallanes, tiene una agenda que pone el acceso a derechos en la base: condonaci\u00f3n universal de las deudas estudiantiles y expansi\u00f3n de la educaci\u00f3n p\u00fablica, gratuita y de calidad; plantea un nuevo sistema de pensiones que ajuste las administradoras de fondos de pensiones (AFP) y aumente los ingresos de los jubilados, tiene las banderas del feminismo y el ecologismo y promete la revisi\u00f3n de las violaciones a los Derechos Humanos que se presentaron durante la dictadura de Augusto Pinochet y el estallido social de 2019.<\/p>\n<p>El presidente electo traza una lucha contra el modelo neoliberal, un objetivo que tambi\u00e9n est\u00e1 en la agenda de otros pol\u00edticos de izquierda, pero sus bases se constituyeron de una forma particular: en las calles presionando al Estado con el movimiento estudiantil.<\/p>\n<p><b>Gabriel Boric y el centro<\/b><\/p>\n<p>En medio de la campa\u00f1a amold\u00f3 su discurso y se acerc\u00f3 al centro, una estrategia que le funcion\u00f3 para conquistar al electorado moderado. Por ejemplo, pas\u00f3 de apelar por el fin de las AFP a reclamar una reforma al sistema de pensiones, y en seguridad transform\u00f3 su propuesta de refundar la polic\u00eda de carabineros (la que vigila las protestas) a pedir que sea reformada.<\/p>\n<p>\u201cEs una izquierda diferente a la de otros procesos que se han dado en la regi\u00f3n. Gabriel Boric es el \u00fanico que decidi\u00f3 participar en debates para avanzar en una v\u00eda institucional: \u00e9l ha tenido un proceso de evoluci\u00f3n\u201d, aclara Guillermo Holzmann, director de Analytyka Consultores.<\/p>\n<p>Petro s\u00f3lo lleg\u00f3 a la pol\u00edtica tras militar en el terrorista M-19, ha ejercido cargos p\u00fablicos durante 30 a\u00f1os y va por su tercer intento de llegar a la Casa de Nari\u00f1o. El l\u00edder del Pacto Hist\u00f3rico habla de crear un sistema de educaci\u00f3n p\u00fablica, gratuita y universal y tener una renta por encima de la l\u00ednea de la pobreza para los adultos mayores, pero tambi\u00e9n tiene en su agenda subir los impuestos solo a las 4.000 personas m\u00e1s adineradas de Colombia y cesar las concesiones para explotar petr\u00f3leo. En contraste, Boric habla de un impuesto a los combustibles para fomentar la transici\u00f3n energ\u00e9tica.<\/p>\n<p>Pedro Castillo, el sindicalista que se convirti\u00f3 en presidente, propuso una \u201ceconom\u00eda popular con mercados\u201d para Per\u00fa, revisar la inversi\u00f3n extrajera en el pa\u00eds y prohibir las importaciones. Este \u00faltimo punto es una convergencia en la agenda de Castillo y Petro, mas no est\u00e1 en el cat\u00e1logo de planteamientos del presidente electo de Chile.<\/p>\n<p>En tiempos de cambios para Chile, el mundo a Gabriel Boric, pero dar cabida a las comparaciones sin contexto puede llevar a la desinformaci\u00f3n<\/p>\n<p>&nbsp;<\/p>\n<\/div>\n","protected":false},"excerpt":{"rendered":"<p>&#8211; El presidente electo tiene una historia muy diferente a la de otros pol\u00edticos progresistas de la regi\u00f3n. \u00bfSe parece a Gustavo Petro y Pedro&hellip;<\/p>\n","protected":false},"author":99,"featured_media":500729,"comment_status":"open","ping_status":"open","sticky":false,"template":"","format":"standard","meta":{"footnotes":""},"categories":[23],"tags":[],"class_list":["post-500728","post","type-post","status-publish","format-standard","has-post-thumbnail","hentry","category-latinoamerica"],"_links":{"self":[{"href":"https:\/\/diarioelpopular.com\/index.php\/wp-json\/wp\/v2\/posts\/500728","targetHints":{"allow":["GET"]}}],"collection":[{"href":"https:\/\/diarioelpopular.com\/index.php\/wp-json\/wp\/v2\/posts"}],"about":[{"href":"https:\/\/diarioelpopular.com\/index.php\/wp-json\/wp\/v2\/types\/post"}],"author":[{"embeddable":true,"href":"https:\/\/diarioelpopular.com\/index.php\/wp-json\/wp\/v2\/users\/99"}],"replies":[{"embeddable":true,"href":"https:\/\/diarioelpopular.com\/index.php\/wp-json\/wp\/v2\/comments?post=500728"}],"version-history":[{"count":1,"href":"https:\/\/diarioelpopular.com\/index.php\/wp-json\/wp\/v2\/posts\/500728\/revisions"}],"predecessor-version":[{"id":500730,"href":"https:\/\/diarioelpopular.com\/index.php\/wp-json\/wp\/v2\/posts\/500728\/revisions\/500730"}],"wp:featuredmedia":[{"embeddable":true,"href":"https:\/\/diarioelpopular.com\/index.php\/wp-json\/wp\/v2\/media\/500729"}],"wp:attachment":[{"href":"https:\/\/diarioelpopular.com\/index.php\/wp-json\/wp\/v2\/media?parent=500728"}],"wp:term":[{"taxonomy":"category","embeddable":true,"href":"https:\/\/diarioelpopular.com\/index.php\/wp-json\/wp\/v2\/categories?post=500728"},{"taxonomy":"post_tag","embeddable":true,"href":"https:\/\/diarioelpopular.com\/index.php\/wp-json\/wp\/v2\/tags?post=500728"}],"curies":[{"name":"wp","href":"https:\/\/api.w.org\/{rel}","templated":true}]}}