{"id":500772,"date":"2021-12-24T10:26:09","date_gmt":"2021-12-24T14:26:09","guid":{"rendered":"https:\/\/diarioelpopular.com\/?p=500772"},"modified":"2021-12-24T10:26:21","modified_gmt":"2021-12-24T14:26:21","slug":"mexico-ganancias-de-14-mil-millones-por-trafico-humano","status":"publish","type":"post","link":"https:\/\/diarioelpopular.com\/index.php\/2021\/12\/24\/mexico-ganancias-de-14-mil-millones-por-trafico-humano\/","title":{"rendered":"M\u00e9xico: Ganancias de 14 mil millones por tr\u00e1fico humano"},"content":{"rendered":"<div id=\"attachment_500775\" style=\"width: 310px\" class=\"wp-caption alignnone\"><img loading=\"lazy\" decoding=\"async\" aria-describedby=\"caption-attachment-500775\" class=\"size-medium wp-image-500775\" src=\"https:\/\/diarioelpopular.com\/wp-content\/uploads\/2021\/12\/2.fd4_-300x200.jpg\" alt=\"\" width=\"300\" height=\"200\" srcset=\"https:\/\/diarioelpopular.com\/wp-content\/uploads\/2021\/12\/2.fd4_-300x200.jpg 300w, https:\/\/diarioelpopular.com\/wp-content\/uploads\/2021\/12\/2.fd4_-768x512.jpg 768w, https:\/\/diarioelpopular.com\/wp-content\/uploads\/2021\/12\/2.fd4_-636x424.jpg 636w, https:\/\/diarioelpopular.com\/wp-content\/uploads\/2021\/12\/2.fd4_-110x73.jpg 110w, https:\/\/diarioelpopular.com\/wp-content\/uploads\/2021\/12\/2.fd4_.jpg 800w\" sizes=\"auto, (max-width: 300px) 100vw, 300px\" \/><p id=\"caption-attachment-500775\" class=\"wp-caption-text\"><em>Ganancias de 14 mil millones por tr\u00e1fico humano (foto: EPA)<\/em><\/p><\/div>\n<h4><em><strong>&#8211; Bandas de &#8220;polleros&#8221; superan en dividendos a tr\u00e1fico de drogas<\/strong><\/em><\/h4>\n<p><em><strong>CIUDAD DE MEXICO, 24 DIC &#8211;<\/strong> <\/em>El tr\u00e1fico de migrantes representa cerca de 14 mil millones de d\u00f3lares al a\u00f1o en ganancias para las bandas de &#8220;polleros&#8221; o &#8220;enganchadores&#8221;, como se denomina a las organizaciones dedicadas al tr\u00e1fico de personas, de acuerdo con el canciller mexicano, Marcelo Ebrard.<br \/>\nLas cifras arrojan, a juicio del ministro, que las bandas dedicadas a sacar provecho del apremio de personas deseosas de huir de sus pa\u00edses por la violencia o la miseria obtienen m\u00e1s dividendos que las del trasiego de drogas il\u00edcitas.<br \/>\n&#8220;Para darnos una idea, est\u00e1n cobrando 15.000 d\u00f3lares desde Ecuador y 5.000 o 6.000 desde Guatemala&#8221;, se\u00f1al\u00f3 Ebrard durante una conferencia de prensa, al se\u00f1alar que la investigaci\u00f3n sobre el accidente de un cami\u00f3n de carga en Chiapas, que dej\u00f3 56 personas muertas, demuestra que esta red de polleros ya desplaz\u00f3 a los c\u00e1rteles.<br \/>\nDe la indagatoria surge que, en ciertos segmentos de las rutas del tr\u00e1fico de extranjeros, participan grupos de narcotraficantes, pero en realidad su influencia ya fue rebasada por los traficantes de personas.<br \/>\n&#8220;Es una organizaci\u00f3n delincuencial que ya tom\u00f3 vida propia por el monto, y est\u00e1 poniendo en riesgo a muchas personas, de ah\u00ed la importancia de esta investigaci\u00f3n&#8221; y de los trabajos del Grupo de Acci\u00f3n Inmediata (GAI)&#8221;, se\u00f1al\u00f3.<br \/>\nEl GAI, anunciado hace dos semanas, fue creado por los gobiernos de M\u00e9xico, Guatemala, Ecuador, Estados Unidos, Guatemala, Honduras y Rep\u00fablica Dominicana, como un &#8220;mecanismo multidisciplinario ad hoc&#8221; para dar &#8220;respuesta inmediata&#8221; al proceso contra los responsables del percance.<br \/>\nSe busca acelerar la investigaci\u00f3n, identificaci\u00f3n, arresto y presentaci\u00f3n ante la justicia de integrantes y jefes de la organizaci\u00f3n criminal transnacional responsable del accidente, a fin de facilitar la coordinaci\u00f3n entre los pa\u00edses tanto en la indagatoria como en la atenci\u00f3n a las v\u00edctimas y a los deudos.<br \/>\nEbrard dijo que luego de la puesta en marcha de este grupo, se comenz\u00f3 a compartir informaci\u00f3n de inteligencia generada de manera propia en cada territorio por las autoridades correspondientes.<br \/>\nLa tragedia ocurrida en la periferia de Tuxtla Guti\u00e9rrez, la capital de Chiapas, estado de la frontera con Guatemala, ocurri\u00f3 mientras el pa\u00eds sigue enfrentando una crisis migratoria sin precedentes.<br \/>\nSeg\u00fan estad\u00edsticas oficiales, unas 190.000 mil personas sin papeles han sido detenidas en M\u00e9xico entre enero y septiembre de este a\u00f1o, tres veces m\u00e1s que en 2020, de las cuales 74.300 fueron deportadas.<br \/>\nA la migraci\u00f3n tradicional en compartimientos ocultos de veh\u00edculos de carga y otros medios de transporte, se suman las caravanas organizadas como la que inici\u00f3 en octubre pasado con unas 3.500 personas al inicio, pero que poco a poco se vino diezmando hasta pr\u00e1cticamente quedar reducida a unos cientos de integrantes.<br \/>\nEl mi\u00e9rcoles, el contingente empez\u00f3 a salir de la Ciudad de M\u00e9xico hacia estados del norte tras alcanzar acuerdos con autoridades mexicanas.<br \/>\nLa organizaci\u00f3n Pueblo sin Fronteras indic\u00f3 que cientos de migrantes sin papeles, en su mayor\u00eda centroamericanos que se mantienen agrupados, salieron por grupos a bordo de veh\u00edculos tipo pulman hacia los estados de Sonora, Nuevo Le\u00f3n y Chihuahua.<br \/>\n&#8220;Los que tengan ya documentos seguir\u00e1n su camino. Y los que no, obtendr\u00e1n sus papeles lo m\u00e1s pronto posible, en 24 o 48 horas en los lugares a donde llegan&#8221;, se\u00f1al\u00f3 Irineo M\u00fajica, que lidera la ONG.<br \/>\nEn la pr\u00e1ctica, esto representa la disoluci\u00f3n de la caravana que realiz\u00f3 un azaroso itinerario en medio del asedio de los agentes migratorios y diversos incidentes que buscaron a toda costa impedir su avance hacia la frontera con Estados Unidos.<br \/>\nTras su arribo a la capital, el pasado 13 de diciembre, una delegaci\u00f3n de los migrantes, entre los que figuran centroamericanos, haitianos, cubanos, venezolanos e incluso brasile\u00f1os y colombianos negoci\u00f3 con autoridades del ministerio de Gobernaci\u00f3n la obtenci\u00f3n de visas humanitarias, pero el tr\u00e1mite se traslad\u00f3 a los tres estados referidos.<\/p>\n","protected":false},"excerpt":{"rendered":"<p>&#8211; Bandas de &#8220;polleros&#8221; superan en dividendos a tr\u00e1fico de drogas CIUDAD DE MEXICO, 24 DIC &#8211; El tr\u00e1fico de migrantes representa cerca de 14&hellip;<\/p>\n","protected":false},"author":99,"featured_media":500775,"comment_status":"open","ping_status":"open","sticky":false,"template":"","format":"standard","meta":{"footnotes":""},"categories":[23,11354],"tags":[],"class_list":["post-500772","post","type-post","status-publish","format-standard","has-post-thumbnail","hentry","category-latinoamerica","category-sucesos"],"_links":{"self":[{"href":"https:\/\/diarioelpopular.com\/index.php\/wp-json\/wp\/v2\/posts\/500772","targetHints":{"allow":["GET"]}}],"collection":[{"href":"https:\/\/diarioelpopular.com\/index.php\/wp-json\/wp\/v2\/posts"}],"about":[{"href":"https:\/\/diarioelpopular.com\/index.php\/wp-json\/wp\/v2\/types\/post"}],"author":[{"embeddable":true,"href":"https:\/\/diarioelpopular.com\/index.php\/wp-json\/wp\/v2\/users\/99"}],"replies":[{"embeddable":true,"href":"https:\/\/diarioelpopular.com\/index.php\/wp-json\/wp\/v2\/comments?post=500772"}],"version-history":[{"count":1,"href":"https:\/\/diarioelpopular.com\/index.php\/wp-json\/wp\/v2\/posts\/500772\/revisions"}],"predecessor-version":[{"id":500776,"href":"https:\/\/diarioelpopular.com\/index.php\/wp-json\/wp\/v2\/posts\/500772\/revisions\/500776"}],"wp:featuredmedia":[{"embeddable":true,"href":"https:\/\/diarioelpopular.com\/index.php\/wp-json\/wp\/v2\/media\/500775"}],"wp:attachment":[{"href":"https:\/\/diarioelpopular.com\/index.php\/wp-json\/wp\/v2\/media?parent=500772"}],"wp:term":[{"taxonomy":"category","embeddable":true,"href":"https:\/\/diarioelpopular.com\/index.php\/wp-json\/wp\/v2\/categories?post=500772"},{"taxonomy":"post_tag","embeddable":true,"href":"https:\/\/diarioelpopular.com\/index.php\/wp-json\/wp\/v2\/tags?post=500772"}],"curies":[{"name":"wp","href":"https:\/\/api.w.org\/{rel}","templated":true}]}}