{"id":500777,"date":"2021-12-24T10:32:00","date_gmt":"2021-12-24T14:32:00","guid":{"rendered":"https:\/\/diarioelpopular.com\/?p=500777"},"modified":"2021-12-24T10:32:00","modified_gmt":"2021-12-24T14:32:00","slug":"ecuador-declara-obligatoria-la-vacunacion","status":"publish","type":"post","link":"https:\/\/diarioelpopular.com\/index.php\/2021\/12\/24\/ecuador-declara-obligatoria-la-vacunacion\/","title":{"rendered":"Ecuador declara obligatoria la vacunaci\u00f3n"},"content":{"rendered":"<div id=\"attachment_500779\" style=\"width: 646px\" class=\"wp-caption alignnone\"><img loading=\"lazy\" decoding=\"async\" aria-describedby=\"caption-attachment-500779\" class=\"size-custom-full-size wp-image-500779\" src=\"https:\/\/diarioelpopular.com\/wp-content\/uploads\/2021\/12\/1.3-636x411.jpg\" alt=\"\" width=\"636\" height=\"411\" srcset=\"https:\/\/diarioelpopular.com\/wp-content\/uploads\/2021\/12\/1.3-636x411.jpg 636w, https:\/\/diarioelpopular.com\/wp-content\/uploads\/2021\/12\/1.3-300x194.jpg 300w, https:\/\/diarioelpopular.com\/wp-content\/uploads\/2021\/12\/1.3-768x497.jpg 768w, https:\/\/diarioelpopular.com\/wp-content\/uploads\/2021\/12\/1.3-85x55.jpg 85w, https:\/\/diarioelpopular.com\/wp-content\/uploads\/2021\/12\/1.3-113x73.jpg 113w, https:\/\/diarioelpopular.com\/wp-content\/uploads\/2021\/12\/1.3.jpg 900w\" sizes=\"auto, (max-width: 636px) 100vw, 636px\" \/><p id=\"caption-attachment-500779\" class=\"wp-caption-text\"><em>Ecuador declara obligatoria la vacunaci\u00f3n<\/em><br \/><em>(foto: EPA)<\/em><\/p><\/div>\n<h4><em><strong>&#8211; Primer pa\u00eds que adopta esa medida en Am\u00e9rica Latina<\/strong><\/em><\/h4>\n<p><em><strong>QUITO, 24 DIC &#8211;<\/strong><\/em> Ecuador hizo obligatoria la vacunaci\u00f3n contra Covid a la luz de la llegada de Omicron al pa\u00eds, convirti\u00e9ndose en la primera naci\u00f3n de Am\u00e9rica Latina en adoptar esa decisi\u00f3n.<br \/>\n&#8220;En Ecuador se declara la obligatoriedad de la vacunaci\u00f3n contra la covid-19. Esta decisi\u00f3n se tom\u00f3 debido al estado epidemiol\u00f3gico actual, es decir, el aumento de contagiados y a la circulaci\u00f3n de nuevas variantes de preocupaci\u00f3n, como \u00f3micron&#8221;, inform\u00f3 el ministerio de Salud en un comunicado oficial.<br \/>\nLa medida &#8220;obedece a la tendencia internacional que muestra la rapidez del contagio y la presi\u00f3n a los servicios de salud que tienen alta demanda en hospitalizaci\u00f3n&#8221;, agreg\u00f3.<br \/>\nEl comunicado oficial apela al art\u00edculo 83.7 de la Constituci\u00f3n que impone como &#8220;deber de las y los ecuatorianos promover el bien com\u00fan y anteponer el inter\u00e9s general al inter\u00e9s particular&#8221;.<br \/>\nEl Gobierno del presidente Guillermo Lasso -agreg\u00f3- tambi\u00e9n se ha apoyado &#8220;en varios pa\u00edses europeos&#8221; que &#8220;implementar\u00e1n esta medida&#8221; y record\u00f3 los casos de &#8220;Alemania, Austria y Grecia&#8221; que la aplicar\u00e1n &#8220;a principios de 2022?.<br \/>\nEl mi\u00e9rcoles las autoridades sanitarias ecuatorianas reportaron 819 nuevos positivos por Covid-19 y sum\u00f3 un total de 539.037 casos de la enfermedad durante la pandemia, en tanto que los decesos se elevaron a 33.634, entre los 23.815 confirmados con la enfermedad y los 9.819 probables.<\/p>\n","protected":false},"excerpt":{"rendered":"<p>&#8211; Primer pa\u00eds que adopta esa medida en Am\u00e9rica Latina QUITO, 24 DIC &#8211; Ecuador hizo obligatoria la vacunaci\u00f3n contra Covid a la luz de&hellip;<\/p>\n","protected":false},"author":99,"featured_media":500779,"comment_status":"open","ping_status":"open","sticky":false,"template":"","format":"standard","meta":{"footnotes":""},"categories":[23],"tags":[],"class_list":["post-500777","post","type-post","status-publish","format-standard","has-post-thumbnail","hentry","category-latinoamerica"],"_links":{"self":[{"href":"https:\/\/diarioelpopular.com\/index.php\/wp-json\/wp\/v2\/posts\/500777","targetHints":{"allow":["GET"]}}],"collection":[{"href":"https:\/\/diarioelpopular.com\/index.php\/wp-json\/wp\/v2\/posts"}],"about":[{"href":"https:\/\/diarioelpopular.com\/index.php\/wp-json\/wp\/v2\/types\/post"}],"author":[{"embeddable":true,"href":"https:\/\/diarioelpopular.com\/index.php\/wp-json\/wp\/v2\/users\/99"}],"replies":[{"embeddable":true,"href":"https:\/\/diarioelpopular.com\/index.php\/wp-json\/wp\/v2\/comments?post=500777"}],"version-history":[{"count":1,"href":"https:\/\/diarioelpopular.com\/index.php\/wp-json\/wp\/v2\/posts\/500777\/revisions"}],"predecessor-version":[{"id":500780,"href":"https:\/\/diarioelpopular.com\/index.php\/wp-json\/wp\/v2\/posts\/500777\/revisions\/500780"}],"wp:featuredmedia":[{"embeddable":true,"href":"https:\/\/diarioelpopular.com\/index.php\/wp-json\/wp\/v2\/media\/500779"}],"wp:attachment":[{"href":"https:\/\/diarioelpopular.com\/index.php\/wp-json\/wp\/v2\/media?parent=500777"}],"wp:term":[{"taxonomy":"category","embeddable":true,"href":"https:\/\/diarioelpopular.com\/index.php\/wp-json\/wp\/v2\/categories?post=500777"},{"taxonomy":"post_tag","embeddable":true,"href":"https:\/\/diarioelpopular.com\/index.php\/wp-json\/wp\/v2\/tags?post=500777"}],"curies":[{"name":"wp","href":"https:\/\/api.w.org\/{rel}","templated":true}]}}