{"id":500786,"date":"2021-12-25T12:10:47","date_gmt":"2021-12-25T16:10:47","guid":{"rendered":"https:\/\/diarioelpopular.com\/?p=500786"},"modified":"2021-12-25T12:10:47","modified_gmt":"2021-12-25T16:10:47","slug":"el-aumento-de-covid-19-en-medio-de-omicron-frena-las-celebraciones-navidenas-por-segundo-ano","status":"publish","type":"post","link":"https:\/\/diarioelpopular.com\/index.php\/2021\/12\/25\/el-aumento-de-covid-19-en-medio-de-omicron-frena-las-celebraciones-navidenas-por-segundo-ano\/","title":{"rendered":"El aumento de COVID-19 en medio de Omicron frena las celebraciones navide\u00f1as por segundo a\u00f1o"},"content":{"rendered":"<p><img loading=\"lazy\" decoding=\"async\" class=\"alignnone size-custom-full-size wp-image-500787\" src=\"https:\/\/diarioelpopular.com\/wp-content\/uploads\/2021\/12\/1.22-AM-636x291.jpg\" alt=\"\" width=\"636\" height=\"291\" srcset=\"https:\/\/diarioelpopular.com\/wp-content\/uploads\/2021\/12\/1.22-AM-636x291.jpg 636w, https:\/\/diarioelpopular.com\/wp-content\/uploads\/2021\/12\/1.22-AM-300x137.jpg 300w, https:\/\/diarioelpopular.com\/wp-content\/uploads\/2021\/12\/1.22-AM-768x351.jpg 768w, https:\/\/diarioelpopular.com\/wp-content\/uploads\/2021\/12\/1.22-AM-146x67.jpg 146w, https:\/\/diarioelpopular.com\/wp-content\/uploads\/2021\/12\/1.22-AM.jpg 800w\" sizes=\"auto, (max-width: 636px) 100vw, 636px\" \/><\/p>\n<h4><em><strong>&#8211; Por segundo a\u00f1o consecutivo, la pandemia de COVID-19 ha reducido las celebraciones navide\u00f1as en Canad\u00e1 a medida que la variante Omicron altamente transmisible se extiende por todo el pa\u00eds.<\/strong><\/em><\/h4>\n<p><em><strong>OTTAWA.-<\/strong><\/em> Antes de las vacaciones, varias provincias reintrodujeron restricciones a las reuniones sociales en un intento de mitigar el impacto de Omicron, que est\u00e1 contribuyendo cada vez m\u00e1s a un r\u00e1pido aumento en el recuento de casos, seg\u00fan funcionarios de salud p\u00fablica.<\/p>\n<p>En Ontario, no m\u00e1s de 10 personas pueden asistir a reuniones sociales en interiores, en comparaci\u00f3n con 25, y hay un m\u00e1ximo de 25 asistentes en reuniones sociales al aire libre, en comparaci\u00f3n con 100.<\/p>\n<p>La provincia estableci\u00f3 un nuevo r\u00e9cord de infecciones diarias por COVID-19 por segundo d\u00eda consecutivo con casi 9,600 infecciones reportadas un d\u00eda antes de Navidad.<\/p>\n<p>Una encuesta reciente publicada el 20 de diciembre por Forum Research sugiri\u00f3 que el 51 por ciento de los habitantes de Ontario cancelar\u00e1n las reuniones festivas y celebrar\u00e1n solo dentro de su hogar.<\/p>\n<p>Alyssa Beauchamp, residente de Hamilton, se encuentra entre ellos. La madre de cuatro hijos que se queda en casa tendr\u00e1 una tranquila cena de Navidad en casa con los ni\u00f1os y su prometida y pasar\u00e1 en coche para ver a otros miembros de la familia.<\/p>\n<p>Ella dijo que &#8220;es frustrante&#8221; no poder reunirse con sus seres queridos como lo hacen normalmente el d\u00eda de Navidad.<\/p>\n<p>\u201cEs lamentable que se espere que la gente se quede en casa y no vea a sus familias. Hemos estado encerrados durante dos a\u00f1os, pasando por tres &#8220;, dijo el joven de 23 a\u00f1os.<\/p>\n<p>Elena Kuzmich, est\u00e1 tratando de enfocarse en los aspectos positivos. Afortunadamente, para su familia, han podido pasar las vacaciones de Navidad, como de costumbre, en una caba\u00f1a en Haliburton, al norte de Toronto, ya que no existen restricciones de alquiler.<\/p>\n<p>&#8220;Por lo general, venimos aqu\u00ed con un grupo m\u00e1s grande de familias y dos de estas familias que sol\u00edan venir este a\u00f1o, una de ellas no vendr\u00e1 debido a la incertidumbre con Omicron y, por lo tanto, no se sienten seguros&#8221;, dijo Kuzmich a Global News.<\/p>\n<p><em><strong>Reuniones m\u00e1s peque\u00f1as<\/strong><\/em><br \/>\nA medida que la variante Omicron contin\u00faa extendi\u00e9ndose, afianz\u00e1ndose como la cepa dominante, las restricciones a las reuniones tambi\u00e9n se est\u00e1n aplicando en otros lugares.<\/p>\n<p>En Columbia Brit\u00e1nica, las reuniones personales en el interior se limitan al hogar m\u00e1s 10 invitados o un hogar adicional, siempre que todos los mayores de 12 a\u00f1os est\u00e9n completamente vacunados.<\/p>\n<p>A partir del Boxing Day, los quebequenses deber\u00edan limitar las reuniones privadas a seis personas, o dos familias. El premier Fran\u00e7ois Legault dijo en una conferencia de prensa el mi\u00e9rcoles que el l\u00edmite actual de 10 personas permanecer\u00e1 vigente para Navidad, pero inst\u00f3 a las personas a retrasar sus fiestas si pudieran, o limitar las reuniones a una celebraci\u00f3n, ya sea en Nochebuena o el d\u00eda de Navidad.<\/p>\n<p>Esta semana, la provincia rompi\u00f3 un r\u00e9cord en todo Canad\u00e1 por el recuento provincial diario m\u00e1s alto de casos de COVID-19 durante tres d\u00edas con m\u00e1s de 10,000 nuevas infecciones reportadas el viernes.<\/p>\n<p>En Alberta, donde Omicron se ha convertido en la cepa dominante del virus, las reuniones familiares tambi\u00e9n se limitan a 10 personas, sin incluir a los ni\u00f1os, pero los invitados pueden provenir de varios hogares. Pueden incluir hu\u00e9spedes vacunados y no vacunados.<\/p>\n<p>Kuzmich dijo que sus hijos no han podido disfrutar de ninguna actividad escolar extracurricular alrededor de la Navidad, como juegos y fiestas con temas navide\u00f1os.<\/p>\n<p>El Toronto Christmas Market una vez m\u00e1s no est\u00e1 operando este a\u00f1o, pero el Distillery District est\u00e1 llevando a cabo un evento separado llamado Winter Village, con tiendas al aire libre y caba\u00f1as de comida. Se requiere comprobante de vacunaci\u00f3n completa para todos los visitantes de 12 a\u00f1os o m\u00e1s.<\/p>\n<p>Por segundo a\u00f1o consecutivo, el mercado navide\u00f1o de Kingston se celebra virtualmente. Ochenta proveedores se han inscrito en el mercado de este a\u00f1o, que se lleva a cabo completamente en l\u00ednea debido a la pandemia de COVID-19.<\/p>\n<p><em><strong>Cambio de planes de vacaciones<\/strong><\/em><br \/>\nLos funcionarios federales de salud han instado a las personas a limitar la cantidad de personas que ven durante la temporada navide\u00f1a para minimizar el riesgo de propagar la variante Omicron de COVID-19.<\/p>\n<p>\u201cInsto a los canadienses de todo el pa\u00eds a que consideren y ajusten cuidadosamente sus planes de vacaciones para minimizar los riesgos y maximizar las capas y la calidad de protecci\u00f3n para usted y los suyos\u201d, dijo la Dra. Theresa Tam, directora de salud p\u00fablica de Canad\u00e1, durante un dic. 17 conferencia de prensa.<\/p>\n<p>El primer ministro Justin Trudeau, que se est\u00e1 monitoreando a s\u00ed mismo para detectar COVID-19 despu\u00e9s de que miembros de su personal y equipo de seguridad dieron positivo por el virus, dijo que estar\u00eda celebrando la Navidad con la familia inmediata y que no ver\u00eda a sus amigos durante la temporada navide\u00f1a y el A\u00f1o Nuevo.<\/p>\n<p>&#8220;Francamente, hay muchas personas para quienes esas conversaciones sobre tener reuniones festivas m\u00e1s restringidas siguen siendo mejores noticias que las que enfrentan muchos canadienses&#8221;, dijo durante una conferencia de prensa virtual sobre el COVID-19 el mi\u00e9rcoles.<\/p>\n<p>\u201cPersonas que estar\u00e1n totalmente solas en Navidad, personas que enfrentan importantes problemas de salud, personas que est\u00e1n lidiando con problemas de salud mental que se han visto exacerbados por los \u00faltimos dos a\u00f1os de extraordinaria dificultad\u201d, agreg\u00f3.<\/p>\n<p><em><strong>Restricciones de viaje<\/strong><\/em><br \/>\nLas nuevas restricciones de COVID-19 han complicado los viajes tanto a nivel internacional como entre provincias durante las vacaciones.<\/p>\n<p><em><strong>Crisis de la cadena de suministro<\/strong><\/em><br \/>\nLa pandemia tambi\u00e9n ha provocado una escasez de \u00e1rboles de Navidad con una demanda en su punto m\u00e1s alto esta temporada.<\/p>\n<p>La escasez de suministro se est\u00e1 sintiendo en toda Am\u00e9rica del Norte, impulsada por el aumento de la demanda durante la pandemia de COVID-19.<\/p>\n<p>&#8220;No es un problema de Canad\u00e1, es un problema de Am\u00e9rica del Norte y ese es el dilema&#8221;, dijo la directora ejecutiva de la Asociaci\u00f3n Canadiense de \u00c1rboles de Navidad, Shirley Brennan.<\/p>\n<p>Sin embargo, los canadienses golosos pueden alegrarse de que no haya una &#8220;escasez&#8221; general de dulces en esta temporada navide\u00f1a, aunque ciertamente hay problemas en la cadena de suministro que afectan los env\u00edos y la venta de ciertos tipos y variedades, dijo Sylvain Charlebois, director de Agri -Laboratorio de an\u00e1lisis de alimentos en la Universidad de Dalhousie.<\/p>\n<p>Todo, desde las inundaciones en B.C. &#8211; que cerr\u00f3 carreteras &#8211; a la actual escasez de mano de obra en f\u00e1bricas, molinos y plantas de procesamiento en Am\u00e9rica del Norte debido al COVID-19, ha contribuido a esta crisis.<\/p>\n<p>\u201cHa sido dif\u00edcil para los fabricantes de alimentos tener suficientes personas para hacer el trabajo\u201d, dijo Charlebois.<\/p>\n","protected":false},"excerpt":{"rendered":"<p>&#8211; Por segundo a\u00f1o consecutivo, la pandemia de COVID-19 ha reducido las celebraciones navide\u00f1as en Canad\u00e1 a medida que la variante Omicron altamente transmisible se&hellip;<\/p>\n","protected":false},"author":99,"featured_media":500787,"comment_status":"open","ping_status":"open","sticky":false,"template":"","format":"standard","meta":{"footnotes":""},"categories":[21,11191],"tags":[],"class_list":["post-500786","post","type-post","status-publish","format-standard","has-post-thumbnail","hentry","category-canada","category-top-news"],"_links":{"self":[{"href":"https:\/\/diarioelpopular.com\/index.php\/wp-json\/wp\/v2\/posts\/500786","targetHints":{"allow":["GET"]}}],"collection":[{"href":"https:\/\/diarioelpopular.com\/index.php\/wp-json\/wp\/v2\/posts"}],"about":[{"href":"https:\/\/diarioelpopular.com\/index.php\/wp-json\/wp\/v2\/types\/post"}],"author":[{"embeddable":true,"href":"https:\/\/diarioelpopular.com\/index.php\/wp-json\/wp\/v2\/users\/99"}],"replies":[{"embeddable":true,"href":"https:\/\/diarioelpopular.com\/index.php\/wp-json\/wp\/v2\/comments?post=500786"}],"version-history":[{"count":1,"href":"https:\/\/diarioelpopular.com\/index.php\/wp-json\/wp\/v2\/posts\/500786\/revisions"}],"predecessor-version":[{"id":500788,"href":"https:\/\/diarioelpopular.com\/index.php\/wp-json\/wp\/v2\/posts\/500786\/revisions\/500788"}],"wp:featuredmedia":[{"embeddable":true,"href":"https:\/\/diarioelpopular.com\/index.php\/wp-json\/wp\/v2\/media\/500787"}],"wp:attachment":[{"href":"https:\/\/diarioelpopular.com\/index.php\/wp-json\/wp\/v2\/media?parent=500786"}],"wp:term":[{"taxonomy":"category","embeddable":true,"href":"https:\/\/diarioelpopular.com\/index.php\/wp-json\/wp\/v2\/categories?post=500786"},{"taxonomy":"post_tag","embeddable":true,"href":"https:\/\/diarioelpopular.com\/index.php\/wp-json\/wp\/v2\/tags?post=500786"}],"curies":[{"name":"wp","href":"https:\/\/api.w.org\/{rel}","templated":true}]}}