{"id":500789,"date":"2021-12-26T14:31:49","date_gmt":"2021-12-26T18:31:49","guid":{"rendered":"https:\/\/diarioelpopular.com\/?p=500789"},"modified":"2021-12-26T14:31:49","modified_gmt":"2021-12-26T18:31:49","slug":"a-medida-que-omicron-se-propaga-casi-el-80-de-los-canadienses-no-viajara-en-esta-temporada-navidena-encuesta","status":"publish","type":"post","link":"https:\/\/diarioelpopular.com\/index.php\/2021\/12\/26\/a-medida-que-omicron-se-propaga-casi-el-80-de-los-canadienses-no-viajara-en-esta-temporada-navidena-encuesta\/","title":{"rendered":"A medida que Omicron se propaga, casi el 80% de los canadienses no viajar\u00e1 en esta temporada navide\u00f1a: encuesta"},"content":{"rendered":"<p><img loading=\"lazy\" decoding=\"async\" class=\"alignnone size-custom-full-size wp-image-500790\" src=\"https:\/\/diarioelpopular.com\/wp-content\/uploads\/2021\/12\/126-PM-636x293.jpg\" alt=\"\" width=\"636\" height=\"293\" srcset=\"https:\/\/diarioelpopular.com\/wp-content\/uploads\/2021\/12\/126-PM-636x293.jpg 636w, https:\/\/diarioelpopular.com\/wp-content\/uploads\/2021\/12\/126-PM-300x138.jpg 300w, https:\/\/diarioelpopular.com\/wp-content\/uploads\/2021\/12\/126-PM-768x353.jpg 768w, https:\/\/diarioelpopular.com\/wp-content\/uploads\/2021\/12\/126-PM-146x67.jpg 146w, https:\/\/diarioelpopular.com\/wp-content\/uploads\/2021\/12\/126-PM.jpg 800w\" sizes=\"auto, (max-width: 636px) 100vw, 636px\" \/><\/p>\n<h4><em><strong>&#8211; La mayor\u00eda de los canadienses no viajar\u00e1 durante el per\u00edodo de vacaciones, seg\u00fan una nueva encuesta, ya que la variante Omicron altamente transmisible contin\u00faa impulsando un r\u00e1pido aumento en los casos de COVID-19 en el pa\u00eds y en el extranjero.<\/strong><\/em><\/h4>\n<h4><em><strong>&#8211; Ontario ve el segundo total de casos de COVID diario m\u00e1s alto, los datos completos se publicar\u00e1n este mi\u00e9rcoles<\/strong><\/em><\/h4>\n<p>&nbsp;<\/p>\n<p><em><strong>OTTAWA.-<\/strong> <\/em>En una encuesta llevada a cabo por por RedFlagDeals.com, el 79 por ciento dijo que no planea viajar en avi\u00f3n durante la temporada navide\u00f1a de 2021. Pero casi el 22 por ciento dijo que lo har\u00eda.<\/p>\n<p>La encuesta en l\u00ednea incluy\u00f3 a 1.157 participantes y se llev\u00f3 a cabo del 15 al 20 de diciembre. Las preguntas de la encuesta se centraron en los viajes a\u00e9reos, que se consideran relativamente m\u00e1s seguros que los viajes en crucero, en el contexto de COVID-19, aunque m\u00e1s riesgosos que viajar en autom\u00f3vil.<\/p>\n<p>Al prestar atenci\u00f3n a la advertencia de viaje del gobierno federal para evitar viajes no esenciales, el 31 por ciento de los encuestados dijeron que hab\u00edan cancelado sus vuelos debido a la amenaza de Omicron. Alrededor del 63 por ciento dijo que dudaba en reservar nuevos vuelos debido a ello.<\/p>\n<p>Sin embargo, el 70 por ciento afirm\u00f3 que la variante Omicron, que amenaza con reemplazar la variante Delta como la cepa dominante en varios pa\u00edses, no hab\u00eda afectado sus planes de viaje.<\/p>\n<p>La variante Omicron ya ha provocado cientos de cancelaciones de vuelos debido a la escasez de personal relacionada con COVID-19, interrumpiendo las celebraciones navide\u00f1as durante una de las \u00e9pocas de viaje m\u00e1s concurridas del a\u00f1o.<\/p>\n<p>El cambio de regulaci\u00f3n en respuesta a Omicron y la incomodidad entre los canadienses est\u00e1 obligando a muchos a reconsiderar sus planes de viaje, dijo Kate Musgrove, directora de RedFlagDeals.com.<\/p>\n<p>Las primeras investigaciones muestran que la variante Omicron es m\u00e1s transmisible que Delta, aunque conlleva menos riesgo de hospitalizaci\u00f3n y enfermedades graves.<\/p>\n<p>&#8220;La nueva variante, que es mucho m\u00e1s contagiosa, es una gran preocupaci\u00f3n para la gente&#8221;, dijo Musgrove a Global News.<\/p>\n<p>A pesar de la preocupaci\u00f3n, el 76 por ciento cree que las aerol\u00edneas han instituido medidas de seguridad COVID-19 razonables.<\/p>\n<p>\u201cAs\u00ed que no es que sientan que las aerol\u00edneas no est\u00e1n haciendo un buen trabajo para mantener a las personas seguras. Simplemente sienten que, inherentemente, hay demasiado riesgo o demasiadas inc\u00f3gnitas \u201d, dijo Musgrove.<\/p>\n<p>En un esfuerzo por mitigar el impacto de Omicron, Canad\u00e1 ha endurecido sus restricciones de viaje.<\/p>\n<p>A partir de esta semana, los canadienses que regresan a casa de viajes al extranjero, independientemente de la duraci\u00f3n, deben mostrar una prueba de una prueba PCR COVID-19 negativa para volver a ingresar al pa\u00eds.<\/p>\n<p>El 15 de diciembre, el gobierno federal emiti\u00f3 una nueva advertencia de viaje instando a los canadienses, independientemente de su estado de vacunaci\u00f3n, a evitar viajes no esenciales fuera del pa\u00eds.<\/p>\n<p>Hubo una &#8220;avalancha de cancelaciones&#8221; una vez que el gobierno restableci\u00f3 el aviso de Nivel 3, dijo Richard Vanderlubbe, presidente de Tripcentral.ca.<\/p>\n<p>Con muchos cambios de horario, nuevas reservas y gente sentada en la valla, ha sido muy &#8220;ca\u00f3tico&#8221;, dijo.<\/p>\n<p>En noviembre, m\u00e1s de nueve veces m\u00e1s residentes canadienses que viajaron al extranjero regresaron a trav\u00e9s de los aeropuertos canadienses, en comparaci\u00f3n con ese n\u00famero en la misma \u00e9poca del a\u00f1o pasado, seg\u00fan Statistics Canada.<\/p>\n<p>Martin Firestone, un corredor de seguros de viaje en Toronto, dijo que la \u00faltima variante y el aviso de viaje han frenado nuevamente los viajes, justo cuando la demanda se estaba recuperando nuevamente.<\/p>\n<p>\u201cEn general, en noviembre, antes de Omicron, hab\u00eda una gran demanda reprimida [para viajar]\u201d, dijo a Global News.<br \/>\n\u201cFinalmente est\u00e1bamos comenzando a sentirnos bien nuevamente con los viajes, con dos vacunas, inyecciones de refuerzo, as\u00ed que esto ha sido un rev\u00e9s\u201d, dijo Firestone, quien es el presidente de Travel Secure.<\/p>\n<p><em><strong>Planes de viaje futuros<\/strong><\/em><br \/>\nM\u00e1s all\u00e1 de la temporada navide\u00f1a, el 45 por ciento dijo que planea tomar un vuelo en los pr\u00f3ximos seis a 12 meses, el 25 por ciento dijo que volar\u00e1 dentro de los seis meses y el 22 por ciento en los pr\u00f3ximos uno a tres meses.<\/p>\n<p>Si bien existe la demanda y el deseo de viajar, las restricciones COVID-19 en constante cambio desalientan a los canadienses de hacer las maletas y subir a un avi\u00f3n.<\/p>\n<p>\u201cLa decepci\u00f3n es la preocupaci\u00f3n planteada por el gobierno de que podr\u00eda terminar teniendo dificultades para llegar a casa, o que las condiciones de la frontera podr\u00edan cambiar, o cualquier otra cosa\u201d, dijo Vanderlubbe.<\/p>\n<p>A\u00fan as\u00ed, para aquellos que buscan reservar un vuelo, un abrumador 71 por ciento dice que ser\u00e1 por placer. Solo el cuatro por ciento dijo que viajar\u00eda por motivos de trabajo.<\/p>\n<p>Planes de viaje futuros<br \/>\nM\u00e1s all\u00e1 de la temporada navide\u00f1a, el 45 por ciento dijo que planea tomar un vuelo en los pr\u00f3ximos seis a 12 meses, el 25 por ciento dijo que volar\u00e1 dentro de los seis meses y el 22 por ciento en los pr\u00f3ximos uno a tres meses.<\/p>\n<p>Si bien existe la demanda y el deseo de viajar, las restricciones COVID-19 en constante cambio desalientan a los canadienses de hacer las maletas y subir a un avi\u00f3n.<\/p>\n<p>\u201cLa decepci\u00f3n es la preocupaci\u00f3n planteada por el gobierno de que podr\u00eda terminar teniendo dificultades para llegar a casa, o que las condiciones de la frontera podr\u00edan cambiar, o cualquier otra cosa\u201d, dijo Vanderlubbe.<\/p>\n<p>A\u00fan as\u00ed, para aquellos que buscan reservar un vuelo, un abrumador 71 por ciento dice que ser\u00e1 por placer. Solo el cuatro por ciento dijo que viajar\u00eda por motivos de trabajo.<\/p>\n<p>Casi la mitad de los encuestados dijeron que viajar\u00e1n dentro de Canad\u00e1. Asia y Europa fueron los principales destinos de viajes internacionales, seg\u00fan muestran los resultados de la encuesta.<\/p>\n<p>&#8220;Hay una bajada bastante pronunciada para viajar fuera de Am\u00e9rica del Norte&#8221;, dijo Musgrove.<\/p>\n<p>&#8220;Mucho de eso tiene que ver con su propia comodidad con el nivel de riesgo y tal vez con la idea de que pueden viajar, enfermarse y luego tener que estar en cuarentena all\u00ed, [lo que] obviamente se vuelve mucho m\u00e1s complicado cuanto m\u00e1s lejos est\u00e1s de casa&#8221;.<\/p>\n<p>&nbsp;<\/p>\n<h4><em><strong>&#8211; Ontario ve el segundo total de casos de COVID diario m\u00e1s alto, los datos completos se publicar\u00e1n este mi\u00e9rcoles<\/strong><\/em><\/h4>\n<p>El ministro de salud de Ontario dijo que la provincia ha registrado 9,826 casos nuevos de COVID-19, lo que marca el segundo total diario m\u00e1s alto desde que comenz\u00f3 la pandemia.<\/p>\n<p>Sin embargo, el gobierno no publicar\u00e1 el conjunto completo de datos, incluida informaci\u00f3n sobre muertes y vol\u00famenes de pruebas, hasta este mi\u00e9rcoles debido a las vacaciones.<\/p>\n<p>Seg\u00fan una actualizaci\u00f3n publicada en Twitter el domingo por la ma\u00f1ana por Christine Elliott, 373 personas se encuentran en hospitales de Ontario debido al COVID-19, en comparaci\u00f3n con las 510 informadas el d\u00eda anterior. Agreg\u00f3 que no todos los hospitales brindan actualizaciones los d\u00edas festivos o fines de semana.<\/p>\n<p>Cuando se trata de pacientes en las unidades provinciales de cuidados intensivos, dijo que hay 168 pacientes, un aumento de una persona en comparaci\u00f3n con el d\u00eda anterior.<\/p>\n<p>Con respecto a las vacunas, Elliott dijo que se administraron m\u00e1s de 106,000 dosis los viernes y s\u00e1bados.<\/p>\n<p>Actualmente, dijo que el 90,7 por ciento de los residentes de Ontario de 12 a\u00f1os o m\u00e1s tienen una dosis, mientras que el 88 por ciento tiene dos dosis. La informaci\u00f3n sobre las vacunas para ni\u00f1os de cinco a 11 a\u00f1os, as\u00ed como los datos sobre los refuerzos, no se publicaron en Twitter.<\/p>\n<p>La informaci\u00f3n se produjo despu\u00e9s de que Public Health Ontario informara el s\u00e1bado que la provincia registr\u00f3 10,412 infecciones, que es la m\u00e1s alta desde que comenz\u00f3 la pandemia.<\/p>\n<p>El nuevo promedio de casos de siete d\u00edas es de 6.746, frente a los 3.153 del s\u00e1bado.<\/p>\n<p>Con los datos publicados el mi\u00e9rcoles, el nuevo promedio de siete d\u00edas de casos es de 3.520, frente a los 5.939 del martes.<\/p>\n<p>Los expertos dijeron que creen que la cantidad de casos nuevos en Ontario, impulsada por la propagaci\u00f3n de la variante Omicron, es m\u00e1s alta de lo que se informa debido a un retraso en las pruebas de COVID-19.<\/p>\n","protected":false},"excerpt":{"rendered":"<p>&#8211; La mayor\u00eda de los canadienses no viajar\u00e1 durante el per\u00edodo de vacaciones, seg\u00fan una nueva encuesta, ya que la variante Omicron altamente transmisible contin\u00faa&hellip;<\/p>\n","protected":false},"author":99,"featured_media":500790,"comment_status":"open","ping_status":"open","sticky":false,"template":"","format":"standard","meta":{"footnotes":""},"categories":[21,11191],"tags":[],"class_list":["post-500789","post","type-post","status-publish","format-standard","has-post-thumbnail","hentry","category-canada","category-top-news"],"_links":{"self":[{"href":"https:\/\/diarioelpopular.com\/index.php\/wp-json\/wp\/v2\/posts\/500789","targetHints":{"allow":["GET"]}}],"collection":[{"href":"https:\/\/diarioelpopular.com\/index.php\/wp-json\/wp\/v2\/posts"}],"about":[{"href":"https:\/\/diarioelpopular.com\/index.php\/wp-json\/wp\/v2\/types\/post"}],"author":[{"embeddable":true,"href":"https:\/\/diarioelpopular.com\/index.php\/wp-json\/wp\/v2\/users\/99"}],"replies":[{"embeddable":true,"href":"https:\/\/diarioelpopular.com\/index.php\/wp-json\/wp\/v2\/comments?post=500789"}],"version-history":[{"count":1,"href":"https:\/\/diarioelpopular.com\/index.php\/wp-json\/wp\/v2\/posts\/500789\/revisions"}],"predecessor-version":[{"id":500791,"href":"https:\/\/diarioelpopular.com\/index.php\/wp-json\/wp\/v2\/posts\/500789\/revisions\/500791"}],"wp:featuredmedia":[{"embeddable":true,"href":"https:\/\/diarioelpopular.com\/index.php\/wp-json\/wp\/v2\/media\/500790"}],"wp:attachment":[{"href":"https:\/\/diarioelpopular.com\/index.php\/wp-json\/wp\/v2\/media?parent=500789"}],"wp:term":[{"taxonomy":"category","embeddable":true,"href":"https:\/\/diarioelpopular.com\/index.php\/wp-json\/wp\/v2\/categories?post=500789"},{"taxonomy":"post_tag","embeddable":true,"href":"https:\/\/diarioelpopular.com\/index.php\/wp-json\/wp\/v2\/tags?post=500789"}],"curies":[{"name":"wp","href":"https:\/\/api.w.org\/{rel}","templated":true}]}}