{"id":500810,"date":"2021-12-28T12:14:50","date_gmt":"2021-12-28T16:14:50","guid":{"rendered":"https:\/\/diarioelpopular.com\/?p=500810"},"modified":"2021-12-28T12:14:50","modified_gmt":"2021-12-28T16:14:50","slug":"torturadores-y-criminales-de-guerra-en-la-mira-de-eeuu-podrian-ser-deportados","status":"publish","type":"post","link":"https:\/\/diarioelpopular.com\/index.php\/2021\/12\/28\/torturadores-y-criminales-de-guerra-en-la-mira-de-eeuu-podrian-ser-deportados\/","title":{"rendered":"Torturadores y criminales de guerra en la mira de EEUU podr\u00edan ser deportados"},"content":{"rendered":"<div id=\"attachment_500811\" style=\"width: 646px\" class=\"wp-caption alignnone\"><img loading=\"lazy\" decoding=\"async\" aria-describedby=\"caption-attachment-500811\" class=\"size-custom-full-size wp-image-500811\" src=\"https:\/\/diarioelpopular.com\/wp-content\/uploads\/2021\/12\/Juicio-News_0_fitted-636x358.jpg\" alt=\"\" width=\"636\" height=\"358\" srcset=\"https:\/\/diarioelpopular.com\/wp-content\/uploads\/2021\/12\/Juicio-News_0_fitted-636x358.jpg 636w, https:\/\/diarioelpopular.com\/wp-content\/uploads\/2021\/12\/Juicio-News_0_fitted-300x169.jpg 300w, https:\/\/diarioelpopular.com\/wp-content\/uploads\/2021\/12\/Juicio-News_0_fitted-768x432.jpg 768w, https:\/\/diarioelpopular.com\/wp-content\/uploads\/2021\/12\/Juicio-News_0_fitted-130x73.jpg 130w, https:\/\/diarioelpopular.com\/wp-content\/uploads\/2021\/12\/Juicio-News_0_fitted.jpg 1024w\" sizes=\"auto, (max-width: 636px) 100vw, 636px\" \/><p id=\"caption-attachment-500811\" class=\"wp-caption-text\"><em>Ex ministro de Defensa salvadore\u00f1o, Jos\u00e9 Guillermo Garc\u00eda, apelar\u00e1 su deportaci\u00f3n de EEUU.<\/em><\/p><\/div>\n<h4><em><strong>&#8211; Estados Unidos realiza m\u00e1s de 180 investigaciones sobre individuos que presuntamente han participado en cr\u00edmenes de guerra, genocidio, limpieza \u00e9tnica, tortura, asesinatos extrajudiciales y otros tipos de violaciones a los derechos humanos en 95 pa\u00edses, incluyendo a naciones de Latinoam\u00e9rica. <\/strong><\/em><\/h4>\n<p>Las pesquisas de la Oficina de Investigaciones de Seguridad Nacional (HSI) son apoyadas por el Centro contra Violadores de los Derechos Humanos y Cr\u00edmenes de Guerra (HRVWCC, por sus siglas en ingl\u00e9s) de la Polic\u00eda de Inmigraci\u00f3n y Control de Aduanas de Estados Unidos (ICE). ICE dijo que han descubierto a personas involucradas en ese tipo de delitos viviendo en Estados Unidos y que son de pa\u00edses como Colombia, Etiop\u00eda, El Salvador, Liberia, Per\u00fa, Ruanda, la antigua Yugoslavia y la Alemania nazi.<\/p>\n<p>Desde el 2003, ICE ha llevado ante la justicia a m\u00e1s de 469 sujetos por violaciones relacionadas con los derechos humanos y durante ese periodo obtuvo \u00f3rdenes de deportaci\u00f3n contra 1,085 violadores o presuntos violadores de esos derechos, de acuerdo con las estad\u00edsticas de esa agencia gubernamental hasta el 1ro. de octubre de 2021, publicadas a inicios de diciembre. Nicaragua tiene el mayor n\u00famero de remociones de violadores de los derechos humanos y criminales de guerra relacionados con Latinoam\u00e9rica al ser deportados 53 sujetos durante el periodo mencionado, seguido por Colombia con 31, M\u00e9xico con 21 y Per\u00fa con 19.<\/p>\n<p>Argentina tiene cinco deportaciones, seguida por Cuba, Venezuela y Ecuador con cuatro cada uno, luego Chile con tres, Brasil y Rep\u00fablica Dominicana con dos, y Guayana, Bolivia y Suriname con una.<\/p>\n<p><em><strong>DEPORTACI\u00d3N DE GENERAL SALVADORE\u00d1O Y DE EX GUARDIA NAZI <\/strong><\/em><\/p>\n<p>Uno de los casos que destac\u00f3 ICE fue la deportaci\u00f3n en enero de 2016 del general Jos\u00e9 Guillermo Garc\u00eda Merino, exministro de defensa salvadore\u00f1o, por su \u201cparticipaci\u00f3n en violaciones de los derechos humanos durante la guerra civil en El Salvador, las cuales incluyeron los actos de tortura y asesinatos extrajudiciales en El Mozote\u201d.<\/p>\n<p>El hecho ocurri\u00f3 el 13 de diciembre de 1981 cuando el batall\u00f3n Atlacatl, con el apoyo de otras unidades de las fuerzas armadas de El Salvador, \u201casesin\u00f3 sistem\u00e1ticamente a m\u00e1s de 1,000 aldeanos en El Mozote y comunidades aleda\u00f1as, incluyendo Arambala, La Joya, Los Toriles, Rancher\u00eda, Jocote Amarillo y Cerro Panda. M\u00e1s de la mitad de las v\u00edctimas eran ni\u00f1os\u201d.<\/p>\n<p>Tambi\u00e9n mencion\u00f3 la remoci\u00f3n a Alemania de Friedrich Karl Berger, exguardia de un campo de concentraci\u00f3n nazi de 95 a\u00f1os, \u201cuno de los \u00faltimos nazis fugitivos\u201d que fue expulsado de Estados Unidos el 21 de febrero de 2021.<\/p>\n<p>Friedrich Karl Berger particip\u00f3 en la persecuci\u00f3n patrocinada por los nazis mientras se desempe\u00f1aba en 1945 como guardia armado en el sistema de campos de concentraci\u00f3n de Neuengamme, inform\u00f3 la agencia gubernamental. \u201cEl arresto y deportaci\u00f3n de Berger refuerza los esfuerzos continuos de ICE en apoyo de los derechos humanos. Tambi\u00e9n sirve como un claro recordatorio de que la lucha contra atrocidades como las cometidas durante la Segunda Guerra Mundial no debe terminar nunca\u201d, enfatiz\u00f3.<\/p>\n<p>El HRVWCC ha emitido m\u00e1s de 78,000 \u00f3rdenes de vigilancia contra individuos procedentes de m\u00e1s de 110 pa\u00edses e impedido que m\u00e1s de 350 violadores de los derechos humanos y sospechosos de haber cometido cr\u00edmenes de guerra ingresaran a Estados Unidos desde 2003. Si usted tiene informaci\u00f3n sobre extranjeros que se sospecha han participado en abusos de los derechos humanos y cr\u00edmenes de guerra puede llamar al 1-866-DHS-2423 (1-866-347-2423) o completar su formulario en l\u00ednea en ice.gov\/tips. Las personas que compartan informaci\u00f3n pueden permanecer an\u00f3nimas.<\/p>\n<p>&nbsp;<\/p>\n","protected":false},"excerpt":{"rendered":"<p>&#8211; Estados Unidos realiza m\u00e1s de 180 investigaciones sobre individuos que presuntamente han participado en cr\u00edmenes de guerra, genocidio, limpieza \u00e9tnica, tortura, asesinatos extrajudiciales y&hellip;<\/p>\n","protected":false},"author":99,"featured_media":500811,"comment_status":"open","ping_status":"open","sticky":false,"template":"","format":"standard","meta":{"footnotes":""},"categories":[23,11354],"tags":[],"class_list":["post-500810","post","type-post","status-publish","format-standard","has-post-thumbnail","hentry","category-latinoamerica","category-sucesos"],"_links":{"self":[{"href":"https:\/\/diarioelpopular.com\/index.php\/wp-json\/wp\/v2\/posts\/500810","targetHints":{"allow":["GET"]}}],"collection":[{"href":"https:\/\/diarioelpopular.com\/index.php\/wp-json\/wp\/v2\/posts"}],"about":[{"href":"https:\/\/diarioelpopular.com\/index.php\/wp-json\/wp\/v2\/types\/post"}],"author":[{"embeddable":true,"href":"https:\/\/diarioelpopular.com\/index.php\/wp-json\/wp\/v2\/users\/99"}],"replies":[{"embeddable":true,"href":"https:\/\/diarioelpopular.com\/index.php\/wp-json\/wp\/v2\/comments?post=500810"}],"version-history":[{"count":1,"href":"https:\/\/diarioelpopular.com\/index.php\/wp-json\/wp\/v2\/posts\/500810\/revisions"}],"predecessor-version":[{"id":500812,"href":"https:\/\/diarioelpopular.com\/index.php\/wp-json\/wp\/v2\/posts\/500810\/revisions\/500812"}],"wp:featuredmedia":[{"embeddable":true,"href":"https:\/\/diarioelpopular.com\/index.php\/wp-json\/wp\/v2\/media\/500811"}],"wp:attachment":[{"href":"https:\/\/diarioelpopular.com\/index.php\/wp-json\/wp\/v2\/media?parent=500810"}],"wp:term":[{"taxonomy":"category","embeddable":true,"href":"https:\/\/diarioelpopular.com\/index.php\/wp-json\/wp\/v2\/categories?post=500810"},{"taxonomy":"post_tag","embeddable":true,"href":"https:\/\/diarioelpopular.com\/index.php\/wp-json\/wp\/v2\/tags?post=500810"}],"curies":[{"name":"wp","href":"https:\/\/api.w.org\/{rel}","templated":true}]}}