{"id":500822,"date":"2021-12-30T10:27:29","date_gmt":"2021-12-30T14:27:29","guid":{"rendered":"https:\/\/diarioelpopular.com\/?p=500822"},"modified":"2021-12-30T10:27:29","modified_gmt":"2021-12-30T14:27:29","slug":"nuevo-ministro-de-educacion-tercero-en-5-meses","status":"publish","type":"post","link":"https:\/\/diarioelpopular.com\/index.php\/2021\/12\/30\/nuevo-ministro-de-educacion-tercero-en-5-meses\/","title":{"rendered":"Nuevo ministro de Educaci\u00f3n, tercero en 5 meses"},"content":{"rendered":"<div id=\"attachment_500823\" style=\"width: 646px\" class=\"wp-caption alignnone\"><img loading=\"lazy\" decoding=\"async\" aria-describedby=\"caption-attachment-500823\" class=\"size-custom-full-size wp-image-500823\" src=\"https:\/\/diarioelpopular.com\/wp-content\/uploads\/2021\/12\/1.cfd348-636x424.jpg\" alt=\"\" width=\"636\" height=\"424\" srcset=\"https:\/\/diarioelpopular.com\/wp-content\/uploads\/2021\/12\/1.cfd348-636x424.jpg 636w, https:\/\/diarioelpopular.com\/wp-content\/uploads\/2021\/12\/1.cfd348-300x200.jpg 300w, https:\/\/diarioelpopular.com\/wp-content\/uploads\/2021\/12\/1.cfd348-768x512.jpg 768w, https:\/\/diarioelpopular.com\/wp-content\/uploads\/2021\/12\/1.cfd348-110x73.jpg 110w, https:\/\/diarioelpopular.com\/wp-content\/uploads\/2021\/12\/1.cfd348.jpg 800w\" sizes=\"auto, (max-width: 636px) 100vw, 636px\" \/><p id=\"caption-attachment-500823\" class=\"wp-caption-text\"><strong><em>Jur\u00f3 ministro de Educaci\u00f3n, tercero en 5 meses gobierno (foto: EPA)<\/em><\/strong><\/p><\/div>\n<p><em><strong>LIMA, 30 DIC &#8211;<\/strong><\/em> Rosendo Leoncio Serna Rom\u00e1n prest\u00f3 juramento en Per\u00fa como nuevo ministro de Educaci\u00f3n, en un acto presidido por el presidente, Pedro Castillo, y sustituye as\u00ed al renunciante Carlos Gallardo, desplazado por el Parlamento.<br \/>\nLo inform\u00f3 la agencia de prensa peruana Andina.<br \/>\nSerna Rom\u00e1n es el tercer ministro que asume al frente del Ministerio de Educaci\u00f3n durante los cinco meses de gobierno de Castillo, y es el 12 ministro que el jefe de Estado se vio obligado a sustituir desde julio por la presi\u00f3n de la oposici\u00f3n de centroderecha y de derecha.<br \/>\nProfesor universitario y hasta el martes director regional de Educaci\u00f3n de la provincia de Hu\u00e1nuco, el nuevo ministro se hab\u00eda afiliado al partido de centroizquierda Juntos por el Per\u00fa en 2019, del cual anunci\u00f3 querer dejar para operar con mayor libertad en sus nuevas funciones.<br \/>\nEl primer compromiso que le espera es el regreso a las aulas de manera presencial, decidida por el Parlamento para marzo de 2022, a pesar de los efectos a\u00fan importantes de la pandemia de coronavirus en Per\u00fa.<br \/>\nDesde el 28 de julio, d\u00eda de la toma de posesi\u00f3n al frente del pa\u00eds de Castillo, 12 miembros del gobierno han sido reemplazados bas\u00e1ndose en diversas acusaciones del Parlamento, entre ellos el presidente del consejo de ministros, Guido Bellido, reemplazado por el 6 de octubre de Mirtha V\u00e1squez.<\/p>\n","protected":false},"excerpt":{"rendered":"<p>LIMA, 30 DIC &#8211; Rosendo Leoncio Serna Rom\u00e1n prest\u00f3 juramento en Per\u00fa como nuevo ministro de Educaci\u00f3n, en un acto presidido por el presidente, Pedro&hellip;<\/p>\n","protected":false},"author":99,"featured_media":500823,"comment_status":"open","ping_status":"open","sticky":false,"template":"","format":"standard","meta":{"footnotes":""},"categories":[23],"tags":[],"class_list":["post-500822","post","type-post","status-publish","format-standard","has-post-thumbnail","hentry","category-latinoamerica"],"_links":{"self":[{"href":"https:\/\/diarioelpopular.com\/index.php\/wp-json\/wp\/v2\/posts\/500822","targetHints":{"allow":["GET"]}}],"collection":[{"href":"https:\/\/diarioelpopular.com\/index.php\/wp-json\/wp\/v2\/posts"}],"about":[{"href":"https:\/\/diarioelpopular.com\/index.php\/wp-json\/wp\/v2\/types\/post"}],"author":[{"embeddable":true,"href":"https:\/\/diarioelpopular.com\/index.php\/wp-json\/wp\/v2\/users\/99"}],"replies":[{"embeddable":true,"href":"https:\/\/diarioelpopular.com\/index.php\/wp-json\/wp\/v2\/comments?post=500822"}],"version-history":[{"count":1,"href":"https:\/\/diarioelpopular.com\/index.php\/wp-json\/wp\/v2\/posts\/500822\/revisions"}],"predecessor-version":[{"id":500824,"href":"https:\/\/diarioelpopular.com\/index.php\/wp-json\/wp\/v2\/posts\/500822\/revisions\/500824"}],"wp:featuredmedia":[{"embeddable":true,"href":"https:\/\/diarioelpopular.com\/index.php\/wp-json\/wp\/v2\/media\/500823"}],"wp:attachment":[{"href":"https:\/\/diarioelpopular.com\/index.php\/wp-json\/wp\/v2\/media?parent=500822"}],"wp:term":[{"taxonomy":"category","embeddable":true,"href":"https:\/\/diarioelpopular.com\/index.php\/wp-json\/wp\/v2\/categories?post=500822"},{"taxonomy":"post_tag","embeddable":true,"href":"https:\/\/diarioelpopular.com\/index.php\/wp-json\/wp\/v2\/tags?post=500822"}],"curies":[{"name":"wp","href":"https:\/\/api.w.org\/{rel}","templated":true}]}}