{"id":500825,"date":"2021-12-30T10:37:53","date_gmt":"2021-12-30T14:37:53","guid":{"rendered":"https:\/\/diarioelpopular.com\/?p=500825"},"modified":"2021-12-30T10:37:53","modified_gmt":"2021-12-30T14:37:53","slug":"ecuador-pone-fin-al-estado-de-excepcion-en-carceles-tras-oleada-de-violencia","status":"publish","type":"post","link":"https:\/\/diarioelpopular.com\/index.php\/2021\/12\/30\/ecuador-pone-fin-al-estado-de-excepcion-en-carceles-tras-oleada-de-violencia\/","title":{"rendered":"Ecuador pone fin al Estado de excepci\u00f3n en c\u00e1rceles tras oleada de violencia"},"content":{"rendered":"<p><img loading=\"lazy\" decoding=\"async\" class=\"size-custom-full-size wp-image-500827\" src=\"https:\/\/diarioelpopular.com\/wp-content\/uploads\/2021\/12\/1.1229111441-636x400.jpg\" alt=\"\" width=\"636\" height=\"400\" srcset=\"https:\/\/diarioelpopular.com\/wp-content\/uploads\/2021\/12\/1.1229111441-636x400.jpg 636w, https:\/\/diarioelpopular.com\/wp-content\/uploads\/2021\/12\/1.1229111441-300x189.jpg 300w, https:\/\/diarioelpopular.com\/wp-content\/uploads\/2021\/12\/1.1229111441-768x483.jpg 768w, https:\/\/diarioelpopular.com\/wp-content\/uploads\/2021\/12\/1.1229111441-116x73.jpg 116w, https:\/\/diarioelpopular.com\/wp-content\/uploads\/2021\/12\/1.1229111441.jpg 800w\" sizes=\"auto, (max-width: 636px) 100vw, 636px\" \/><\/p>\n<p><em><strong>&#8211; La ministra de gobierno de Ecuador, Alexandra Vela, anuncio el fin oficial del Estado de excepci\u00f3n en los centros penitenciarios tras no renovar la medida. Sin embargo, resalt\u00f3 que laPolic\u00eda ecuatoriana contar\u00e1 con el respaldo de las Fuerzas Armadas para controlar las c\u00e1rceles.<\/strong><\/em><\/p>\n<p>\u201cHoy recorrimos la Penitenciar\u00eda del Litoral para verificar que el orden se mantenga. Termina el Estado de excepci\u00f3n, y siguiendo el r\u00e9gimen legal, la Polic\u00eda de Ecuador, con respaldo de las Fuerzas Armadas, permanecer\u00e1n ejerciendo el control en todos los centros penitenciarios del pa\u00eds\u201d, anunci\u00f3 Vela en un mensaje publicado en su perfil oficial de Twitter.<\/p>\n<p>Vela tambi\u00e9n confirm\u00f3 la muerte violenta de un recluso en la c\u00e1rcel regional, ubicada a las afueras de Guayaquil, pero subray\u00f3 que\u00a0no est\u00e1 vinculada a ninguna revuelta por su visita al centro,\u00a0seg\u00fan recoge el peri\u00f3dico El Universo.<\/p>\n<p>Posteriormente, el Servicio Nacional de Atenci\u00f3n Integral a Adultos Privados de la Libertad y Adolescentes Infractores (SNAI) declar\u00f3 que, efectivamente, \u201cno est\u00e1 relacionado con los reclamos que se efectuaron en otro centro penitenciario\u201d, tal y como recoge el diario \u201cEl Tel\u00e9grafo\u201d.<\/p>\n<p>Sin embargo, durante el recorrido realizado por las autoridades ecuatorianas, los cuerpos de seguridad alertaron sobre un posible amotinamiento en la c\u00e1rcel regional en Guayaquil, por lo que se tuvieron que evacuar las visitas, seg\u00fan informa radio Sonorama.<\/p>\n<p>El Gobierno de Ecuador ya anunci\u00f3 este lunes que no renovar\u00eda el Estado de excepci\u00f3n declarado en los centros penitenciarios del pa\u00eds ante la oleada de violencia que se ha vivido este a\u00f1o, por lo que la medida llegaba a su fin este martes.<\/p>\n<p>El viceministro del Interior, Max Campos, confirm\u00f3 la decisi\u00f3n del Ejecutivo, aunque matiz\u00f3 que la Polic\u00eda y las Fuerzas Armadas seguir\u00e1n teniendo presencia en las c\u00e1rceles seg\u00fan sus competencias.<\/p>\n<p>\u201cEste momento, al finalizar el Estado de excepci\u00f3n, y despu\u00e9s de la reuni\u00f3n que se tuvo en el Gabinete de Seguridad,las Fuerzas Armadas y la Polic\u00eda Nacional continuar\u00e1n, sin necesidad de que est\u00e9 el Estado de excepci\u00f3n,\u00a0apoyando al Servicio Nacional de Atenci\u00f3n Integral a las personas privadas de la libertad y adolescentes infractores (SNAI)\u201d, indic\u00f3 Campos en radio Sonorama.<\/p>\n<p>El presidente de Ecuador, Guillermo Lasso, decret\u00f3 el pasado 18 de octubre el Estado de excepci\u00f3n en las c\u00e1rceles con el objetivo de \u201ccontrolar\u201d y \u201crestablecer\u201d su normal funcionamiento tras la oleada de violencia que se ha vivido en los \u00faltimos meses.<\/p>\n<p>En concordancia con esta medida, las Fuerzas Armadas y la Polic\u00eda Nacional estaban habilitadas para llevar a cabo controles de armas, inspecciones, patrullajes durante las 24 horas del d\u00eda y requisiciones de droga, entre otras acciones.<\/p>\n<p>El pa\u00eds atraviesa una crisis de seguridad que ha dejado varias masacres en centros penitenciarios del pa\u00eds y ha enfrentado a varias bandas.\u00a0La \u00faltima de ellas, en la Penitenciar\u00eda del Litoral, dejo 65 presos fallecidos, mientras que el n\u00famero total de presos muertos en 2021 asciende a 327, en comparaci\u00f3n con la cifra de 2020, cuando fueron 52.<\/p>\n<div class=\"teads-inread teads-display sm-screen\">\n<div>\n<div class=\"teads-ui-components-adchoices\"><\/div>\n<\/div>\n<\/div>\n","protected":false},"excerpt":{"rendered":"<p>&#8211; La ministra de gobierno de Ecuador, Alexandra Vela, anuncio el fin oficial del Estado de excepci\u00f3n en los centros penitenciarios tras no renovar la&hellip;<\/p>\n","protected":false},"author":99,"featured_media":500827,"comment_status":"open","ping_status":"open","sticky":false,"template":"","format":"standard","meta":{"footnotes":""},"categories":[23],"tags":[],"class_list":["post-500825","post","type-post","status-publish","format-standard","has-post-thumbnail","hentry","category-latinoamerica"],"_links":{"self":[{"href":"https:\/\/diarioelpopular.com\/index.php\/wp-json\/wp\/v2\/posts\/500825","targetHints":{"allow":["GET"]}}],"collection":[{"href":"https:\/\/diarioelpopular.com\/index.php\/wp-json\/wp\/v2\/posts"}],"about":[{"href":"https:\/\/diarioelpopular.com\/index.php\/wp-json\/wp\/v2\/types\/post"}],"author":[{"embeddable":true,"href":"https:\/\/diarioelpopular.com\/index.php\/wp-json\/wp\/v2\/users\/99"}],"replies":[{"embeddable":true,"href":"https:\/\/diarioelpopular.com\/index.php\/wp-json\/wp\/v2\/comments?post=500825"}],"version-history":[{"count":1,"href":"https:\/\/diarioelpopular.com\/index.php\/wp-json\/wp\/v2\/posts\/500825\/revisions"}],"predecessor-version":[{"id":500828,"href":"https:\/\/diarioelpopular.com\/index.php\/wp-json\/wp\/v2\/posts\/500825\/revisions\/500828"}],"wp:featuredmedia":[{"embeddable":true,"href":"https:\/\/diarioelpopular.com\/index.php\/wp-json\/wp\/v2\/media\/500827"}],"wp:attachment":[{"href":"https:\/\/diarioelpopular.com\/index.php\/wp-json\/wp\/v2\/media?parent=500825"}],"wp:term":[{"taxonomy":"category","embeddable":true,"href":"https:\/\/diarioelpopular.com\/index.php\/wp-json\/wp\/v2\/categories?post=500825"},{"taxonomy":"post_tag","embeddable":true,"href":"https:\/\/diarioelpopular.com\/index.php\/wp-json\/wp\/v2\/tags?post=500825"}],"curies":[{"name":"wp","href":"https:\/\/api.w.org\/{rel}","templated":true}]}}