{"id":500837,"date":"2021-12-31T10:10:57","date_gmt":"2021-12-31T14:10:57","guid":{"rendered":"https:\/\/diarioelpopular.com\/?p=500837"},"modified":"2021-12-31T10:10:57","modified_gmt":"2021-12-31T14:10:57","slug":"las-hospitalizaciones-estan-aumentando-en-canada-debido-a-omicron-pero-el-impacto-futuro-es-incierto","status":"publish","type":"post","link":"https:\/\/diarioelpopular.com\/index.php\/2021\/12\/31\/las-hospitalizaciones-estan-aumentando-en-canada-debido-a-omicron-pero-el-impacto-futuro-es-incierto\/","title":{"rendered":"Las hospitalizaciones est\u00e1n aumentando en Canad\u00e1 debido a Omicron, pero el impacto futuro es incierto"},"content":{"rendered":"<p><img loading=\"lazy\" decoding=\"async\" class=\"alignnone size-custom-full-size wp-image-500838\" src=\"https:\/\/diarioelpopular.com\/wp-content\/uploads\/2021\/12\/1.scaled-1-636x424.jpg\" alt=\"\" width=\"636\" height=\"424\" srcset=\"https:\/\/diarioelpopular.com\/wp-content\/uploads\/2021\/12\/1.scaled-1-636x424.jpg 636w, https:\/\/diarioelpopular.com\/wp-content\/uploads\/2021\/12\/1.scaled-1-300x200.jpg 300w, https:\/\/diarioelpopular.com\/wp-content\/uploads\/2021\/12\/1.scaled-1-768x512.jpg 768w, https:\/\/diarioelpopular.com\/wp-content\/uploads\/2021\/12\/1.scaled-1-110x73.jpg 110w, https:\/\/diarioelpopular.com\/wp-content\/uploads\/2021\/12\/1.scaled-1.jpg 800w\" sizes=\"auto, (max-width: 636px) 100vw, 636px\" \/><\/p>\n<h4><em><strong>&#8211; Niveles sin precedentes de COVID-19 en todo Canad\u00e1 tambi\u00e9n est\u00e1n impulsando las hospitalizaciones y una vez m\u00e1s amenazan a muchos sistemas provinciales de atenci\u00f3n m\u00e9dica.<\/strong><\/em><\/h4>\n<h4><em><strong>&#8211; Las provincias ajustan las restricciones de COVID-19 a medida que la variante Omicron contin\u00faa aumentando<\/strong><\/em><\/h4>\n<h4><em><strong>&#8211; Cuarta dosis de COVID ofrecida a los residentes de cuidados a largo plazo de Ontario, refuerzos necesarios para el personal y los cuidadores<\/strong><\/em><\/h4>\n<p><em><strong>OTTAWA.-<\/strong><\/em> Sin embargo, los expertos dicen que es demasiado pronto para decir cu\u00e1nto podr\u00edan aumentar las hospitalizaciones en los pr\u00f3ximos d\u00edas y semanas. Con la capacidad de prueba en su punto de ruptura y los datos a\u00fan llegando sobre la gravedad de Omicron, dicen que modelar esta \u00faltima ola requerir\u00e1 actualizar su metodolog\u00eda.<\/p>\n<p>&#8220;Volamos a ciegas&#8221;, dijo Caroline Colijn, profesora de matem\u00e1ticas en la Universidad Simon Fraser que ha estado modelando la pandemia en Columbia Brit\u00e1nica.<\/p>\n<p>&#8220;Existe una buena posibilidad de que para cuando tengamos una imagen m\u00e1s clara de d\u00f3nde estamos y hacia d\u00f3nde podr\u00edamos ir, podr\u00edamos estar en medio de una situaci\u00f3n importante para el sistema de atenci\u00f3n m\u00e9dica&#8221;.<\/p>\n<p>Las hospitalizaciones siempre han sido un indicador rezagado en la pandemia, con un aumento en la ingesta de pacientes que generalmente se produce semanas despu\u00e9s de que los casos comienzan a aumentar.<\/p>\n<p>Esta \u00faltima ola impulsada por Omicron no ha sido diferente. Si bien los casos comenzaron a aumentar notablemente a principios de diciembre, el n\u00famero de casos en el hospital comenz\u00f3 a aumentar dos semanas despu\u00e9s.<\/p>\n<p>Ahora hay m\u00e1s de 2.700 pacientes en el hospital con COVID-19, incluidos casi 500 en cuidados intensivos, un nivel visto por \u00faltima vez en octubre pasado.<\/p>\n<p>El aumento ha sido impulsado en gran medida por Ontario y Quebec, donde los recuentos de casos han superado los 10,000 por d\u00eda. Solo en Quebec, las hospitalizaciones se han duplicado en solo una semana, con 939 pacientes recibiendo atenci\u00f3n hasta el jueves.<\/p>\n<p>&nbsp;<\/p>\n<h4><em><strong>&#8211; Las provincias ajustan las restricciones de COVID-19 a medida que la variante Omicron contin\u00faa aumentando<\/strong><\/em><\/h4>\n<p><em><strong>MONTREAL.-<\/strong><\/em> Con el aumento incesante de la variante Omicron que ahora impulsa el n\u00famero de casos de COVID-19 a nuevos m\u00e1ximos casi a diario, los gobiernos de Canad\u00e1 est\u00e1n contraatacando con restricciones pand\u00e9micas m\u00e1s estrictas.<\/p>\n<p>El premier de Quebec, Francois Legault, ha anunciado la reimposici\u00f3n de las 10 p.m. hasta las 5 a.m. toque de queda que comienza esta noche, v\u00edspera de A\u00f1o Nuevo, y permanecer\u00e1 en vigor indefinidamente. Adem\u00e1s, los restaurantes de la provincia deben cerrar sus comedores a partir de hoy y solo servir comida para llevar, mientras que las reuniones privadas en interiores est\u00e1n prohibidas.<\/p>\n<p>Quebec report\u00f3 un r\u00e9cord de 14.188 nuevas infecciones por COVID el jueves. Ontario tambi\u00e9n confirm\u00f3 un recuento r\u00e9cord con 13.807 casos nuevos, al igual que Gran Breta\u00f1a, Columbia, Alberta y la Isla del Pr\u00edncipe Eduardo con 4.383, 4.000 y 169 casos, respectivamente.<\/p>\n<p>El r\u00e1pido aumento de los casos de COVID ha llevado a algunas provincias a modificar sus planes de regreso a clases extendiendo las vacaciones. En Ontario, la reanudaci\u00f3n de las clases presenciales se retrasar\u00e1 hasta el mi\u00e9rcoles, en Alberta hasta el 10 de enero y en Quebec hasta al menos el 17 de enero.<\/p>\n<p>Nueva Escocia ha anunciado que a partir del lunes, las personas de 30 a\u00f1os o m\u00e1s ser\u00e1n elegibles para vacunas de refuerzo, mientras que en Ontario, las pruebas de PCR financiadas con fondos p\u00fablicos est\u00e1n restringidas solo a personas de alto riesgo que son sintom\u00e1ticas o con riesgo de enfermedad grave.<\/p>\n<p>Mientras tanto, un nuevo estudio de Public Health Ontario sugiere que aquellos infectados con la variante Omicron altamente transmisible tienen significativamente menos probabilidades de ser hospitalizados o morir en comparaci\u00f3n con aquellos con Delta. A\u00fan as\u00ed, la Agencia de Salud P\u00fablica de Canad\u00e1 se\u00f1al\u00f3 el jueves que un promedio de 1.892 personas con COVID-19 estaban siendo tratadas en hospitales canadienses cada d\u00eda esta semana, lo que es un 23 por ciento m\u00e1s que la semana pasada.<\/p>\n<p>&nbsp;<\/p>\n<h4><em><strong>&#8211; Cuarta dosis de COVID ofrecida a los residentes de cuidados a largo plazo de Ontario, refuerzos necesarios para el personal y los cuidadores<\/strong><\/em><\/h4>\n<p><em><strong>TORONTO.-<\/strong> <\/em>El gobierno de Ontario dice que, con efecto inmediato, pondr\u00e1 a disposici\u00f3n de los residentes de cuidados a largo plazo de la provincia las cuartas inyecciones de COVID-19.<\/p>\n<p>Las personas pueden recibir su cuarta dosis de vacuna al menos tres meses, u 84 d\u00edas, despu\u00e9s de su tercera dosis.<\/p>\n<p>Los elegibles incluyen a los residentes de hogares de cuidado a largo plazo, hogares de ancianos, Alder Care Lodges y otros entornos de cuidado colectivo, dijo el gobierno el jueves.<\/p>\n<p>La provincia tambi\u00e9n exige que el personal, los estudiantes, los voluntarios, los cuidadores o los trabajadores de apoyo de los residentes de cuidados a largo plazo deben recibir su tercera dosis de la vacuna COVID-19 antes del 28 de enero.<\/p>\n<p>La medida se produce cuando la provincia endureci\u00f3 las reglas que entraron en vigor el jueves y que detuvieron a los visitantes generales a los hogares de atenci\u00f3n a largo plazo, pero permitieron a los cuidadores esenciales. Tambi\u00e9n se han interrumpido las ausencias diurnas por salidas sociales de los vecinos.<\/p>\n<p>Una vez que los visitantes generales pueden visitar los hogares de cuidados a largo plazo, ellos tambi\u00e9n deben recibir una vacuna de refuerzo, agreg\u00f3 el gobierno.<\/p>\n<p>&#8220;Exigir una tercera dosis de vacuna para el personal de atenci\u00f3n a largo plazo y los cuidadores y ofrecer una cuarta dosis a los residentes es un paso importante que est\u00e1 dando nuestro gobierno para proteger al personal de atenci\u00f3n a largo plazo y a los residentes&#8221;, dijo el Ministro de Cuidados a Largo Plazo de Ontario, Rod Phillips.<\/p>\n<p>&#8220;Les pido a todos los habitantes de Ontario que nos ayuden a proteger a los m\u00e1s vulnerables obteniendo su refuerzo tan pronto como sean elegibles&#8221;.<\/p>\n","protected":false},"excerpt":{"rendered":"<p>&#8211; Niveles sin precedentes de COVID-19 en todo Canad\u00e1 tambi\u00e9n est\u00e1n impulsando las hospitalizaciones y una vez m\u00e1s amenazan a muchos sistemas provinciales de atenci\u00f3n&hellip;<\/p>\n","protected":false},"author":99,"featured_media":500838,"comment_status":"open","ping_status":"open","sticky":false,"template":"","format":"standard","meta":{"footnotes":""},"categories":[21,11191],"tags":[],"class_list":["post-500837","post","type-post","status-publish","format-standard","has-post-thumbnail","hentry","category-canada","category-top-news"],"_links":{"self":[{"href":"https:\/\/diarioelpopular.com\/index.php\/wp-json\/wp\/v2\/posts\/500837","targetHints":{"allow":["GET"]}}],"collection":[{"href":"https:\/\/diarioelpopular.com\/index.php\/wp-json\/wp\/v2\/posts"}],"about":[{"href":"https:\/\/diarioelpopular.com\/index.php\/wp-json\/wp\/v2\/types\/post"}],"author":[{"embeddable":true,"href":"https:\/\/diarioelpopular.com\/index.php\/wp-json\/wp\/v2\/users\/99"}],"replies":[{"embeddable":true,"href":"https:\/\/diarioelpopular.com\/index.php\/wp-json\/wp\/v2\/comments?post=500837"}],"version-history":[{"count":1,"href":"https:\/\/diarioelpopular.com\/index.php\/wp-json\/wp\/v2\/posts\/500837\/revisions"}],"predecessor-version":[{"id":500839,"href":"https:\/\/diarioelpopular.com\/index.php\/wp-json\/wp\/v2\/posts\/500837\/revisions\/500839"}],"wp:featuredmedia":[{"embeddable":true,"href":"https:\/\/diarioelpopular.com\/index.php\/wp-json\/wp\/v2\/media\/500838"}],"wp:attachment":[{"href":"https:\/\/diarioelpopular.com\/index.php\/wp-json\/wp\/v2\/media?parent=500837"}],"wp:term":[{"taxonomy":"category","embeddable":true,"href":"https:\/\/diarioelpopular.com\/index.php\/wp-json\/wp\/v2\/categories?post=500837"},{"taxonomy":"post_tag","embeddable":true,"href":"https:\/\/diarioelpopular.com\/index.php\/wp-json\/wp\/v2\/tags?post=500837"}],"curies":[{"name":"wp","href":"https:\/\/api.w.org\/{rel}","templated":true}]}}