{"id":500844,"date":"2021-12-31T10:22:54","date_gmt":"2021-12-31T14:22:54","guid":{"rendered":"https:\/\/diarioelpopular.com\/?p=500844"},"modified":"2021-12-31T10:22:54","modified_gmt":"2021-12-31T14:22:54","slug":"record-de-capturas-de-extranjeros-en-mexico","status":"publish","type":"post","link":"https:\/\/diarioelpopular.com\/index.php\/2021\/12\/31\/record-de-capturas-de-extranjeros-en-mexico\/","title":{"rendered":"R\u00e9cord de capturas de extranjeros en M\u00e9xico"},"content":{"rendered":"<div id=\"attachment_500845\" style=\"width: 646px\" class=\"wp-caption alignnone\"><img loading=\"lazy\" decoding=\"async\" aria-describedby=\"caption-attachment-500845\" class=\"size-custom-full-size wp-image-500845\" src=\"https:\/\/diarioelpopular.com\/wp-content\/uploads\/2021\/12\/1.cfef5_-636x398.jpg\" alt=\"\" width=\"636\" height=\"398\" srcset=\"https:\/\/diarioelpopular.com\/wp-content\/uploads\/2021\/12\/1.cfef5_-636x398.jpg 636w, https:\/\/diarioelpopular.com\/wp-content\/uploads\/2021\/12\/1.cfef5_-300x188.jpg 300w, https:\/\/diarioelpopular.com\/wp-content\/uploads\/2021\/12\/1.cfef5_-768x481.jpg 768w, https:\/\/diarioelpopular.com\/wp-content\/uploads\/2021\/12\/1.cfef5_-117x73.jpg 117w, https:\/\/diarioelpopular.com\/wp-content\/uploads\/2021\/12\/1.cfef5_.jpg 800w\" sizes=\"auto, (max-width: 636px) 100vw, 636px\" \/><p id=\"caption-attachment-500845\" class=\"wp-caption-text\"><em>Caravana de migrantes, frente a polic\u00edas mexicanos<\/em><\/p><\/div>\n<h4><em><strong>&#8211; Entre enero y noviembre se detuvo a m\u00e1s de 252.000 migrantes<\/strong><\/em><\/h4>\n<p><em><strong>CIUDAD DE MEXICO, 31 DIC &#8211;<\/strong> <\/em>M\u00e9xico detuvo entre enero y noviembre de este a\u00f1o 252.526 migrantes, lo que hace prever un nuevo r\u00e9cord de capturas de extranjeros en 2021, de acuerdo con cifras del Instituto Nacional de Migraci\u00f3n (INM), que ha estado en el foco de las cr\u00edticas por algunos abusos contra los for\u00e1neos.<br \/>\nLa mayor\u00eda de los detenidos (108.448, el 40%), fueron de nacionalidad hondure\u00f1a, seguidos de haitianos 18.235, a los que deben a\u00f1adirse 2.035 brasile\u00f1os y 2.246 chilenos, la mayor\u00eda hijos de haitianos, por lo que la cifra total procedente directa o indirectamente de esa naci\u00f3n caribe\u00f1a podr\u00eda representar casi el 10%.<br \/>\nHasta ahora, la cifra m\u00e1s alta de migrantes detenidos en un solo a\u00f1o fue alcanzada en 2005, con 240.269 extranjeros, seg\u00fan el INM.<br \/>\nLa directora del Instituto para las Mujeres en la Migraci\u00f3n (Imumi), Gretel Kuhner, se\u00f1al\u00f3 que esta cifra hist\u00f3rica no hubiera sido posible si no hubiera incluido el gobierno al Ej\u00e9rcito, la Marina y la Guardia Nacional (integrada en su mayor\u00eda por militares) en el arresto de migrantes.<br \/>\n&#8220;Todo el mundo se meti\u00f3 a detener migrantes y eso es algo ilegal, pero tambi\u00e9n espantoso&#8221;, se\u00f1al\u00f3 la activista al diario local Reforma.<br \/>\nBajo la fuerte presi\u00f3n del gobierno estadounidense, primero con Donald Trump al frente y luego a su sucesor Joe Biden, M\u00e9xico ha sido acusado por organizaciones de defensa de los derechos humanos como un &#8220;brazo ejecutor de la pol\u00edtica migratoria&#8221; del pa\u00eds vecino.<br \/>\nAdem\u00e1s, algunas zonas del norte del pa\u00eds se convirtieron en &#8220;salas de espera&#8221; de migrantes que, habiendo ingresado ya a Estados Unidos, fueron devueltos para esperar la resoluci\u00f3n de sus pedidos de asilo, bajo el programa conocido como &#8220;Qu\u00e9date en M\u00e9xico&#8221;.<br \/>\nEl programa hab\u00eda sido suspendido por decisi\u00f3n de Biden el 1 de junio pasado, pero fue reestablecido al inicio de este mes despu\u00e9s de autoridades de dos estados de la Uni\u00f3n Americana interpusieron recursos judiciales que fallaron a su favor.<br \/>\nHubo alg\u00fan momento bajo el gobierno de Trump en que se contabilizaban hasta 60.000 migrantes en espera en ciudades del norte de M\u00e9xico como Tijuana, lim\u00edtrofe con California y Ju\u00e1rez, vecina a Texas, pero la cifra actual se desconoce.<br \/>\nEl gobierno del presidente Andr\u00e9s Manuel L\u00f3pez Obrador acept\u00f3 reactivar el pol\u00e9mico programa, calificado por ONGs como &#8220;inhumano&#8221;, bajo diversas condiciones, entre las cuales la de acelerar la aplicaci\u00f3n de las iniciativas de cooperaci\u00f3n para el desarrollo en el sur de M\u00e9xico y en Centroam\u00e9rica.<br \/>\nTambi\u00e9n les pidi\u00f3 a cambio asesorar a los inmigrantes para facilitar el procesamiento de sus solicitudes y disponer de vacunas para las personas sin documentos.<br \/>\nPara Kuhner, el aumento sin precedentes de la cifra de personas extranjeras detenidas en M\u00e9xico es reflejo no s\u00f3lo de la avalancha de migrantes de los \u00faltimos a\u00f1os, que huyen de Centro y Sudam\u00e9rica del hambre, la inestabilidad y la violencia, sino sobre todo del &#8220;endurecimiento de la pol\u00edtica&#8221; en la materia en M\u00e9xico.<br \/>\nEn los primeros 11 meses de este a\u00f1o, la cifra de Tarjetas de Visitante por Razones humanitarias emitidas por las autoridades mexicanas lleg\u00f3 a 42.855, otra cifra r\u00e9cord.<br \/>\nHasta hace poco, los extranjeros eran retenidos en el estado sure\u00f1o de Chiapas, frontera con Guatemala, pero al desbordarse la situaci\u00f3n fueron trasladados a partir de noviembre pasado a otros estados, aunque en medio de denuncias de que se les dejaba &#8220;a la deriva&#8221; y en &#8220;tierra de nadie&#8221;, sin velar por su suerte.<br \/>\nLa mayor\u00eda de los permisos humanitarios fueron otorgados a haitianos (11.843), seguidos de hondure\u00f1os (10.830) y venezolanos (4.374).<br \/>\nLas solicitudes de asilo tambi\u00e9n se han disparado a niveles nunca vistos, pues hasta noviembre de este a\u00f1o la Comisi\u00f3n Mexicana de Ayuda a Refugiados (Comar) hab\u00eda recibido 123.187 peticiones.<br \/>\nEl flujo migratorio no se ha desacelerado a pesar de los esfuerzos de contenci\u00f3n, pero ante la imposibilidad de hacerlo ordenadamente por medio de caravanas, las \u00faltimas de las cuales han sido frenadas casi de tajo por militares y agentes civiles, ahora se realizan en la clandestinidad.<br \/>\nEl problema es que los migrantes quedan a merced de bandas criminales y de incidentes como el ocurrido en Chiapas el pasado d\u00eda 9, que arroj\u00f3 55 muertos y m\u00e1s de un centenar de heridos, cuando un cami\u00f3n portacontenedores se volc\u00f3 en una curva de una ruta cercana a Tuxtla Guti\u00e9rrez, la capital provincial.<\/p>\n","protected":false},"excerpt":{"rendered":"<p>&#8211; Entre enero y noviembre se detuvo a m\u00e1s de 252.000 migrantes CIUDAD DE MEXICO, 31 DIC &#8211; M\u00e9xico detuvo entre enero y noviembre de&hellip;<\/p>\n","protected":false},"author":99,"featured_media":500845,"comment_status":"open","ping_status":"open","sticky":false,"template":"","format":"standard","meta":{"footnotes":""},"categories":[23],"tags":[],"class_list":["post-500844","post","type-post","status-publish","format-standard","has-post-thumbnail","hentry","category-latinoamerica"],"_links":{"self":[{"href":"https:\/\/diarioelpopular.com\/index.php\/wp-json\/wp\/v2\/posts\/500844","targetHints":{"allow":["GET"]}}],"collection":[{"href":"https:\/\/diarioelpopular.com\/index.php\/wp-json\/wp\/v2\/posts"}],"about":[{"href":"https:\/\/diarioelpopular.com\/index.php\/wp-json\/wp\/v2\/types\/post"}],"author":[{"embeddable":true,"href":"https:\/\/diarioelpopular.com\/index.php\/wp-json\/wp\/v2\/users\/99"}],"replies":[{"embeddable":true,"href":"https:\/\/diarioelpopular.com\/index.php\/wp-json\/wp\/v2\/comments?post=500844"}],"version-history":[{"count":1,"href":"https:\/\/diarioelpopular.com\/index.php\/wp-json\/wp\/v2\/posts\/500844\/revisions"}],"predecessor-version":[{"id":500846,"href":"https:\/\/diarioelpopular.com\/index.php\/wp-json\/wp\/v2\/posts\/500844\/revisions\/500846"}],"wp:featuredmedia":[{"embeddable":true,"href":"https:\/\/diarioelpopular.com\/index.php\/wp-json\/wp\/v2\/media\/500845"}],"wp:attachment":[{"href":"https:\/\/diarioelpopular.com\/index.php\/wp-json\/wp\/v2\/media?parent=500844"}],"wp:term":[{"taxonomy":"category","embeddable":true,"href":"https:\/\/diarioelpopular.com\/index.php\/wp-json\/wp\/v2\/categories?post=500844"},{"taxonomy":"post_tag","embeddable":true,"href":"https:\/\/diarioelpopular.com\/index.php\/wp-json\/wp\/v2\/tags?post=500844"}],"curies":[{"name":"wp","href":"https:\/\/api.w.org\/{rel}","templated":true}]}}