{"id":500867,"date":"2022-01-05T10:30:35","date_gmt":"2022-01-05T14:30:35","guid":{"rendered":"https:\/\/diarioelpopular.com\/?p=500867"},"modified":"2022-01-05T10:30:35","modified_gmt":"2022-01-05T14:30:35","slug":"escuelas-en-linea-cierres-de-empresas-y-reducciones-de-cirugias-de-nuevo-en-ontario","status":"publish","type":"post","link":"https:\/\/diarioelpopular.com\/index.php\/2022\/01\/05\/escuelas-en-linea-cierres-de-empresas-y-reducciones-de-cirugias-de-nuevo-en-ontario\/","title":{"rendered":"Escuelas en l\u00ednea, cierres de empresas y reducciones de cirug\u00edas de nuevo en Ontario"},"content":{"rendered":"<div id=\"attachment_500868\" style=\"width: 646px\" class=\"wp-caption alignnone\"><img loading=\"lazy\" decoding=\"async\" aria-describedby=\"caption-attachment-500868\" class=\"size-custom-full-size wp-image-500868\" src=\"https:\/\/diarioelpopular.com\/wp-content\/uploads\/2022\/01\/1.RJB10760826-636x382.jpg\" alt=\"\" width=\"636\" height=\"382\" srcset=\"https:\/\/diarioelpopular.com\/wp-content\/uploads\/2022\/01\/1.RJB10760826-636x382.jpg 636w, https:\/\/diarioelpopular.com\/wp-content\/uploads\/2022\/01\/1.RJB10760826-300x180.jpg 300w, https:\/\/diarioelpopular.com\/wp-content\/uploads\/2022\/01\/1.RJB10760826-768x461.jpg 768w, https:\/\/diarioelpopular.com\/wp-content\/uploads\/2022\/01\/1.RJB10760826-122x73.jpg 122w, https:\/\/diarioelpopular.com\/wp-content\/uploads\/2022\/01\/1.RJB10760826.jpg 800w\" sizes=\"auto, (max-width: 636px) 100vw, 636px\" \/><p id=\"caption-attachment-500868\" class=\"wp-caption-text\">e<\/p><\/div>\n<h4><em><strong>Medidas COVID-19 m\u00e1s estrictas entraron en vigor en Ontario este mi\u00e9rcoles.<\/strong><\/em><\/h4>\n<p><em><strong>TORONTO.-<\/strong> <\/em>Las clases escolares se llevar\u00e1n a cabo de forma remota hasta al menos el 17 de enero, mientras que la mayor\u00eda de las otras medidas, incluidos los cierres de empresas, est\u00e1n programadas para durar al menos 21 d\u00edas.<\/p>\n<p>Se ha ordenado a los hospitales que pausen todas las cirug\u00edas que no sean urgentes para liberar al personal para cubrir las ausencias y el creciente n\u00famero de pacientes con virus hospitalizados.<\/p>\n<p>Varios tipos de negocios, incluidos cines, gimnasios, teatros y restaurantes, deben cerrar para actividades en el interior.<\/p>\n<p>Algunas otras empresas, incluidas las tiendas minoristas y los servicios de cuidado personal, est\u00e1n limitadas al 50 por ciento de su capacidad.<\/p>\n<p>Las reuniones sociales est\u00e1n limitadas a cinco personas en el interior y 10 personas al aire libre.<\/p>\n<p>El lunes, el gobierno de Ford anunci\u00f3 que la provincia volver\u00eda a un Paso Dos modificado de su Hoja de ruta COVID-19 para reabrir el Plan, en un esfuerzo por detener la r\u00e1pida propagaci\u00f3n de la variante Omicron.<\/p>\n<p>\u201cNos enfrentamos a un tsunami de nuevos casos en los pr\u00f3ximos d\u00edas y semanas. Y mientras lo hacemos, pr\u00e1cticamente todos en esta provincia conocer\u00e1n a alguien que haya estado expuesto a este virus \u201d, dijo Ford. &#8220;Ahora, nos estamos preparando para el impacto&#8221;.<\/p>\n<p>La semana pasada, la provincia dijo que los estudiantes regresar\u00edan al aula el mi\u00e9rcoles, pero luego de una reuni\u00f3n de emergencia del gabinete el domingo por la noche, el gobierno de Ford retras\u00f3 esa fecha al menos hasta el 17 de enero.<\/p>\n<p><em><strong>\u00bfQu\u00e9 tan cerca del punto de ruptura est\u00e1n nuestros hospitales?<\/strong><\/em><\/p>\n<p>En el podcast Big Story de este mi\u00e9rcoles, al menos un grupo de hospitales ha llamado un &#8220;C\u00f3digo Naranja&#8221; esta semana mientras los trabajadores de la salud luchan contra un tsunami de admisiones por COVID-19. Ese es un protocolo que generalmente se reserva para incidentes con v\u00edctimas en masa, cuando hay demasiadas v\u00edctimas a las que atender. Es una se\u00f1al de lo brutal que puede ser la ola Omicron de enero.<\/p>\n<p>Las escuelas est\u00e1n cerradas y las restricciones han vuelto a estar vigentes para ayudar a detener la marea, pero \u00bften\u00eda que ser as\u00ed? \u00bfPodr\u00edamos haber aumentado la capacidad hospitalaria, haber mantenido a los trabajadores de la salud sanos y seguros y haber mantenido abiertas las escuelas? \u00bfQu\u00e9 habr\u00eda hecho falta y por qu\u00e9 no sucedi\u00f3?<\/p>\n","protected":false},"excerpt":{"rendered":"<p>Medidas COVID-19 m\u00e1s estrictas entraron en vigor en Ontario este mi\u00e9rcoles. TORONTO.- Las clases escolares se llevar\u00e1n a cabo de forma remota hasta al menos&hellip;<\/p>\n","protected":false},"author":99,"featured_media":500868,"comment_status":"open","ping_status":"open","sticky":false,"template":"","format":"standard","meta":{"footnotes":""},"categories":[21,11191],"tags":[],"class_list":["post-500867","post","type-post","status-publish","format-standard","has-post-thumbnail","hentry","category-canada","category-top-news"],"_links":{"self":[{"href":"https:\/\/diarioelpopular.com\/index.php\/wp-json\/wp\/v2\/posts\/500867","targetHints":{"allow":["GET"]}}],"collection":[{"href":"https:\/\/diarioelpopular.com\/index.php\/wp-json\/wp\/v2\/posts"}],"about":[{"href":"https:\/\/diarioelpopular.com\/index.php\/wp-json\/wp\/v2\/types\/post"}],"author":[{"embeddable":true,"href":"https:\/\/diarioelpopular.com\/index.php\/wp-json\/wp\/v2\/users\/99"}],"replies":[{"embeddable":true,"href":"https:\/\/diarioelpopular.com\/index.php\/wp-json\/wp\/v2\/comments?post=500867"}],"version-history":[{"count":1,"href":"https:\/\/diarioelpopular.com\/index.php\/wp-json\/wp\/v2\/posts\/500867\/revisions"}],"predecessor-version":[{"id":500869,"href":"https:\/\/diarioelpopular.com\/index.php\/wp-json\/wp\/v2\/posts\/500867\/revisions\/500869"}],"wp:featuredmedia":[{"embeddable":true,"href":"https:\/\/diarioelpopular.com\/index.php\/wp-json\/wp\/v2\/media\/500868"}],"wp:attachment":[{"href":"https:\/\/diarioelpopular.com\/index.php\/wp-json\/wp\/v2\/media?parent=500867"}],"wp:term":[{"taxonomy":"category","embeddable":true,"href":"https:\/\/diarioelpopular.com\/index.php\/wp-json\/wp\/v2\/categories?post=500867"},{"taxonomy":"post_tag","embeddable":true,"href":"https:\/\/diarioelpopular.com\/index.php\/wp-json\/wp\/v2\/tags?post=500867"}],"curies":[{"name":"wp","href":"https:\/\/api.w.org\/{rel}","templated":true}]}}