{"id":500886,"date":"2022-01-06T10:35:45","date_gmt":"2022-01-06T14:35:45","guid":{"rendered":"https:\/\/diarioelpopular.com\/?p=500886"},"modified":"2022-01-06T10:35:45","modified_gmt":"2022-01-06T14:35:45","slug":"constituyente-de-chile-continuara-presidida-por-una-mujer","status":"publish","type":"post","link":"https:\/\/diarioelpopular.com\/index.php\/2022\/01\/06\/constituyente-de-chile-continuara-presidida-por-una-mujer\/","title":{"rendered":"Constituyente de Chile continuar\u00e1 presidida por una mujer"},"content":{"rendered":"<p><img loading=\"lazy\" decoding=\"async\" class=\"alignnone size-custom-full-size wp-image-500887\" src=\"https:\/\/diarioelpopular.com\/wp-content\/uploads\/2022\/01\/constituyente-de-chil-10654794_39245976_20220105200138.jpg\" alt=\"\" width=\"580\" height=\"365\" srcset=\"https:\/\/diarioelpopular.com\/wp-content\/uploads\/2022\/01\/constituyente-de-chil-10654794_39245976_20220105200138.jpg 580w, https:\/\/diarioelpopular.com\/wp-content\/uploads\/2022\/01\/constituyente-de-chil-10654794_39245976_20220105200138-300x189.jpg 300w, https:\/\/diarioelpopular.com\/wp-content\/uploads\/2022\/01\/constituyente-de-chil-10654794_39245976_20220105200138-116x73.jpg 116w\" sizes=\"auto, (max-width: 580px) 100vw, 580px\" \/><\/p>\n<p><em>Maria Elisa Quinteros (de blanco) fue elegida este mi\u00e9rcoles tras 18 horas de deliberaci\u00f3n y 9 votaciones<\/em><\/p>\n<p><em><strong>&#8211; La Convenci\u00f3n Constitucional de Chile eligi\u00f3 este mi\u00e9rcoles a Mar\u00eda Elisa Quinteros, doctora en Salud P\u00fablica, como su\u00a0nueva presidenta para los \u00faltimos seis meses de funcionamiento\u00a0del organismo. La elecci\u00f3n se dio despu\u00e9s de 18 horas de deliberaci\u00f3n y 9 votaciones.<\/strong><\/em><\/p>\n<p>Quinteros, es representante de la Regi\u00f3n del Maule, ubicada en el centro del pa\u00eds, es parte de los Movimientos Sociales Constituyentes (MSC), no tiene militancia en partidos y ser\u00e1 la segunda mujer que dirigir\u00e1 el organismo encargado de redactar la constituci\u00f3n que sustituir\u00e1 la del dictador Augusto Pinochet.<\/p>\n<p>\u201cLes agradezco de todo coraz\u00f3n. Esperamos dirigir este proceso con sabidur\u00eda, entendimiento y fortaleza, donde podamos unirnos todos los sectores en pro de lo que necesitamos para el pa\u00eds y para todos sus pueblos, que es unidad, transformaci\u00f3n, paz y justicia\u201d, dijo Quinteros tras su elecci\u00f3n.<\/p>\n<p>Para Ver\u00f3nica Figueroa, acad\u00e9mica del Instituto de Asuntos P\u00fablicos de la Universidad de Chile,\u00a0es importante destacar que se trata de una mujer\u00a0y que \u201ccumple una serie de requisitos, no viene de los partidos, sino que de los movimientos sociales, tiene una historia acad\u00e9mica, vinculada a los territorios y a la defensa del medioambiente\u201d se\u00f1al\u00f3 a EFE.<\/p>\n<p>A su juicio, la elecci\u00f3n de Quinteros muestra que en la Constituyente se ha gestado una \u201cforma distinta de ejercer liderazgos, con posibilidad de generar acuerdos y confianzas. Representa algo que ha sido importante para la gestaci\u00f3n de la Convenci\u00f3n, que es el trabajo en los territorios. Ser\u00e1 un aporte importante a la conducci\u00f3n\u201d, apunt\u00f3 Figueroa.<\/p>\n<p>La predecesora de Quinteros, Elisa Loncon es una una reconocida acad\u00e9mica que fue destacada por diversos medios internacionales como una de las 100 personas m\u00e1s influyentes del mundo en 2020.<\/p>\n<p>\u201cHace 6 meses comenz\u00f3 una extra\u00f1a historia para la vida republicana de Chile. Qu\u00e9 hermoso que lo extra\u00f1o hoy se vuelva familiar, esa extra\u00f1eza era desconocimiento y distancia con el pa\u00eds real. Despu\u00e9s de tanto caminar nos hemos encontrado\u201d, expres\u00f3 Lonc\u00f3n en su despedida.<\/p>\n<p>\u201cEsa extra\u00f1eza, hoy familiar, tambi\u00e9n se deb\u00eda a un hecho que anteriormente hubiese parecido inveros\u00edmil: una mujer mapuche puede gobernar una instituci\u00f3n que marca los destinos del pa\u00eds. Este es un hecho cultural y pol\u00edtico sin precedentes en la historia de nuestra comunidad pol\u00edtica, habla de un pa\u00eds paritario y plurinacional que ya da sus primeras luces\u201d, agreg\u00f3.<\/p>\n<p>Quinteros encabezar\u00e1 un per\u00edodo marcado por un\u00a0intenso di\u00e1logo pol\u00edtico entre las fuerzas, mientras se redactan los art\u00edculos que ser\u00e1n aprobados por dos tercios de la Convenci\u00f3n, es decir, 104 esca\u00f1os.<\/p>\n<p>Para la acad\u00e9mica, a la nueva direcci\u00f3n de la Convenci\u00f3n le corresponder\u00e1 coordinarse tambi\u00e9n con el gobierno que asumir\u00e1 en marzo pr\u00f3ximo para organizar el plebiscito de salida, adem\u00e1s de \u201celaborar las respectivas explicaciones para que la ciudadan\u00eda comprenda el articulado de la propuesta de Constituci\u00f3n\u201d.<\/p>\n<p>El proceso constituyente se plante\u00f3 como una forma de superar el estallido social, la mayor crisis en los 31 a\u00f1os de democracia en el pa\u00eds que dej\u00f3 una treintena de muertos y miles de heridos en 2019.<\/p>\n<p>Gran parte de la sociedad\u00a0ve en el proceso una oportunidad\u00a0para cambiar el actual rol subsidiario del Estado y garantizar derechos sociales, la mayor\u00eda de ellos privatizados, una visi\u00f3n que tambi\u00e9n comparte el presidente electo Gabriel Boric.<\/p>\n<p>&nbsp;<\/p>\n","protected":false},"excerpt":{"rendered":"<p>Maria Elisa Quinteros (de blanco) fue elegida este mi\u00e9rcoles tras 18 horas de deliberaci\u00f3n y 9 votaciones &#8211; La Convenci\u00f3n Constitucional de Chile eligi\u00f3 este&hellip;<\/p>\n","protected":false},"author":99,"featured_media":500887,"comment_status":"open","ping_status":"open","sticky":false,"template":"","format":"standard","meta":{"footnotes":""},"categories":[23],"tags":[],"class_list":["post-500886","post","type-post","status-publish","format-standard","has-post-thumbnail","hentry","category-latinoamerica"],"_links":{"self":[{"href":"https:\/\/diarioelpopular.com\/index.php\/wp-json\/wp\/v2\/posts\/500886","targetHints":{"allow":["GET"]}}],"collection":[{"href":"https:\/\/diarioelpopular.com\/index.php\/wp-json\/wp\/v2\/posts"}],"about":[{"href":"https:\/\/diarioelpopular.com\/index.php\/wp-json\/wp\/v2\/types\/post"}],"author":[{"embeddable":true,"href":"https:\/\/diarioelpopular.com\/index.php\/wp-json\/wp\/v2\/users\/99"}],"replies":[{"embeddable":true,"href":"https:\/\/diarioelpopular.com\/index.php\/wp-json\/wp\/v2\/comments?post=500886"}],"version-history":[{"count":1,"href":"https:\/\/diarioelpopular.com\/index.php\/wp-json\/wp\/v2\/posts\/500886\/revisions"}],"predecessor-version":[{"id":500888,"href":"https:\/\/diarioelpopular.com\/index.php\/wp-json\/wp\/v2\/posts\/500886\/revisions\/500888"}],"wp:featuredmedia":[{"embeddable":true,"href":"https:\/\/diarioelpopular.com\/index.php\/wp-json\/wp\/v2\/media\/500887"}],"wp:attachment":[{"href":"https:\/\/diarioelpopular.com\/index.php\/wp-json\/wp\/v2\/media?parent=500886"}],"wp:term":[{"taxonomy":"category","embeddable":true,"href":"https:\/\/diarioelpopular.com\/index.php\/wp-json\/wp\/v2\/categories?post=500886"},{"taxonomy":"post_tag","embeddable":true,"href":"https:\/\/diarioelpopular.com\/index.php\/wp-json\/wp\/v2\/tags?post=500886"}],"curies":[{"name":"wp","href":"https:\/\/api.w.org\/{rel}","templated":true}]}}