{"id":500889,"date":"2022-01-06T12:31:57","date_gmt":"2022-01-06T16:31:57","guid":{"rendered":"https:\/\/diarioelpopular.com\/?p=500889"},"modified":"2022-01-06T12:31:57","modified_gmt":"2022-01-06T16:31:57","slug":"aprender-a-reprendernos","status":"publish","type":"post","link":"https:\/\/diarioelpopular.com\/index.php\/2022\/01\/06\/aprender-a-reprendernos\/","title":{"rendered":"APRENDER A REPRENDERNOS\u00a0"},"content":{"rendered":"<p class=\"p5\"><b><i>\u201cCada cual desde su tarea, est\u00e1 llamado a ofrecerse y a no dejarse anestesiar por la pasividad\u201d.<span class=\"Apple-converted-space\">\u00a0<\/span><\/i><\/b><\/p>\n<p class=\"p6\"><b><i>=============================<\/i><\/b><\/p>\n<p class=\"p6\"><b><i>V\u00edctor CORCOBA HERRERO\/ Escritor<\/i><\/b><\/p>\n<p class=\"p6\"><b><i>corcoba@telefonica.net <\/i><\/b><\/p>\n<p class=\"p6\"><b>=============================<\/b><span class=\"Apple-converted-space\">\u00a0<\/span><\/p>\n<p class=\"p8\">Aglutinamos lenguajes, agrupamos sem\u00e1nticas y hasta tenemos una necesidad imperiosa de activar el intelecto, con un raciocinio de est\u00edmulo constante, aunque nos falte tiempo para reflexionar y para aprender a reprendernos cuando caigamos en la confusi\u00f3n. En realidad, nos hemos convertido en aut\u00f3matas del tiempo y no vemos m\u00e1s all\u00e1 de los escenarios virtuales. Son los grandes dominadores de nuestras andanzas. Lo cierto es que caminamos a sus \u00f3rdenes, bajo el paradigma de lo tecnocr\u00e1tico, obviando cualquier momento para la meditaci\u00f3n, que es lo que conlleva una mayor autoconciencia cr\u00edtica, y nos hace despertar. Los<span class=\"Apple-converted-space\">\u00a0 <\/span>puentes no los tiende tan s\u00f3lo la conexi\u00f3n digital, tampoco nos une; es el silencio unas veces, otras el di\u00e1logo, y la escucha de una mirada lo que nos conmueve e insta a querernos y a respetarnos.<\/p>\n<p class=\"p10\">Pensemos que somos seres de interiorizaci\u00f3n, con necesidad de conocernos y de reconocernos, lo que nos llama a examinar lo que hay dentro de cada cual, para poder tomar el camino del discernimiento tras los aportes de la sabidur\u00eda humana. \u00danicamente la sensatez sabe penetrar en los pliegues m\u00e1s oscuros de la incertidumbre y tener en cuenta todos sus matices, para que brote con otra luz la novedad de lo que nos circunda. Cada cual desde su tarea, est\u00e1 llamado a ofrecerse y a no dejarse anestesiar por la pasividad. La l\u00f3gica es no desfallecer, levantarse de toda ca\u00edda y proseguir con el abecedario de servicio y donaci\u00f3n, que es lo que en verdad nos embellece. As\u00ed, pues, el trabajo es mucho y la constancia ha de ser permanente. No hay mejor recuperaci\u00f3n, que cultivarse en reprobarnos, con un esp\u00edritu revitalizador, basado en el compromiso y en la reconciliaci\u00f3n entre an\u00e1logos. Lo importante es contribuir a unirse y a reunirse para avanzar contiguos, con la esperanza puesta en lo que solidariamente podemos conseguir como familia humana.<span class=\"Apple-converted-space\">\u00a0<\/span><\/p>\n<p class=\"p10\">Que no decaigan los impulsos que todos llevamos internamente. H\u00e1gase todo por amor verdadero, es la manera de hacer lo que se debe, el bien. Para esto, sin duda, hace falta estar m\u00e1s vivos y ser m\u00e1s humanos. Fuera tristezas, lo importante es encontrarse, rehacerse y hacerse valer, aunque tengamos que gritar \u00a1basta!, porque lo que no se puede omitir en todo desarrollo es la visi\u00f3n espiritual del individuo. Por eso, cuesta entender que la crisis humanitaria que padecemos ahora, se agudice a\u00fan m\u00e1s entre nosotros, y el olvido internacional tambi\u00e9n penetre en las instituciones. Hemos de transformar la din\u00e1mica y construir un nuevo estilo de vida, donde crezca el respeto y se desarrolle la conversaci\u00f3n reposada o la discusi\u00f3n apasionada, pero siempre con el cuidado de salvaguardar la consideraci\u00f3n y la mayor parte posible de libertad. Por eso, hoy m\u00e1s que nunca son necesarias las labores comunitarias para poner fin a tantas esclavitudes y violencias. Todo ha de centrarse en la ciudadan\u00eda y el llamamiento ha de ser mundial para no dejar a nadie atr\u00e1s. Esta es nuestra gran asignatura pendiente. El reto no es f\u00e1cil, pero tampoco imposible. Hay que amonestarse y ver la manera de forjar un futuro laboral digno que resuelva las injusticias que la pandemia ha dejado al descubierto, junto con otros desaf\u00edos imposibles de postergar, como es la transici\u00f3n clim\u00e1tica, digital y demogr\u00e1fica.<span class=\"Apple-converted-space\">\u00a0<\/span><\/p>\n<p class=\"p10\">Tenemos que ser, por tanto, m\u00e1s coherentes con las pol\u00edticas sociales y universalizar derechos que son esenciales para poder aproximarnos unos a otros. Las ansiedades son numerosas, pero no hay que ceder al derrotismo, lo fundamental es que aprendamos la necesidad de relacionarnos, de busc\u00e1rnoslas unidos ante las evidentes urgencias del instante que vivimos, sobre todo abriendo fronteras y parando frentes in\u00fatiles. No olvidemos que es vital compartir ideas para configurar ese mundo fraterno, que ha de hacerse realidad m\u00e1s pronto que tarde, por nuestra propia continuidad como linaje. Las cuestiones relacionadas con ese \u00e1nimo cooperante y colaborador han de estar siempre en nuestras preocupaciones diarias. De ah\u00ed, la exigencia de recriminarnos cuando esa dimensi\u00f3n incondicional de entrega y apertura<span class=\"Apple-converted-space\">\u00a0 <\/span>no exista, o se haya quedado solo en palabras. Los sue\u00f1os se construyen con el coraz\u00f3n de cada ser humano, puesto que cada pulsaci\u00f3n viviente es \u00fanica, pero ha de estar dispuesto ese latido a conjugar el en\u00e9rgico poema interminable de la existencia. No le pongamos grilletes al alba. Dejemos que amanezca para todos, pues las sombras de un mundo cerrado, donde sus moradores adem\u00e1s se encierran entre s\u00ed, produci\u00e9ndose el todo contra todos, verdaderamente nos destruye. Reprend\u00e1monos, antes de que sea demasiado tarde.<\/p>\n<p class=\"p12\"><b>V\u00edctor CORCOBA HERRERO \/ Escritor<\/b><\/p>\n<p class=\"p12\"><b><span class=\"Apple-converted-space\">\u00a0<\/span>HYPERLINK &#8220;mailto:corcoba@telefonica.net&#8221; <\/b><span class=\"s3\"><b>corcoba@telefonica.net<\/b><\/span><\/p>\n<p class=\"p12\"><b>06 de enero de 2022.-<\/b><\/p>\n","protected":false},"excerpt":{"rendered":"<p>\u201cCada cual desde su tarea, est\u00e1 llamado a ofrecerse y a no dejarse anestesiar por la pasividad\u201d.\u00a0 ============================= V\u00edctor CORCOBA HERRERO\/ Escritor corcoba@telefonica.net =============================\u00a0 Aglutinamos&hellip;<\/p>\n","protected":false},"author":99,"featured_media":0,"comment_status":"open","ping_status":"open","sticky":false,"template":"","format":"standard","meta":{"footnotes":""},"categories":[11353,81],"tags":[],"class_list":["post-500889","post","type-post","status-publish","format-standard","hentry","category-algo-mas-que-palabras","category-columnistas"],"_links":{"self":[{"href":"https:\/\/diarioelpopular.com\/index.php\/wp-json\/wp\/v2\/posts\/500889","targetHints":{"allow":["GET"]}}],"collection":[{"href":"https:\/\/diarioelpopular.com\/index.php\/wp-json\/wp\/v2\/posts"}],"about":[{"href":"https:\/\/diarioelpopular.com\/index.php\/wp-json\/wp\/v2\/types\/post"}],"author":[{"embeddable":true,"href":"https:\/\/diarioelpopular.com\/index.php\/wp-json\/wp\/v2\/users\/99"}],"replies":[{"embeddable":true,"href":"https:\/\/diarioelpopular.com\/index.php\/wp-json\/wp\/v2\/comments?post=500889"}],"version-history":[{"count":1,"href":"https:\/\/diarioelpopular.com\/index.php\/wp-json\/wp\/v2\/posts\/500889\/revisions"}],"predecessor-version":[{"id":500890,"href":"https:\/\/diarioelpopular.com\/index.php\/wp-json\/wp\/v2\/posts\/500889\/revisions\/500890"}],"wp:attachment":[{"href":"https:\/\/diarioelpopular.com\/index.php\/wp-json\/wp\/v2\/media?parent=500889"}],"wp:term":[{"taxonomy":"category","embeddable":true,"href":"https:\/\/diarioelpopular.com\/index.php\/wp-json\/wp\/v2\/categories?post=500889"},{"taxonomy":"post_tag","embeddable":true,"href":"https:\/\/diarioelpopular.com\/index.php\/wp-json\/wp\/v2\/tags?post=500889"}],"curies":[{"name":"wp","href":"https:\/\/api.w.org\/{rel}","templated":true}]}}