{"id":500904,"date":"2022-01-07T09:57:45","date_gmt":"2022-01-07T13:57:45","guid":{"rendered":"https:\/\/diarioelpopular.com\/?p=500904"},"modified":"2022-01-07T09:57:45","modified_gmt":"2022-01-07T13:57:45","slug":"como-tratamos-a-los-no-vacunados-cma-abre-dialogo-mientras-los-sistemas-de-salud-estan-abrumados","status":"publish","type":"post","link":"https:\/\/diarioelpopular.com\/index.php\/2022\/01\/07\/como-tratamos-a-los-no-vacunados-cma-abre-dialogo-mientras-los-sistemas-de-salud-estan-abrumados\/","title":{"rendered":"\u00bfC\u00f3mo tratamos a los no vacunados? CMA abre di\u00e1logo mientras los sistemas de salud est\u00e1n abrumados"},"content":{"rendered":"<p><img loading=\"lazy\" decoding=\"async\" class=\"alignnone size-custom-full-size wp-image-500905\" src=\"https:\/\/diarioelpopular.com\/wp-content\/uploads\/2022\/01\/CP19327887-scaled-636x454.jpg\" alt=\"\" width=\"636\" height=\"454\" srcset=\"https:\/\/diarioelpopular.com\/wp-content\/uploads\/2022\/01\/CP19327887-scaled-636x454.jpg 636w, https:\/\/diarioelpopular.com\/wp-content\/uploads\/2022\/01\/CP19327887-scaled-300x214.jpg 300w, https:\/\/diarioelpopular.com\/wp-content\/uploads\/2022\/01\/CP19327887-scaled-768x548.jpg 768w, https:\/\/diarioelpopular.com\/wp-content\/uploads\/2022\/01\/CP19327887-scaled-1990x1421.jpg 1990w, https:\/\/diarioelpopular.com\/wp-content\/uploads\/2022\/01\/CP19327887-scaled-1200x857.jpg 1200w, https:\/\/diarioelpopular.com\/wp-content\/uploads\/2022\/01\/CP19327887-scaled-102x73.jpg 102w, https:\/\/diarioelpopular.com\/wp-content\/uploads\/2022\/01\/CP19327887-scaled.jpg 1024w\" sizes=\"auto, (max-width: 636px) 100vw, 636px\" \/><\/p>\n<h4><em><strong>&#8211; Canad\u00e1 ha visto un aumento en los casos de COVID-19 en las \u00faltimas semanas debido a la variante Omicron. Muchas jurisdicciones han pospuesto procedimientos no urgentes, cirug\u00edas debido a la tensi\u00f3n del hospital.<\/strong><\/em><\/h4>\n<p><strong>OTTAWA.-<\/strong> El director de la Asociaci\u00f3n M\u00e9dica Canadiense (CMA) dice que es hora de que nuestro pa\u00eds tenga una conversaci\u00f3n directa y honesta sobre c\u00f3mo tratamos a los pacientes con COVID-19 no vacunados.<\/p>\n<p>Esto ocurre cuando la \u00faltima ola, impulsada por la variante Omicron, vuelve a abrumar a los sistemas de atenci\u00f3n m\u00e9dica.<\/p>\n<p>Cientos de miles de canadienses no reciben la atenci\u00f3n que necesitan debido a la tensi\u00f3n, seg\u00fan la presidenta de CMA, la Dra. Katherine Smart.<\/p>\n<p>\u201cComo sociedad, hemos tomado la decisi\u00f3n de asignar recursos de manera desproporcionada a este grupo de canadienses a expensas de otros canadienses, incluidos los ni\u00f1os que ahora no pueden asistir a la escuela. Y creo que estamos actuando como si no fuera una opci\u00f3n, pero es una opci\u00f3n\u201d, dijo al Big Story Podcast.<\/p>\n<p>\u201cTambi\u00e9n estamos viendo canadienses perder la vida porque no pueden acceder a la atenci\u00f3n m\u00e9dica que necesitan debido al sistema abrumado por COVID\u201d.<\/p>\n<p>Ella enfatiza que nunca quiere hablar sobre no brindar atenci\u00f3n completa a los pacientes, pero cree que se necesitan discusiones serias a medida que los hospitales, los m\u00e9dicos y las enfermeras llegan a un punto cr\u00edtico.<\/p>\n<p>Smart dice que la decisi\u00f3n de un grupo relativamente peque\u00f1o de personas nos ha llevado a este punto cr\u00edtico.<\/p>\n<p>\u201cTenemos esta peque\u00f1a minor\u00eda, alrededor del cinco al 10 por ciento de la poblaci\u00f3n, que nos est\u00e1 llevando a donde estamos ahora, y creo que debemos tomarnos en serio lo que vamos a hacer al respecto\u201d, agreg\u00f3 Smart.<\/p>\n<p>&nbsp;<\/p>\n<h4><em><strong>&#8211; Hospitales, residencias de ancianos y prisiones carecen de personal en medio de una propagaci\u00f3n r\u00e9cord de COVID-19<\/strong><\/em><\/h4>\n<p><img loading=\"lazy\" decoding=\"async\" class=\"alignnone size-custom-full-size wp-image-500906\" src=\"https:\/\/diarioelpopular.com\/wp-content\/uploads\/2022\/01\/Eclipse-PPE-masks-COVID-640x360-636x358.jpg\" alt=\"\" width=\"636\" height=\"358\" srcset=\"https:\/\/diarioelpopular.com\/wp-content\/uploads\/2022\/01\/Eclipse-PPE-masks-COVID-640x360-636x358.jpg 636w, https:\/\/diarioelpopular.com\/wp-content\/uploads\/2022\/01\/Eclipse-PPE-masks-COVID-640x360-300x169.jpg 300w, https:\/\/diarioelpopular.com\/wp-content\/uploads\/2022\/01\/Eclipse-PPE-masks-COVID-640x360-130x73.jpg 130w, https:\/\/diarioelpopular.com\/wp-content\/uploads\/2022\/01\/Eclipse-PPE-masks-COVID-640x360.jpg 640w\" sizes=\"auto, (max-width: 636px) 100vw, 636px\" \/><\/p>\n<p><strong><em>OTTAWA.-<\/em><\/strong> Los sectores p\u00fablicos de todo el pa\u00eds enfrentan escasez de personal, ya que Canad\u00e1 contin\u00faa enfrentando cifras r\u00e9cord de casos de COVID-19 y hospitalizaciones relacionadas con la variante Omicron altamente transmisible.<\/p>\n<p>El ministro de Salud de Quebec, Christian Dube, dijo el jueves que unos 20.000 trabajadores de la salud estaban fuera porque dieron positivo o estuvieron expuestos al virus. El gobierno estaba trabajando con los sindicatos para encontrar m\u00e1s personal para atender a aproximadamente 2500 pacientes con COVID-19, agreg\u00f3.<\/p>\n<p>Los funcionarios de salud informaron el jueves de otras 1953 hospitalizaciones por COVID-19, un aumento de casi el 12 por ciento en comparaci\u00f3n con el d\u00eda anterior. Las autoridades dijeron que hab\u00eda 207 pacientes en cuidados intensivos, un aumento de 16.<\/p>\n<p>Tambi\u00e9n en Quebec, cuatro prisiones federales estuvieron \u201cmuy cerca\u201d de experimentar escasez de personal a medida que m\u00e1s trabajadores dieron positivo por COVID-19.<\/p>\n<p>\u201cEstamos muy cerca de eso, pero a\u00fan no hemos llegado. Y espero que no vayamos all\u00ed\u201d, dijo Mario Guilmette, vicepresidente de la regi\u00f3n de Quebec para la Uni\u00f3n de Oficiales Correccionales Canadienses.<\/p>\n<p>Guilmette dijo que el Servicio Correccional de Canad\u00e1 estaba trabajando en un protocolo que se usar\u00eda si las prisiones federales de la provincia tuvieran escasez de personal. Si se introduce el protocolo, significa que a los trabajadores que se consideran contactos cercanos de alguien que dio positivo por COVID-19 se les podr\u00eda pedir que regresen al trabajo despu\u00e9s de aislarse durante ocho d\u00edas en lugar de 10.<\/p>\n<p>La portavoz del Servicio Correccional, Marie Pier Lecuyer, dijo en un comunicado que la agencia no ha tenido que traer de vuelta al trabajo a ning\u00fan miembro del personal que haya dado positivo antes de que se haya recuperado por completo.<\/p>\n<p>En la regi\u00f3n del Atl\u00e1ntico, los hospitales de New Brunswick luchaban por brindar una atenci\u00f3n adecuada y oportuna en medio del aumento de las infecciones por COVID-19 y una gran cantidad de personal de salud que no puede trabajar debido al virus.<\/p>\n<p>El departamento de salud de la provincia dijo en un comunicado el jueves que cientos de trabajadores se estaban aislando en sus casas. A principios de esta semana, el gobierno emiti\u00f3 un n\u00famero oficial de 571.<\/p>\n<p>La Sociedad M\u00e9dica de New Brunswick dijo que los hospitales de la provincia ya enfrentaban escasez de personal antes de la pandemia que afect\u00f3 la capacidad de los trabajadores para brindar suficiente atenci\u00f3n a los pacientes.<\/p>\n<p>En Ontario, los brotes en residencias de ancianos provocaron ausencias del personal de entre el 20 y el 30 por ciento en algunas \u00e1reas.<\/p>\n<p>El ministro de Cuidados a Largo Plazo, Rod Phillips, dijo que hubo brotes el jueves en 186 hogares en 30 de las 34 unidades de salud p\u00fablica de Ontario.<\/p>\n<p>Dijo que su ministerio estaba en contacto con hogares que luchaban con el personal, ya que la variante Omicron obligaba a las personas a aislarse.<\/p>\n<p>\u201cLa dotaci\u00f3n de personal en la atenci\u00f3n a largo plazo sigue siendo una preocupaci\u00f3n\u201d, dijo Phillips durante una conferencia de prensa virtual sobre un programa de empleo local. \u201cEs un \u00e1rea en la que estamos en contacto diario con hogares individuales (sobre)\u201d.<\/p>\n<p>El presidente de un sindicato que representa a los trabajadores de atenci\u00f3n a largo plazo en la provincia habl\u00f3 sobre las medidas desesperadas que se est\u00e1n tomando para movilizar a los trabajadores.<\/p>\n<p>\u201cDebido a que Ontario no pudo planificar, m\u00e1s de 1,000 empleados de hogares de ancianos est\u00e1n enfermos en este momento, lo que hace que los hogares de ancianos contraten desesperadamente de las cadenas de comida r\u00e1pida\u201d, dijo Sharleen Stewart, presidenta de SEIU Healthcare.<\/p>\n<p>Los hogares han pedido a los trabajadores de comida r\u00e1pida que reemplacen al personal de cocina que no puede trabajar, dijo.<\/p>\n<p>El aislamiento debido al aumento de casos de la variante Omicron tambi\u00e9n estaba ejerciendo presi\u00f3n sobre algunos servicios de bomberos, tr\u00e1nsito y polic\u00eda.<\/p>\n<p>La ciudad de Prince Rupert en el noroeste de B.C. dijo en un comunicado que ocho de sus 20 bomberos est\u00e1n fuera debido al COVID-19. La ciudad agreg\u00f3 que el departamento est\u00e1 manejando la escasez, pero si es necesario, se basar\u00e1 en un acuerdo con el departamento de bomberos voluntarios en el vecino Port Edward para ayudar.<\/p>\n<p>Winnipeg Transit estaba utilizando operadores de repuesto y horas extra para cubrir los turnos, y la ciudad dijo que se reducir\u00edan los horarios de algunas rutas.<\/p>\n<p>Mississauga, Ontario, tambi\u00e9n suspendi\u00f3 temporalmente algunos servicios debido a la escasez de personal. La ciudad dijo que las reducciones estar\u00e1n vigentes hasta nuevo aviso.<\/p>\n<p>El Servicio de Polic\u00eda de Winnipeg declar\u00f3 un estado interno de emergencia el mi\u00e9rcoles debido a la escasez de personal, mientras que los servicios de polic\u00eda de Edmonton y Calgary advirtieron sobre problemas de personal.<\/p>\n<p>Una peque\u00f1a Primera Naci\u00f3n en el norte de Ontario ha perdido muchos trabajadores esenciales ya que un brote de COVID-19 ha infectado a casi la mitad de sus 400 residentes. Ha declarado el estado de emergencia y solicitado asistencia militar.<\/p>\n<p>El Gran Jefe de la Naci\u00f3n Nishnawbe Aski, Derek Fox, dijo que muchos de los trabajadores esenciales en la Primera Naci\u00f3n de Bearskin Lake est\u00e1n enfermos con el virus o aislados en sus hogares.<\/p>\n<p>Charles Fox, quien es miembro de la comunidad, dijo que los conductores de camiones de agua y alcantarillado tienen que venir a trabajar cuando son positivos, pero trabajan solos.<\/p>\n<p>\u201cNecesitamos que venga el ej\u00e9rcito y proporcione la mano de obra para la carga de la carga, los suministros de distribuci\u00f3n, las cestas, y necesitamos personas que lleven a todas las personas al centro de hisopado\u201d, dijo.<\/p>\n","protected":false},"excerpt":{"rendered":"<p>&#8211; Canad\u00e1 ha visto un aumento en los casos de COVID-19 en las \u00faltimas semanas debido a la variante Omicron. Muchas jurisdicciones han pospuesto procedimientos&hellip;<\/p>\n","protected":false},"author":99,"featured_media":500905,"comment_status":"open","ping_status":"open","sticky":false,"template":"","format":"standard","meta":{"footnotes":""},"categories":[21,11191],"tags":[],"class_list":["post-500904","post","type-post","status-publish","format-standard","has-post-thumbnail","hentry","category-canada","category-top-news"],"_links":{"self":[{"href":"https:\/\/diarioelpopular.com\/index.php\/wp-json\/wp\/v2\/posts\/500904","targetHints":{"allow":["GET"]}}],"collection":[{"href":"https:\/\/diarioelpopular.com\/index.php\/wp-json\/wp\/v2\/posts"}],"about":[{"href":"https:\/\/diarioelpopular.com\/index.php\/wp-json\/wp\/v2\/types\/post"}],"author":[{"embeddable":true,"href":"https:\/\/diarioelpopular.com\/index.php\/wp-json\/wp\/v2\/users\/99"}],"replies":[{"embeddable":true,"href":"https:\/\/diarioelpopular.com\/index.php\/wp-json\/wp\/v2\/comments?post=500904"}],"version-history":[{"count":1,"href":"https:\/\/diarioelpopular.com\/index.php\/wp-json\/wp\/v2\/posts\/500904\/revisions"}],"predecessor-version":[{"id":500907,"href":"https:\/\/diarioelpopular.com\/index.php\/wp-json\/wp\/v2\/posts\/500904\/revisions\/500907"}],"wp:featuredmedia":[{"embeddable":true,"href":"https:\/\/diarioelpopular.com\/index.php\/wp-json\/wp\/v2\/media\/500905"}],"wp:attachment":[{"href":"https:\/\/diarioelpopular.com\/index.php\/wp-json\/wp\/v2\/media?parent=500904"}],"wp:term":[{"taxonomy":"category","embeddable":true,"href":"https:\/\/diarioelpopular.com\/index.php\/wp-json\/wp\/v2\/categories?post=500904"},{"taxonomy":"post_tag","embeddable":true,"href":"https:\/\/diarioelpopular.com\/index.php\/wp-json\/wp\/v2\/tags?post=500904"}],"curies":[{"name":"wp","href":"https:\/\/api.w.org\/{rel}","templated":true}]}}