{"id":500909,"date":"2022-01-07T10:03:56","date_gmt":"2022-01-07T14:03:56","guid":{"rendered":"https:\/\/diarioelpopular.com\/?p=500909"},"modified":"2022-01-07T10:03:56","modified_gmt":"2022-01-07T14:03:56","slug":"argentina-el-gobierno-rechaza-el-ajuste-del-fmi","status":"publish","type":"post","link":"https:\/\/diarioelpopular.com\/index.php\/2022\/01\/07\/argentina-el-gobierno-rechaza-el-ajuste-del-fmi\/","title":{"rendered":"Argentina: El Gobierno rechaza el ajuste del FMI"},"content":{"rendered":"<h4><\/h4>\n<div id=\"attachment_500911\" style=\"width: 646px\" class=\"wp-caption alignnone\"><img loading=\"lazy\" decoding=\"async\" aria-describedby=\"caption-attachment-500911\" class=\"size-custom-full-size wp-image-500911\" src=\"https:\/\/diarioelpopular.com\/wp-content\/uploads\/2022\/01\/1.a5cd3-636x424.jpg\" alt=\"\" width=\"636\" height=\"424\" srcset=\"https:\/\/diarioelpopular.com\/wp-content\/uploads\/2022\/01\/1.a5cd3-636x424.jpg 636w, https:\/\/diarioelpopular.com\/wp-content\/uploads\/2022\/01\/1.a5cd3-300x200.jpg 300w, https:\/\/diarioelpopular.com\/wp-content\/uploads\/2022\/01\/1.a5cd3-768x512.jpg 768w, https:\/\/diarioelpopular.com\/wp-content\/uploads\/2022\/01\/1.a5cd3-110x73.jpg 110w, https:\/\/diarioelpopular.com\/wp-content\/uploads\/2022\/01\/1.a5cd3.jpg 800w\" sizes=\"auto, (max-width: 636px) 100vw, 636px\" \/><p id=\"caption-attachment-500911\" class=\"wp-caption-text\"><em>Di\u00e1logo online entre el presidente argentino Alberto Fern\u00e1ndez y la titular del FMI, Kristalina Georgieva.<\/em><\/p><\/div>\n<h4><em><strong>-&#8220;Se sigue negociando, no habr\u00e1 default&#8221;, dice la vocera de la Presidencia<\/strong><\/em><\/h4>\n<p><em><strong>BUENOS AIRES 7 ENE &#8211;<\/strong> <\/em>&#8220;El FMI pide una pol\u00edtica de ajuste que el Gobierno argentino no est\u00e1 dispuesto a llevar adelante&#8221;, afirm\u00f3 este jueves tajante la portavoz de la Presidencia del pa\u00eds sudamericano, Gabriela Cerruti.<br \/>\nEl gobierno de Alberto Fern\u00e1ndez (peronismo, centro izquierda) no est\u00e1 comprometido a dar lugar a esas exigencias para el refinanciamiento de una deuda de 44 mil millones de d\u00f3lares con el organismo &#8220;porque compromete al pueblo argentino y su posibilidad de crecer y desarrollarse&#8221;, a\u00f1adi\u00f3 la vocera.<br \/>\nTambi\u00e9n dijo que contin\u00faan las negociaciones con el organismo internacional de cr\u00e9dito.<br \/>\n&#8220;Ese es el punto clave de la discusi\u00f3n que se lleva a cabo en estos momentos y esperamos que se pueda resolver lo antes posible&#8221;, acot\u00f3 Cerruti en su rueda de prensa semanal.<br \/>\n&#8220;Esperamos que el FMI entienda que tenemos que crecer y fortificar la situaci\u00f3n interna para poder pagar y cumplir con esta deuda que no contrajo este gobierno pero que va a intentar solucionar&#8221;, dijo la portavoz, y asegur\u00f3 que &#8220;la Argentina no va a entrar en default&#8221;.<br \/>\nCerruti destac\u00f3 que &#8220;la postura de Argentina tiene el apoyo de muchos pa\u00edses del mundo&#8221;, adem\u00e1s de la de &#8220;un conjunto de gobernadores, diputados, senadores, funcionarios y fuerzas de la sociedad sindicales, econ\u00f3micas y pol\u00edticas que est\u00e1n acompa\u00f1ando la mejor resoluci\u00f3n para este acuerdo&#8221;.<\/p>\n","protected":false},"excerpt":{"rendered":"<p>-&#8220;Se sigue negociando, no habr\u00e1 default&#8221;, dice la vocera de la Presidencia BUENOS AIRES 7 ENE &#8211; &#8220;El FMI pide una pol\u00edtica de ajuste que&hellip;<\/p>\n","protected":false},"author":99,"featured_media":500911,"comment_status":"open","ping_status":"open","sticky":false,"template":"","format":"standard","meta":{"footnotes":""},"categories":[23],"tags":[],"class_list":["post-500909","post","type-post","status-publish","format-standard","has-post-thumbnail","hentry","category-latinoamerica"],"_links":{"self":[{"href":"https:\/\/diarioelpopular.com\/index.php\/wp-json\/wp\/v2\/posts\/500909","targetHints":{"allow":["GET"]}}],"collection":[{"href":"https:\/\/diarioelpopular.com\/index.php\/wp-json\/wp\/v2\/posts"}],"about":[{"href":"https:\/\/diarioelpopular.com\/index.php\/wp-json\/wp\/v2\/types\/post"}],"author":[{"embeddable":true,"href":"https:\/\/diarioelpopular.com\/index.php\/wp-json\/wp\/v2\/users\/99"}],"replies":[{"embeddable":true,"href":"https:\/\/diarioelpopular.com\/index.php\/wp-json\/wp\/v2\/comments?post=500909"}],"version-history":[{"count":1,"href":"https:\/\/diarioelpopular.com\/index.php\/wp-json\/wp\/v2\/posts\/500909\/revisions"}],"predecessor-version":[{"id":500912,"href":"https:\/\/diarioelpopular.com\/index.php\/wp-json\/wp\/v2\/posts\/500909\/revisions\/500912"}],"wp:featuredmedia":[{"embeddable":true,"href":"https:\/\/diarioelpopular.com\/index.php\/wp-json\/wp\/v2\/media\/500911"}],"wp:attachment":[{"href":"https:\/\/diarioelpopular.com\/index.php\/wp-json\/wp\/v2\/media?parent=500909"}],"wp:term":[{"taxonomy":"category","embeddable":true,"href":"https:\/\/diarioelpopular.com\/index.php\/wp-json\/wp\/v2\/categories?post=500909"},{"taxonomy":"post_tag","embeddable":true,"href":"https:\/\/diarioelpopular.com\/index.php\/wp-json\/wp\/v2\/tags?post=500909"}],"curies":[{"name":"wp","href":"https:\/\/api.w.org\/{rel}","templated":true}]}}