{"id":500913,"date":"2022-01-07T10:06:57","date_gmt":"2022-01-07T14:06:57","guid":{"rendered":"https:\/\/diarioelpopular.com\/?p=500913"},"modified":"2022-01-07T10:06:57","modified_gmt":"2022-01-07T14:06:57","slug":"omicron-ya-es-dominante-en-colombia","status":"publish","type":"post","link":"https:\/\/diarioelpopular.com\/index.php\/2022\/01\/07\/omicron-ya-es-dominante-en-colombia\/","title":{"rendered":"Omicron ya es dominante en Colombia"},"content":{"rendered":"<div id=\"attachment_500914\" style=\"width: 646px\" class=\"wp-caption alignnone\"><img loading=\"lazy\" decoding=\"async\" aria-describedby=\"caption-attachment-500914\" class=\"size-custom-full-size wp-image-500914\" src=\"https:\/\/diarioelpopular.com\/wp-content\/uploads\/2022\/01\/1.3e92-636x450.jpg\" alt=\"\" width=\"636\" height=\"450\" srcset=\"https:\/\/diarioelpopular.com\/wp-content\/uploads\/2022\/01\/1.3e92-636x450.jpg 636w, https:\/\/diarioelpopular.com\/wp-content\/uploads\/2022\/01\/1.3e92-300x212.jpg 300w, https:\/\/diarioelpopular.com\/wp-content\/uploads\/2022\/01\/1.3e92-768x543.jpg 768w, https:\/\/diarioelpopular.com\/wp-content\/uploads\/2022\/01\/1.3e92-103x73.jpg 103w, https:\/\/diarioelpopular.com\/wp-content\/uploads\/2022\/01\/1.3e92.jpg 800w\" sizes=\"auto, (max-width: 636px) 100vw, 636px\" \/><p id=\"caption-attachment-500914\" class=\"wp-caption-text\"><em>Omicron ya es dominante en Colombia (foto: EPA)<\/em><\/p><\/div>\n<h4><em><strong>&#8211; En cuesti\u00f3n de semanas se estar\u00e1 en cuarta ola de la pandemia<\/strong><\/em><\/h4>\n<p><em><strong>BOGOTA 7 ENE &#8211;<\/strong><\/em> Omicron se convirti\u00f3 en la variante del coronavirus dominante en Colombia y su circulaci\u00f3n tambi\u00e9n es el aviso de la llegada, en cuesti\u00f3n de semanas, de la cuarta ola de contagios, admiti\u00f3 el Ministerio de Salud.<br \/>\n&#8220;Tal como hab\u00edamos anticipado, a enero 2 m\u00e1s del 60% del mapa gen\u00f3mico de Covid-19 en Colombia es dominado por Omicron.<br \/>\nEsto implica adaptar lineamientos a caracter\u00edsticas cl\u00ednicas de la variante&#8221;, escribi\u00f3 en Twitter el jefe de la cartera sanitaria, Fernando Ruiz.<br \/>\nDe acuerdo con el seguimiento a esta variante por parte del Instituto Nacional de Salud (INS), Omicron ya circula con casos sabidos en Bogot\u00e1 y en seis departamentos del pa\u00eds.<br \/>\n&#8220;El contagio, por fortuna, es de baja severidad&#8221;, en raz\u00f3n a las mismas &#8220;condiciones del virus&#8221; y al plan nacional de vacunaci\u00f3n, asegur\u00f3 Germ\u00e1n Escobar, viceministro de Salud P\u00fablica.<br \/>\nEl funcionario explic\u00f3 que de acuerdo a un &#8220;modelo&#8221; que maneja el INS se puede pronosticar la tendencia de contagios de la pandemia en las siguientes semanas, de manera que las m\u00e1s reciente medici\u00f3n de ese tipo le dio a las autoridades de salud unas tres semanas para llegar a la cresta de la ola de los positivos.<br \/>\n&#8220;Los modelos que corrimos la semana pasada con el Instituto Nacional de Salud, quien es el que tiene la experticia para ello, muestran que el pico de contagios podr\u00eda darse en las pr\u00f3ximas tres semanas, es decir, a finales de este mes, m\u00e1ximo a comienzo de febrero&#8221;, precis\u00f3 Escobar.<br \/>\nSin embargo, admiti\u00f3 que ante los incrementos exponenciales de contagios registrados en los \u00faltimos d\u00edas van a tener que introducir nuevos datos al modelo de medici\u00f3n para &#8220;ajustar esas estimaciones&#8221;, lo que podr\u00eda acelerar la aparici\u00f3n del pico.<br \/>\nEl presidente, Iv\u00e1n Duque, alert\u00f3 en la v\u00edspera que el nuevo pico de la peste se mantendr\u00eda en ebullici\u00f3n durante unos dos meses y en ese tiempo podr\u00edan verse cifras de hasta 40 mil positivos por d\u00eda.<br \/>\n&#8220;Ya vemos lo que se podr\u00eda decir un cuarto pico&#8221;, dijo hoy el jefe de Estado durante un acto p\u00fablico.<br \/>\nDuque asegur\u00f3 que era previsible un rebrote y a\u00f1adi\u00f3 que &#8220;mientras existan pandemias y exista esta pandemia del Covid-19 veremos un quinto y tal vez un sexto (pico, NDR)&#8221;, anticip\u00f3.<br \/>\nAnte el inevitable panorama sanitario, el mandatario insisti\u00f3 a sus compatriotas en la necesidad imperativa de vacunarse contra la enfermedad.<br \/>\n&#8220;La situaci\u00f3n es clara: la mejor forma de enfrentar este fen\u00f3meno es con la vacunaci\u00f3n; la vacunaci\u00f3n es masiva, es gratuita, es segura y es equitativa&#8221;, detall\u00f3.<br \/>\nDuque reafirm\u00f3 que &#8220;gracias a la vacunaci\u00f3n masiva&#8221; y en general al &#8220;desarrollo de la medicina&#8221; el pico de la peste que se est\u00e1 levantando revela que &#8220;no tiene una escala de letalidad, como la que vimos en otro momento&#8221; y &#8220;no est\u00e1 generando el mismo estr\u00e9s en las unidades de cuidado intensivo&#8221; que se vivi\u00f3 &#8220;en otros momentos&#8221;.<br \/>\nPara el Jefe de Estado si el pa\u00eds act\u00faa con disciplina y &#8220;deber moral&#8221; podr\u00eda alcanzar, en un lapso corto de tiempo, el 70% de la segunda vacunaci\u00f3n, dado que en este momento apenas llega al 56%.<br \/>\n&#8220;Hoy tenemos las vacunas, necesitamos es que vayan los ciudadanos a cumplir con su agenda, a que tengamos la segunda dosis y la hagamos crecer&#8221;, reclam\u00f3.<\/p>\n","protected":false},"excerpt":{"rendered":"<p>&#8211; En cuesti\u00f3n de semanas se estar\u00e1 en cuarta ola de la pandemia BOGOTA 7 ENE &#8211; Omicron se convirti\u00f3 en la variante del coronavirus&hellip;<\/p>\n","protected":false},"author":99,"featured_media":500914,"comment_status":"open","ping_status":"open","sticky":false,"template":"","format":"standard","meta":{"footnotes":""},"categories":[23],"tags":[],"class_list":["post-500913","post","type-post","status-publish","format-standard","has-post-thumbnail","hentry","category-latinoamerica"],"_links":{"self":[{"href":"https:\/\/diarioelpopular.com\/index.php\/wp-json\/wp\/v2\/posts\/500913","targetHints":{"allow":["GET"]}}],"collection":[{"href":"https:\/\/diarioelpopular.com\/index.php\/wp-json\/wp\/v2\/posts"}],"about":[{"href":"https:\/\/diarioelpopular.com\/index.php\/wp-json\/wp\/v2\/types\/post"}],"author":[{"embeddable":true,"href":"https:\/\/diarioelpopular.com\/index.php\/wp-json\/wp\/v2\/users\/99"}],"replies":[{"embeddable":true,"href":"https:\/\/diarioelpopular.com\/index.php\/wp-json\/wp\/v2\/comments?post=500913"}],"version-history":[{"count":1,"href":"https:\/\/diarioelpopular.com\/index.php\/wp-json\/wp\/v2\/posts\/500913\/revisions"}],"predecessor-version":[{"id":500915,"href":"https:\/\/diarioelpopular.com\/index.php\/wp-json\/wp\/v2\/posts\/500913\/revisions\/500915"}],"wp:featuredmedia":[{"embeddable":true,"href":"https:\/\/diarioelpopular.com\/index.php\/wp-json\/wp\/v2\/media\/500914"}],"wp:attachment":[{"href":"https:\/\/diarioelpopular.com\/index.php\/wp-json\/wp\/v2\/media?parent=500913"}],"wp:term":[{"taxonomy":"category","embeddable":true,"href":"https:\/\/diarioelpopular.com\/index.php\/wp-json\/wp\/v2\/categories?post=500913"},{"taxonomy":"post_tag","embeddable":true,"href":"https:\/\/diarioelpopular.com\/index.php\/wp-json\/wp\/v2\/tags?post=500913"}],"curies":[{"name":"wp","href":"https:\/\/api.w.org\/{rel}","templated":true}]}}