{"id":500917,"date":"2022-01-07T10:10:37","date_gmt":"2022-01-07T14:10:37","guid":{"rendered":"https:\/\/diarioelpopular.com\/?p=500917"},"modified":"2022-01-07T10:10:37","modified_gmt":"2022-01-07T14:10:37","slug":"nuevas-rutas-ilegales-desde-centroamerica","status":"publish","type":"post","link":"https:\/\/diarioelpopular.com\/index.php\/2022\/01\/07\/nuevas-rutas-ilegales-desde-centroamerica\/","title":{"rendered":"Nuevas rutas ilegales desde Centroam\u00e9rica"},"content":{"rendered":"<div id=\"attachment_500918\" style=\"width: 646px\" class=\"wp-caption alignnone\"><img loading=\"lazy\" decoding=\"async\" aria-describedby=\"caption-attachment-500918\" class=\"size-custom-full-size wp-image-500918\" src=\"https:\/\/diarioelpopular.com\/wp-content\/uploads\/2022\/01\/1.7934-636x424.jpg\" alt=\"\" width=\"636\" height=\"424\" srcset=\"https:\/\/diarioelpopular.com\/wp-content\/uploads\/2022\/01\/1.7934-636x424.jpg 636w, https:\/\/diarioelpopular.com\/wp-content\/uploads\/2022\/01\/1.7934-300x200.jpg 300w, https:\/\/diarioelpopular.com\/wp-content\/uploads\/2022\/01\/1.7934-768x512.jpg 768w, https:\/\/diarioelpopular.com\/wp-content\/uploads\/2022\/01\/1.7934-110x73.jpg 110w, https:\/\/diarioelpopular.com\/wp-content\/uploads\/2022\/01\/1.7934.jpg 800w\" sizes=\"auto, (max-width: 636px) 100vw, 636px\" \/><p id=\"caption-attachment-500918\" class=\"wp-caption-text\"><em>Nuevas rutas ilegales desde Centroam\u00e9rica<\/em><\/p><\/div>\n<h4><em><strong>&#8211; Para eludir controles de seguridad, bandas buscan otras v\u00edas<\/strong><\/em><\/h4>\n<p><em><strong>CIUDAD DE MEXICO, 07 GEN &#8211;<\/strong><\/em> Las bandas de tr\u00e1fico de personas est\u00e1n modificando sus rutas para el traslado masivo e ilegal de personas desde Centroam\u00e9rica y el Caribe, combinando recorridos por mar y tierra que hacen m\u00e1s dif\u00edcil el trabajo de las fuerzas de seguridad y m\u00e1s peligrosas las traves\u00edas.<br \/>\nDe acuerdo con la Organizaci\u00f3n Internacional para las Migraciones (OIM), ahora una buena parte del desplazamiento de personas se realiza en embarcaciones desde Puerto Oc\u00f3s, en la frontera de Guatemala con M\u00e9xico hacia Tijuana, estado de Baja California, l\u00edmitrofe con Estados Unidos, sobre las costas del Pac\u00edfico.<br \/>\nOtra ruta tambi\u00e9n parte de Oc\u00f3s pero llega a Mazat\u00e1n y Pared\u00f3n en Chiapas o bien en Salina Cruz, Oaxaca, pero este es un recorrido muy corto que s\u00f3lo elude los puestos de revisi\u00f3n de la frontera con Guatemala.<br \/>\nEn el Caribe, la ruta m\u00e1s usual parte del oriente de Cuba hacia Isla Mujeres y Canc\u00fan, o desde Belice hasta Chetumal, ambos con destino al estado de Quintana Roo, sureste de M\u00e9xico.<br \/>\nLa ruta hacia Tijuana ya data de hace varios a\u00f1os y para el traslado se emplean yates, jet-skis y balsas, seg\u00fan el informe de la OIM, presentado el lunes pasado.<br \/>\nEl ingreso de Tijuana a San Diego, California, que son ciudades colindantes, tambi\u00e9n se realiza a trav\u00e9s del mar. En algunas regiones este desplazamiento de personas &#8220;se realiza de manera intermitente e invisible&#8221; lo que permite que se tenga un &#8220;relativo \u00e9xito&#8221;, afirma.<br \/>\n&#8220;Hay que estar en alerta porque mares y oc\u00e9anos han probado ser tan letales como las rutas terrestres. No vaya a ser que en alg\u00fan momento pasemos de hablar de tr\u00e1ileres (camiones de carga) accidentados a embarcaciones hundidas con migrantes en M\u00e9xico&#8221;, advirti\u00f3 el ex presidente de la Comisi\u00f3n Nacional de Derechos Humanos, Mauricio Farah.<br \/>\n&#8220;En migraci\u00f3n ahora todo es m\u00e1s en el Continente Americano: rutas m\u00e1s remotas y arriesgadas, tarifas m\u00e1s altas, migrantes m\u00e1s vulnerables, traficantes m\u00e1s empoderados y, por todo ello, m\u00e1s sufrimiento, violencia y muerte&#8221;, afirm\u00f3 Farah, que es secretario general de servicios generales del Senado mexicano.<br \/>\nAunque por ahora no se han suscitado grandes naufragios y muerte de un alto n\u00famero de personas, como sucede en otras zonas migratorias como el Mediterr\u00e1neo, que separa a Africa de Europa, los expertos no dudan que en el futuro pr\u00f3ximo pudieran ocurrir casos como estos en M\u00e9xico.<br \/>\nDe hecho, en 2017 se inform\u00f3 que tres mexicanos murieron cuando un bote se volc\u00f3 frente a las costas de California con 30 personas a bordo, que hab\u00edan pagado individualmente m\u00e1s de 15.000 d\u00f3lares para ser llevadas de M\u00e9xico a Estados Unidos, luego que la embarcaci\u00f3n choc\u00f3 contra unas rocas.<br \/>\nEn ese mismo a\u00f1o, agentes del Servicio de Aduanas y Protecci\u00f3n de Fronteras (CBP, siglas en ingl\u00e9s) de San Diego arrestaron a 909 personas y confiscaron 76 barcos en el mar, seg\u00fan el sitio digital InSight Crime.<br \/>\nEn 2021, de acuerdo con el mismo organismo, se incrementaron 40% las detenciones de migrantes y &#8220;polleros&#8221; (traficantes de personas) en el mar.<br \/>\nDe acuerdo con InSight Crime, el &#8220;incremento de los intentos de tr\u00e1fico mar\u00edtimo de personas demuestra que los polleros est\u00e1n buscando rutas m\u00e1s peligrosas y cobrando una tarifa adicional por la posibilidad de pasar a Estados Unidos&#8221;.<br \/>\nS\u00f3lo en el a\u00f1o fiscal de 2020, se contabilizaron 1.273 aprehensiones en el mar, casi el doble de las 662 detenciones en el mismo periodo de 2019, y las confiscaciones de barcos pasaron de 80 a 118, un aumento de casi el 50%, seg\u00fan datos del CBP.<br \/>\nEl aumento de los cruces ilegales de la frontera es alimentado por la cantidad creciente de mexicanos que buscan trasladarse ilegalmente a Estados Unidos, despu\u00e9s de que por varios a\u00f1os la migraci\u00f3n de ciudadanos de este pa\u00eds al vecino fue cercana a &#8220;cero&#8221;.<br \/>\nEn el a\u00f1o fiscal de 2021, la autoridad migratoria estadounidense detuvo a 1,7 millones de migrantes, la cifra m\u00e1s elevada de la historia, el triple del promedio de la \u00faltima d\u00e9cada, de los cuales la mayor\u00eda eran mexicanos (35%), seguidos de hondure\u00f1os, guatemaltecos y salvadore\u00f1os.<\/p>\n","protected":false},"excerpt":{"rendered":"<p>&#8211; Para eludir controles de seguridad, bandas buscan otras v\u00edas CIUDAD DE MEXICO, 07 GEN &#8211; Las bandas de tr\u00e1fico de personas est\u00e1n modificando sus&hellip;<\/p>\n","protected":false},"author":99,"featured_media":500918,"comment_status":"open","ping_status":"open","sticky":false,"template":"","format":"standard","meta":{"footnotes":""},"categories":[23,11354],"tags":[],"class_list":["post-500917","post","type-post","status-publish","format-standard","has-post-thumbnail","hentry","category-latinoamerica","category-sucesos"],"_links":{"self":[{"href":"https:\/\/diarioelpopular.com\/index.php\/wp-json\/wp\/v2\/posts\/500917","targetHints":{"allow":["GET"]}}],"collection":[{"href":"https:\/\/diarioelpopular.com\/index.php\/wp-json\/wp\/v2\/posts"}],"about":[{"href":"https:\/\/diarioelpopular.com\/index.php\/wp-json\/wp\/v2\/types\/post"}],"author":[{"embeddable":true,"href":"https:\/\/diarioelpopular.com\/index.php\/wp-json\/wp\/v2\/users\/99"}],"replies":[{"embeddable":true,"href":"https:\/\/diarioelpopular.com\/index.php\/wp-json\/wp\/v2\/comments?post=500917"}],"version-history":[{"count":1,"href":"https:\/\/diarioelpopular.com\/index.php\/wp-json\/wp\/v2\/posts\/500917\/revisions"}],"predecessor-version":[{"id":500919,"href":"https:\/\/diarioelpopular.com\/index.php\/wp-json\/wp\/v2\/posts\/500917\/revisions\/500919"}],"wp:featuredmedia":[{"embeddable":true,"href":"https:\/\/diarioelpopular.com\/index.php\/wp-json\/wp\/v2\/media\/500918"}],"wp:attachment":[{"href":"https:\/\/diarioelpopular.com\/index.php\/wp-json\/wp\/v2\/media?parent=500917"}],"wp:term":[{"taxonomy":"category","embeddable":true,"href":"https:\/\/diarioelpopular.com\/index.php\/wp-json\/wp\/v2\/categories?post=500917"},{"taxonomy":"post_tag","embeddable":true,"href":"https:\/\/diarioelpopular.com\/index.php\/wp-json\/wp\/v2\/tags?post=500917"}],"curies":[{"name":"wp","href":"https:\/\/api.w.org\/{rel}","templated":true}]}}