{"id":500934,"date":"2022-01-08T13:13:54","date_gmt":"2022-01-08T17:13:54","guid":{"rendered":"https:\/\/diarioelpopular.com\/?p=500934"},"modified":"2022-01-08T13:13:54","modified_gmt":"2022-01-08T17:13:54","slug":"virus-disparado-en-argentina","status":"publish","type":"post","link":"https:\/\/diarioelpopular.com\/index.php\/2022\/01\/08\/virus-disparado-en-argentina\/","title":{"rendered":"Virus disparado en Argentina"},"content":{"rendered":"<div id=\"attachment_500935\" style=\"width: 646px\" class=\"wp-caption alignnone\"><img loading=\"lazy\" decoding=\"async\" aria-describedby=\"caption-attachment-500935\" class=\"size-custom-full-size wp-image-500935\" src=\"https:\/\/diarioelpopular.com\/wp-content\/uploads\/2022\/01\/1.a089-636x424.jpg\" alt=\"\" width=\"636\" height=\"424\" srcset=\"https:\/\/diarioelpopular.com\/wp-content\/uploads\/2022\/01\/1.a089-636x424.jpg 636w, https:\/\/diarioelpopular.com\/wp-content\/uploads\/2022\/01\/1.a089-300x200.jpg 300w, https:\/\/diarioelpopular.com\/wp-content\/uploads\/2022\/01\/1.a089-768x512.jpg 768w, https:\/\/diarioelpopular.com\/wp-content\/uploads\/2022\/01\/1.a089-110x73.jpg 110w, https:\/\/diarioelpopular.com\/wp-content\/uploads\/2022\/01\/1.a089.jpg 800w\" sizes=\"auto, (max-width: 636px) 100vw, 636px\" \/><p id=\"caption-attachment-500935\" class=\"wp-caption-text\"><em>Rebrote del coronavirus en Argentina, dos d\u00edas seguidos con m\u00e1s de 100 mil casos nuevos<\/em><\/p><\/div>\n<h4><em><strong>&#8211; M\u00e1s de 115 mil casos en un d\u00eda, gobierno preocupado<\/strong><\/em><\/h4>\n<p><em><strong>BUENOS AIRES 8 ENE &#8211;<\/strong> <\/em>Argentina registr\u00f3 un nuevo r\u00e9cord de contagios de Covid-19 en un d\u00eda con 110.533 nuevos contagios en las \u00faltimas 24 horas, adem\u00e1s de 42 muertes, cifras que instalan preocupaci\u00f3n en el gobierno en medio de las vacaciones estivales y con una econom\u00eda severamente debilitada.<br \/>\nSeg\u00fan datos del ministerio de Salud difundidos este viernes, por segundo d\u00eda consecutivo se superaron los 100 mil contagios nuevos y, as\u00ed, el total de infectados desde el inicio de la pandemia lleg\u00f3 a 6.135.836, con 117.428 fallecimientos totales.<br \/>\nEntre jueves y viernes se realizaron 191.811 testeos, con una tasa de positividad del 57,62%, casi seis veces m\u00e1s del 10% recomendado por la Organizaci\u00f3n Mundial de la Salud (OMS).<br \/>\nDe acuerdo con los datos oficiales, en Argentina hay 1.680 personas con coronavirus internadas en terapia intensiva actualmente. El porcentaje de ocupaci\u00f3n de camas a nivel nacional es del 37,8% y en el \u00c1rea Metropolitana de Buenos Aires (AMBA) del 38,8%, en niveles que no son de alarma.<br \/>\nEn medio de los crecientes contagios, hay una situaci\u00f3n que est\u00e1 en boca de expertos y epidemi\u00f3logos, la importancia de vacunar con dosis completas a todas las personas mayores de 3 a\u00f1os.<br \/>\nDe hecho, la jefa de Gabinete del Ministerio de Salud de la Naci\u00f3n, Sonia Tarragona, alert\u00f3 sobre el incremento exponencial de contagios en los chicos de entre 3 y 11 a\u00f1os. En ese segmento la positividad pas\u00f3 de 2,3 a 20% en las \u00faltimas tres semanas.<br \/>\n&#8220;Es tan r\u00e1pido y tan vertiginoso el crecimiento que todav\u00eda no tenemos una conclusi\u00f3n, pero s\u00ed se est\u00e1 notando un crecimiento m\u00e1s grande en esos grupos que son los que tiene menos porcentaje de poblaci\u00f3n vacunada&#8221;, dijo la funcionaria.<br \/>\nEl presidente de la Sociedad Argentina de Pediatr\u00eda (SAP), Pablo Moreno, advirti\u00f3 que &#8220;solamente el 41% de los ni\u00f1os&#8221; de 3 a 11 a\u00f1os tiene aplicada la segunda dosis contra el coronavirus en su pa\u00eds, por lo que pidi\u00f3 completar los esquemas de inoculaci\u00f3n en esa banda etaria de modo urgente para &#8220;salir de la pandemia&#8221;.<br \/>\nEl gobierno argentino tambi\u00e9n maneja otro dato peligroso en la festividad del verano austral: de acuerdo a la positividad semanal, la franja etaria que m\u00e1s creci\u00f3 al d\u00eda 5 de enero es la que va de 20 a 29 y 30 a 39 a\u00f1os, superando el grupo pedi\u00e1trico y de j\u00f3venes hasta 19 a\u00f1os.<br \/>\nPreocupado por las consecuencias de los contagios de coronavirus en la econom\u00eda, el Gobierno de Alberto Fern\u00e1ndez (peronismo de centro izquierda) eval\u00faa medidas para reducir el impacto de la cepa Omicron, que genera un alto nivel de ausentismo laboral en perjuicio de distintos sectores de la industria y el \u00e1rea de servicios y que a\u00fan no es dominante en Argentina.<br \/>\nUna propuesta de los empresarios es ampliar la flexibilizaci\u00f3n de los protocolos, que ya se modificaron la semana pasada, mientras sigue avanzando exponencialmente a nivel comunitario la nueva variante.<br \/>\nTras reuniones entre miembros del gobierno, empresarios y sindicalistas, qued\u00f3 descartado que se vaya a implementar un pase sanitario (&#8220;Green Pass&#8221;, al estilo europeo) en plantas industriales o empresas.<br \/>\nVoceros del ministerio de Salud dijeron al portal Infobae que registran que &#8220;el tema de los aislamientos es un problema para la econom\u00eda&#8221; y atribuyeron a ese motivo los cambios que hicieron la semana pasada en las recomendaciones de aislamiento disminuyendo la cantidad de d\u00edas de reclusi\u00f3n obligatoria a cinco para aquellas personas con contactos estrechos asintom\u00e1ticos que hayan completado sus esquemas de vacunaci\u00f3n.<\/p>\n","protected":false},"excerpt":{"rendered":"<p>&#8211; M\u00e1s de 115 mil casos en un d\u00eda, gobierno preocupado BUENOS AIRES 8 ENE &#8211; Argentina registr\u00f3 un nuevo r\u00e9cord de contagios de Covid-19&hellip;<\/p>\n","protected":false},"author":99,"featured_media":500935,"comment_status":"open","ping_status":"open","sticky":false,"template":"","format":"standard","meta":{"footnotes":""},"categories":[23],"tags":[],"class_list":["post-500934","post","type-post","status-publish","format-standard","has-post-thumbnail","hentry","category-latinoamerica"],"_links":{"self":[{"href":"https:\/\/diarioelpopular.com\/index.php\/wp-json\/wp\/v2\/posts\/500934","targetHints":{"allow":["GET"]}}],"collection":[{"href":"https:\/\/diarioelpopular.com\/index.php\/wp-json\/wp\/v2\/posts"}],"about":[{"href":"https:\/\/diarioelpopular.com\/index.php\/wp-json\/wp\/v2\/types\/post"}],"author":[{"embeddable":true,"href":"https:\/\/diarioelpopular.com\/index.php\/wp-json\/wp\/v2\/users\/99"}],"replies":[{"embeddable":true,"href":"https:\/\/diarioelpopular.com\/index.php\/wp-json\/wp\/v2\/comments?post=500934"}],"version-history":[{"count":1,"href":"https:\/\/diarioelpopular.com\/index.php\/wp-json\/wp\/v2\/posts\/500934\/revisions"}],"predecessor-version":[{"id":500936,"href":"https:\/\/diarioelpopular.com\/index.php\/wp-json\/wp\/v2\/posts\/500934\/revisions\/500936"}],"wp:featuredmedia":[{"embeddable":true,"href":"https:\/\/diarioelpopular.com\/index.php\/wp-json\/wp\/v2\/media\/500935"}],"wp:attachment":[{"href":"https:\/\/diarioelpopular.com\/index.php\/wp-json\/wp\/v2\/media?parent=500934"}],"wp:term":[{"taxonomy":"category","embeddable":true,"href":"https:\/\/diarioelpopular.com\/index.php\/wp-json\/wp\/v2\/categories?post=500934"},{"taxonomy":"post_tag","embeddable":true,"href":"https:\/\/diarioelpopular.com\/index.php\/wp-json\/wp\/v2\/tags?post=500934"}],"curies":[{"name":"wp","href":"https:\/\/api.w.org\/{rel}","templated":true}]}}