{"id":500963,"date":"2022-01-11T11:10:53","date_gmt":"2022-01-11T15:10:53","guid":{"rendered":"https:\/\/diarioelpopular.com\/?p=500963"},"modified":"2022-01-11T11:10:53","modified_gmt":"2022-01-11T15:10:53","slug":"zoe-el-indigena-que-cargo-a-su-padre-por-12-horas-para-que-fuera-vacunado-contra-covid","status":"publish","type":"post","link":"https:\/\/diarioelpopular.com\/index.php\/2022\/01\/11\/zoe-el-indigena-que-cargo-a-su-padre-por-12-horas-para-que-fuera-vacunado-contra-covid\/","title":{"rendered":"Zoe, el ind\u00edgena que carg\u00f3 a su padre por 12 horas para que fuera vacunado contra covid"},"content":{"rendered":"<div class=\"paragraph\"><\/div>\n<div><img loading=\"lazy\" decoding=\"async\" class=\"alignnone size-custom-full-size wp-image-500964\" src=\"https:\/\/diarioelpopular.com\/wp-content\/uploads\/2022\/01\/indigena-zoe_39267246_20220110162947.jpg\" alt=\"\" width=\"580\" height=\"365\" srcset=\"https:\/\/diarioelpopular.com\/wp-content\/uploads\/2022\/01\/indigena-zoe_39267246_20220110162947.jpg 580w, https:\/\/diarioelpopular.com\/wp-content\/uploads\/2022\/01\/indigena-zoe_39267246_20220110162947-300x189.jpg 300w, https:\/\/diarioelpopular.com\/wp-content\/uploads\/2022\/01\/indigena-zoe_39267246_20220110162947-116x73.jpg 116w\" sizes=\"auto, (max-width: 580px) 100vw, 580px\" \/><\/div>\n<div><em>Tawy carga a su padre Wahu para que reciba la vacuna contra el coronavirus. <\/em><\/div>\n<div><em>FOTO: Tomada del Instagram @Erikjenningssimoes<\/em><\/div>\n<div class=\"paragraph\">\n<p>Para el ind\u00edgena Tawy Zo\u00e9 el cari\u00f1o por su padre y el respeto por sus ancestros ind\u00edgenas lo motiv\u00f3 a realizar una acto de altruismo y profundo amor: durante seis horas camin\u00f3 por lo m\u00e1s espeso de la selva Amaz\u00f3nica de Brasil con su progenitor a cuestas, todo para que Wahu Zo\u00e9, su padre, recibiera una dosis de la vacuna contra el covid-19.<\/p>\n<p>Con una tela, Zo\u00e9 improvis\u00f3 una funda para cargar a Wahu sobre su espalda, hombros y cabeza y as\u00ed desafi\u00f3 los peligros que acechan en una selva impenetrable como la de la Amazonia, como lo rese\u00f1\u00f3 en su cuenta de Instagram el m\u00e9dico Erik Jennings, encargado de la vacunaci\u00f3n en esa zona remota: \u201c Tawy carg\u00f3 a su padre durante 6 horas dentro de un bosque con colinas, arroyos y obst\u00e1culos hasta nuestra base\u201d.<\/p>\n<p>Luego, el galeno agreg\u00f3: \u201cMomento m\u00e1s memorable de 2021. Tawy Zo\u00e9 trayendo a su padre Wahu Zo\u00e9 para la primera vacuna contra la covid-19\u2033.<\/p>\n<p>Seg\u00fan el relato de Jennings, despu\u00e9s de que Wahu recibi\u00f3 la dosis contra el covid-19, Zo\u00e9 lo puso boca arriba, lo subi\u00f3 al cargador improvisado y camin\u00f3 las otras seis horas de regreso a su comunidad.<\/p>\n<p><b>As\u00ed fue la vacunaci\u00f3n de los Zo\u00e9<\/b><\/p>\n<p>Cuenta el m\u00e9dico Jennings, que la vacunaci\u00f3n de la poblaci\u00f3n ind\u00edgena de Zo\u00e9, ha sido una tarea muy compleja. Esta comunidad vive dispersa en un territorio de 669 mil hect\u00e1reas y viven repartidas en 50 pueblos. La movilidad por lo territorios se realiza por senderos en el interior de la manigua que solo ellos conocen. Adem\u00e1s, desde el inicio de la pandemia, los Zo\u00e9 decidieron autoaislarse para evitar contagios que los llevara a la muerte.<\/p>\n<p>Para evitar este contagio, el m\u00e9dico relat\u00f3 que crearon una estrategia junto con los Zo\u00e9 que los llevara a una vacunaci\u00f3n exitosa.<\/p>\n<p>\u201cSe dividieron en grupos de aproximadamente 18 familias. Adoptaron la estrategia de no adoptar caminos entre ellos y evitar la proximidad con los blancos. Planeamos la primera vacuna contra el covid con los Zo\u00e9s y construimos juntos una forma m\u00e1s segura de hacerlo. Usamos algunas caba\u00f1as de aldeas cercanas a nuestra base, lugares abiertos y aireados y tambi\u00e9n donde Zo\u00e9 no pod\u00eda quedarse a dormir. Cada familia fue vacunada por separado. Su llegada fue por caminos que solo ellos conoc\u00edan y sab\u00edan evitar los cruces entre los grupos. Esta t\u00e1ctica funcion\u00f3 durante casi 1 a\u00f1o de pandemia y as\u00ed fue respetada e incorporada durante la primera y segunda dosis\u201d, expres\u00f3 Jennings.<\/p>\n<p>Fue as\u00ed como crearon una \u00e1rea base hasta la que llegaban los integrantes de las familias ind\u00edgenas sin que se cruzaran unos con otros. All\u00ed, en esas casetas de madera y techo de paja, se adelant\u00f3 la vacunaci\u00f3n y seg\u00fan Jennings, hasta inicio de este 2022 ninguno de ellos ha registrado tener coronavirus.<\/p>\n<p>En el enfrentamiento de la pandemia, as\u00ed como en otras acciones de la salud, hemso adoptado pr\u00e1cticas que respeten y tomen en cuenta la cultura y el conocimiento del pueblo. Evitamos la imposici\u00f3n de nuestro modelo biom\u00e9dico que a menudo causa efectos secundarios graves f\u00edsicos, como sicol\u00f3gicos y culturales\u201d, afirm\u00f3 el m\u00e9dico.<\/p>\n<\/div>\n","protected":false},"excerpt":{"rendered":"<p>Tawy carga a su padre Wahu para que reciba la vacuna contra el coronavirus. FOTO: Tomada del Instagram @Erikjenningssimoes Para el ind\u00edgena Tawy Zo\u00e9 el&hellip;<\/p>\n","protected":false},"author":99,"featured_media":500964,"comment_status":"open","ping_status":"open","sticky":false,"template":"","format":"standard","meta":{"footnotes":""},"categories":[23],"tags":[],"class_list":["post-500963","post","type-post","status-publish","format-standard","has-post-thumbnail","hentry","category-latinoamerica"],"_links":{"self":[{"href":"https:\/\/diarioelpopular.com\/index.php\/wp-json\/wp\/v2\/posts\/500963","targetHints":{"allow":["GET"]}}],"collection":[{"href":"https:\/\/diarioelpopular.com\/index.php\/wp-json\/wp\/v2\/posts"}],"about":[{"href":"https:\/\/diarioelpopular.com\/index.php\/wp-json\/wp\/v2\/types\/post"}],"author":[{"embeddable":true,"href":"https:\/\/diarioelpopular.com\/index.php\/wp-json\/wp\/v2\/users\/99"}],"replies":[{"embeddable":true,"href":"https:\/\/diarioelpopular.com\/index.php\/wp-json\/wp\/v2\/comments?post=500963"}],"version-history":[{"count":1,"href":"https:\/\/diarioelpopular.com\/index.php\/wp-json\/wp\/v2\/posts\/500963\/revisions"}],"predecessor-version":[{"id":500965,"href":"https:\/\/diarioelpopular.com\/index.php\/wp-json\/wp\/v2\/posts\/500963\/revisions\/500965"}],"wp:featuredmedia":[{"embeddable":true,"href":"https:\/\/diarioelpopular.com\/index.php\/wp-json\/wp\/v2\/media\/500964"}],"wp:attachment":[{"href":"https:\/\/diarioelpopular.com\/index.php\/wp-json\/wp\/v2\/media?parent=500963"}],"wp:term":[{"taxonomy":"category","embeddable":true,"href":"https:\/\/diarioelpopular.com\/index.php\/wp-json\/wp\/v2\/categories?post=500963"},{"taxonomy":"post_tag","embeddable":true,"href":"https:\/\/diarioelpopular.com\/index.php\/wp-json\/wp\/v2\/tags?post=500963"}],"curies":[{"name":"wp","href":"https:\/\/api.w.org\/{rel}","templated":true}]}}