{"id":500968,"date":"2022-01-12T10:20:51","date_gmt":"2022-01-12T14:20:51","guid":{"rendered":"https:\/\/diarioelpopular.com\/?p=500968"},"modified":"2022-01-12T10:21:45","modified_gmt":"2022-01-12T14:21:45","slug":"la-mayoria-de-los-canadienses-apoyan-las-multas-de-atencion-medica-para-los-no-vacunados-encuesta","status":"publish","type":"post","link":"https:\/\/diarioelpopular.com\/index.php\/2022\/01\/12\/la-mayoria-de-los-canadienses-apoyan-las-multas-de-atencion-medica-para-los-no-vacunados-encuesta\/","title":{"rendered":"La mayor\u00eda de los canadienses apoyan las multas de atenci\u00f3n m\u00e9dica para los no vacunados: encuesta"},"content":{"rendered":"<p>&nbsp;<\/p>\n<p><img loading=\"lazy\" decoding=\"async\" class=\"alignnone size-custom-full-size wp-image-500940\" src=\"https:\/\/diarioelpopular.com\/wp-content\/uploads\/2022\/01\/1.eg_-636x425.jpg\" alt=\"\" width=\"636\" height=\"425\" srcset=\"https:\/\/diarioelpopular.com\/wp-content\/uploads\/2022\/01\/1.eg_-636x425.jpg 636w, https:\/\/diarioelpopular.com\/wp-content\/uploads\/2022\/01\/1.eg_-300x200.jpg 300w, https:\/\/diarioelpopular.com\/wp-content\/uploads\/2022\/01\/1.eg_-768x513.jpg 768w, https:\/\/diarioelpopular.com\/wp-content\/uploads\/2022\/01\/1.eg_-109x73.jpg 109w, https:\/\/diarioelpopular.com\/wp-content\/uploads\/2022\/01\/1.eg_.jpg 800w\" sizes=\"auto, (max-width: 636px) 100vw, 636px\" \/><\/p>\n<h4><em><strong>&#8211; Un poco m\u00e1s del 60 por ciento de los canadienses encuestados recientemente est\u00e1n de acuerdo con la implementaci\u00f3n de multas para los no vacunados, como un impuesto a la atenci\u00f3n m\u00e9dica, similar al que anunci\u00f3 el martes el premier de Qu\u00e9bec, Fran\u00e7ois Legault.<\/strong><\/em><\/h4>\n<p><em><strong>OTTAWA.-<\/strong> <\/em>Legault dijo que los adultos en Qu\u00e9bec que se nieguen a ser vacunados contra el COVID-19 se ver\u00e1n obligados a pagar una sanci\u00f3n econ\u00f3mica \u201csignificativa\u201d. La multa ser\u00eda la primera de su tipo en Canad\u00e1 y se aplicar\u00eda a los residentes no vacunados que no tengan una exenci\u00f3n m\u00e9dica.<\/p>\n<p>Una nueva encuesta publicada este mi\u00e9rcoles por Maru Public Opinion indica que la mayor\u00eda de los canadienses est\u00e1n de acuerdo en que los no vacunados deber\u00edan ser penalizados de alguna forma.<\/p>\n<p>\u201cLa publicaci\u00f3n de los resultados llega cuando el premier de Qu\u00e9bec, Fran\u00e7ois Legault, anunci\u00f3 que la provincia impondr\u00eda un impuesto sanitario a los quebequenses que se nieguen a recibir su primera dosis de una vacuna contra el COVID-19 en las pr\u00f3ximas semanas\u201d, dijo el vicepresidente ejecutivo John Wright. .<\/p>\n<p>Los resultados de la encuesta muestran que cuatro de cada diez (38 por ciento) de los canadienses admiten conocer a alguien en su familia o c\u00edrculo de amigos que ha contra\u00eddo el virus COVID-19 en los \u00faltimos 10 d\u00edas.<\/p>\n<p>\u201cSeg\u00fan el \u00faltimo sondeo, los que tienen m\u00e1s probabilidades de conocer a alguien que haya contra\u00eddo COVID recientemente (38 por ciento) provienen de Ontario (42 por ciento), seguidos de los que viven en Manitoba\/Saskatchewan (39 por ciento), Qu\u00e9bec (38 por ciento). por ciento), Canad\u00e1 Atl\u00e1ntico (36 por ciento), Alberta (34 por ciento) y Columbia Brit\u00e1nica (31 por ciento)\u201d.<\/p>\n<p>Una encuesta anterior de Maru Public Opinion publicada el 3 de enero encontr\u00f3 que la mayor\u00eda (56 por ciento) de los canadienses estaban preocupados por contraer la variante Omicron y que 1 de cada 10 (11 por ciento) conoc\u00eda a alguien entre su familia o c\u00edrculo. de amigos que han contra\u00eddo el virus.<\/p>\n<p>Esa misma encuesta concluy\u00f3 que el 54 por ciento de los encuestados cree que se est\u00e1 subestimando el virus y la mayor\u00eda (55 por ciento) est\u00e1 de acuerdo en que las vacunas, o la inmunidad de las personas, las proteger\u00e1n.<\/p>\n<p>Encuest\u00f3 a poco m\u00e1s de 1500 personas el 20 de diciembre.<\/p>\n<p>Los resultados de la encuesta llegan inmediatamente despu\u00e9s de que el ministro de salud de Canad\u00e1 dijera que espera que el pa\u00eds llegue a un momento en la pandemia de COVID-19 en el que las provincias consideren implementar un mandato de vacunaci\u00f3n m\u00e1s amplio para contrarrestar el aumento de casos.<\/p>\n<p>Jean-Yves Duclos dijo en una sesi\u00f3n informativa de COVID-19 el viernes que tal medida no se contemplaba actualmente en Canad\u00e1, pero su opini\u00f3n era que el pa\u00eds llegar\u00eda all\u00ed en alg\u00fan momento.<\/p>\n<p>\u201cSabemos que COVID-19 estar\u00e1 con nosotros durante muchos meses m\u00e1s, tal vez incluso muchos a\u00f1os\u201d, dijo.<\/p>\n<p>El premier de Alberta, Jason Kenney, rechaz\u00f3 la idea de las vacunas obligatorias en una publicaci\u00f3n en las redes sociales poco despu\u00e9s de la conferencia de prensa de Duclos. Si bien sigue alentando a las personas a vacunarse, Kenney dijo que es una elecci\u00f3n personal.<\/p>\n<p>\u201cLa legislatura de Alberta elimin\u00f3 el poder de vacunaci\u00f3n obligatoria de la Ley de Salud P\u00fablica el a\u00f1o pasado y no revisar\u00e1 esa decisi\u00f3n, punto\u201d, escribi\u00f3 en Twitter el viernes.<\/p>\n<p>Por el contrario, la mayor\u00eda (56 por ciento) de los encuestados en una encuesta realizada por Leger y la Asociaci\u00f3n de Estudios Canadienses (ACS) est\u00e1n de acuerdo en que los gobiernos est\u00e1n tomando las decisiones correctas para limitar la propagaci\u00f3n de Omicron y evitar que el sistema de salud se desborde.<\/p>\n<p>Otro 31 por ciento dijo que no cre\u00eda que Omicron representara un riesgo grave para la salud de la mayor\u00eda de los infectados y que los gobiernos deber\u00edan levantar las restricciones de salud p\u00fablica y permitir que los canadienses vivan sus vidas.<\/p>\n<p>Varias provincias dicen que la ola impulsada por Omicron amenaza con abrumar sus sistemas de salud, con hospitalizaciones acerc\u00e1ndose o alcanzando niveles r\u00e9cord en Qu\u00e9bec, Ontario y New Brunswick.<\/p>\n<p>La propagaci\u00f3n acelerada de la variante Omicron, detectada inicialmente en Sud\u00e1frica, ha provocado escasez de personal en todo Canad\u00e1, lo que ha afectado a hospitales, centros de atenci\u00f3n a largo plazo y otros servicios esenciales.<\/p>\n<p>Ontario report\u00f3 3220 hospitalizaciones este martes, con 477 pacientes en la UCI, 250 de ellos con ventiladores. La Asociaci\u00f3n de Hospitales de Ontario (OHA, por sus siglas en ingl\u00e9s) confirm\u00f3 que 80 adultos fueron ingresados \u200b\u200ben el hospital el d\u00eda anterior, el mayor n\u00famero de admisiones hasta ahora durante la pandemia.<\/p>\n","protected":false},"excerpt":{"rendered":"<p>&nbsp; &#8211; Un poco m\u00e1s del 60 por ciento de los canadienses encuestados recientemente est\u00e1n de acuerdo con la implementaci\u00f3n de multas para los no&hellip;<\/p>\n","protected":false},"author":99,"featured_media":500940,"comment_status":"open","ping_status":"open","sticky":false,"template":"","format":"standard","meta":{"footnotes":""},"categories":[21,11191],"tags":[],"class_list":["post-500968","post","type-post","status-publish","format-standard","has-post-thumbnail","hentry","category-canada","category-top-news"],"_links":{"self":[{"href":"https:\/\/diarioelpopular.com\/index.php\/wp-json\/wp\/v2\/posts\/500968","targetHints":{"allow":["GET"]}}],"collection":[{"href":"https:\/\/diarioelpopular.com\/index.php\/wp-json\/wp\/v2\/posts"}],"about":[{"href":"https:\/\/diarioelpopular.com\/index.php\/wp-json\/wp\/v2\/types\/post"}],"author":[{"embeddable":true,"href":"https:\/\/diarioelpopular.com\/index.php\/wp-json\/wp\/v2\/users\/99"}],"replies":[{"embeddable":true,"href":"https:\/\/diarioelpopular.com\/index.php\/wp-json\/wp\/v2\/comments?post=500968"}],"version-history":[{"count":2,"href":"https:\/\/diarioelpopular.com\/index.php\/wp-json\/wp\/v2\/posts\/500968\/revisions"}],"predecessor-version":[{"id":500971,"href":"https:\/\/diarioelpopular.com\/index.php\/wp-json\/wp\/v2\/posts\/500968\/revisions\/500971"}],"wp:featuredmedia":[{"embeddable":true,"href":"https:\/\/diarioelpopular.com\/index.php\/wp-json\/wp\/v2\/media\/500940"}],"wp:attachment":[{"href":"https:\/\/diarioelpopular.com\/index.php\/wp-json\/wp\/v2\/media?parent=500968"}],"wp:term":[{"taxonomy":"category","embeddable":true,"href":"https:\/\/diarioelpopular.com\/index.php\/wp-json\/wp\/v2\/categories?post=500968"},{"taxonomy":"post_tag","embeddable":true,"href":"https:\/\/diarioelpopular.com\/index.php\/wp-json\/wp\/v2\/tags?post=500968"}],"curies":[{"name":"wp","href":"https:\/\/api.w.org\/{rel}","templated":true}]}}