{"id":500972,"date":"2022-01-12T10:27:14","date_gmt":"2022-01-12T14:27:14","guid":{"rendered":"https:\/\/diarioelpopular.com\/?p=500972"},"modified":"2022-01-12T10:27:14","modified_gmt":"2022-01-12T14:27:14","slug":"crece-la-ausencia-laboral-en-mexico","status":"publish","type":"post","link":"https:\/\/diarioelpopular.com\/index.php\/2022\/01\/12\/crece-la-ausencia-laboral-en-mexico\/","title":{"rendered":"Crece la ausencia laboral en M\u00e9xico"},"content":{"rendered":"<h4><img loading=\"lazy\" decoding=\"async\" class=\"alignnone size-custom-full-size wp-image-500973\" src=\"https:\/\/diarioelpopular.com\/wp-content\/uploads\/2022\/01\/1.212a-636x454.jpg\" alt=\"\" width=\"636\" height=\"454\" srcset=\"https:\/\/diarioelpopular.com\/wp-content\/uploads\/2022\/01\/1.212a-636x454.jpg 636w, https:\/\/diarioelpopular.com\/wp-content\/uploads\/2022\/01\/1.212a-300x214.jpg 300w, https:\/\/diarioelpopular.com\/wp-content\/uploads\/2022\/01\/1.212a-768x548.jpg 768w, https:\/\/diarioelpopular.com\/wp-content\/uploads\/2022\/01\/1.212a-102x73.jpg 102w, https:\/\/diarioelpopular.com\/wp-content\/uploads\/2022\/01\/1.212a.jpg 800w\" sizes=\"auto, (max-width: 636px) 100vw, 636px\" \/><\/h4>\n<p><em>Con m\u00e1s ausencia laboral en M\u00e9xico (foto: EPA)<\/em><\/p>\n<h4><em><strong>&#8211; Sector industrial y \u00e1ereo, los m\u00e1s golpeados por cepa Omicron<\/strong><\/em><\/h4>\n<p><em><strong>CIUDAD DE MEXICO, 12 ENE &#8211;<\/strong> <\/em>La nueva ola de Covid-19 en M\u00e9xico, impulsada por la cepa Omicron, la m\u00e1s contagiosa de todas las conocidas hasta ahora, est\u00e1 generando un fuerte ausentismo laboral sobre todo en los sectores industrial y a\u00e9reo del pa\u00eds.<br \/>\nLos expertos temen que esta ausencia de trabajadores en sectores donde se requiere el trabajo presencial de los operadores y no se puede depender del &#8220;home office&#8221;, pueda repercutir en el crecimiento econ\u00f3mico del pa\u00eds.<br \/>\nLa econom\u00eda mexicana cay\u00f3 8,3% en 2020 por el impacto de la pandemia global, el resultado m\u00e1s desastroso desde 1930, luego de la Gran Depresi\u00f3n, y en 2021 habr\u00eda cerrado por encima del 6%.<br \/>\nApenas hoy, el Banco de M\u00e9xico (Banxico, central) mantuvo su pron\u00f3stico de crecimiento para este a\u00f1o en 3%, pero los especialistas temen que se pueda modificar si la ola por Omicron se prolonga m\u00e1s de la cuenta.<br \/>\nAl aumentar 8 veces la cifra de casos activos en el \u00faltimo mes y alcanzarse el s\u00e1bado anterior casi 30.671 contagios, el nivel m\u00e1s alto en toda la pandemia, aunque las autoridades anunciaron que no habr\u00e1 cierres de empresas y comercios.<br \/>\nSin embargo, aconsejaron a las personas con s\u00edntomas quedarse en casa a\u00fan si no se pueden realizar un test por la saturaci\u00f3n de los centros responsables de aplicarlos.<br \/>\nEl efecto m\u00e1s palpable se sinti\u00f3 en el sector a\u00e9reo, donde al menos 287 vuelos fueron cancelados de las principales aerol\u00edneas dom\u00e9sticas, Aerom\u00e9xico, Aeromar, VivaAerob\u00fas y Volaris, generando un verdadero caos en los aeropuertos, debido al contagio de casi un centenar de pilotos y m\u00e1s de 140 sobrecargos.<br \/>\nAlvaro Gardc\u00eda, vicepresidente de Recursos Humanos de Grupo Prodensa, se\u00f1al\u00f3 que las empresas de manufactura son las que empiezan m\u00e1s a resentir las ausencias en sus l\u00edneas de producci\u00f3n.<br \/>\n&#8220;Ya esta semana comienza a presentarse un mayor reto, pues en la mayor\u00eda de las empresas no s\u00f3lo las personas que dan positivo a Covid dejan de asistir, sino que tambi\u00e9n aquellas personas que tienen a alg\u00fan familiar positivo deben de permanecer en casa, aunque no tengan s\u00edntomas&#8221;, se\u00f1al\u00f3.<br \/>\n&#8220;Eso hace que las plantillas se vean disminuidas, lo que impacta en la planeaci\u00f3n de la fabricaci\u00f3n, porque equipos de trabajo reducidos generan dificultades para alcanzar la meta de producci\u00f3n&#8221;, se\u00f1al\u00f3.<br \/>\nLas empresas mexicanas actualizaron sus protocolos de acuerdo a la nueva variante surgida en Sud\u00e1frica que es varias veces m\u00e1s contagiosa que la m\u00e1s reciente, Delta, aparecida primero en India.<br \/>\nEntre otras medidas, aconsejaron que cualquier s\u00edntoma de gripa, alergia o infecci\u00f3n en la garganta sea asumido como Covid &#8220;hasta no tener prueba que lo desmienta&#8221;.<br \/>\nEl retorno al trabajo debe ocurrir &#8220;hasta tener cero s\u00edntomas y prueba negativa 5 d\u00edas despu\u00e9s si son asintom\u00e1ticos&#8221;, seg\u00fan uno de los protocolos difundidos p\u00fablicamente.<br \/>\nQuienes asistan a sus lugares de trabajo deben mantener una adecuada ventilaci\u00f3n, usar barbijo KN95 y responder un cuestionar al ingresar.<br \/>\nHasta las primeras tres semanas de diciembre pasado, la situaci\u00f3n en los centros de trabajo donde se requiere labor presencial se hab\u00eda normalizado, pero luego sobrevino el repunte de los casos en forma exponencial.<br \/>\n&#8220;Afortunadamente lo com\u00fan es que pr\u00e1cticamente todos los contagiados han presentado s\u00edntomas leves, pero se tiene que mandar a los empleados a su casa&#8221;, afirm\u00f3.<br \/>\nEl sector tur\u00edstico tambi\u00e9n est\u00e1 siendo perjudicado por el ausentismo laboral, aunque tambi\u00e9n por los cierres de fronteras, las restricciones de los viajeros y las cancelaciones de vuelos.<br \/>\n&#8220;El reto para las empresas est\u00e1 en c\u00f3mo adaptar su operaci\u00f3n al enfrentar contagios entre sus empleados&#8221;, se\u00f1al\u00f3 Virginia Messina, vicepresidenta del Consejo Mundial de Viajes y Turismo.<br \/>\nAnte ello, el organismo aconsej\u00f3 dar prioridad a la inmunizaci\u00f3n del personal &#8220;de primera l\u00ednea, encargado de atender directamente a los viajeros&#8221;.<\/p>\n","protected":false},"excerpt":{"rendered":"<p>Con m\u00e1s ausencia laboral en M\u00e9xico (foto: EPA) &#8211; Sector industrial y \u00e1ereo, los m\u00e1s golpeados por cepa Omicron CIUDAD DE MEXICO, 12 ENE &#8211;&hellip;<\/p>\n","protected":false},"author":99,"featured_media":500973,"comment_status":"open","ping_status":"open","sticky":false,"template":"","format":"standard","meta":{"footnotes":""},"categories":[23,11354],"tags":[],"class_list":["post-500972","post","type-post","status-publish","format-standard","has-post-thumbnail","hentry","category-latinoamerica","category-sucesos"],"_links":{"self":[{"href":"https:\/\/diarioelpopular.com\/index.php\/wp-json\/wp\/v2\/posts\/500972","targetHints":{"allow":["GET"]}}],"collection":[{"href":"https:\/\/diarioelpopular.com\/index.php\/wp-json\/wp\/v2\/posts"}],"about":[{"href":"https:\/\/diarioelpopular.com\/index.php\/wp-json\/wp\/v2\/types\/post"}],"author":[{"embeddable":true,"href":"https:\/\/diarioelpopular.com\/index.php\/wp-json\/wp\/v2\/users\/99"}],"replies":[{"embeddable":true,"href":"https:\/\/diarioelpopular.com\/index.php\/wp-json\/wp\/v2\/comments?post=500972"}],"version-history":[{"count":1,"href":"https:\/\/diarioelpopular.com\/index.php\/wp-json\/wp\/v2\/posts\/500972\/revisions"}],"predecessor-version":[{"id":500974,"href":"https:\/\/diarioelpopular.com\/index.php\/wp-json\/wp\/v2\/posts\/500972\/revisions\/500974"}],"wp:featuredmedia":[{"embeddable":true,"href":"https:\/\/diarioelpopular.com\/index.php\/wp-json\/wp\/v2\/media\/500973"}],"wp:attachment":[{"href":"https:\/\/diarioelpopular.com\/index.php\/wp-json\/wp\/v2\/media?parent=500972"}],"wp:term":[{"taxonomy":"category","embeddable":true,"href":"https:\/\/diarioelpopular.com\/index.php\/wp-json\/wp\/v2\/categories?post=500972"},{"taxonomy":"post_tag","embeddable":true,"href":"https:\/\/diarioelpopular.com\/index.php\/wp-json\/wp\/v2\/tags?post=500972"}],"curies":[{"name":"wp","href":"https:\/\/api.w.org\/{rel}","templated":true}]}}