{"id":500985,"date":"2022-01-13T17:41:25","date_gmt":"2022-01-13T21:41:25","guid":{"rendered":"https:\/\/diarioelpopular.com\/?p=500985"},"modified":"2022-01-13T17:41:25","modified_gmt":"2022-01-13T21:41:25","slug":"es-hora-de-aumentar-realmente-la-presion-sobre-los-no-vacunados","status":"publish","type":"post","link":"https:\/\/diarioelpopular.com\/index.php\/2022\/01\/13\/es-hora-de-aumentar-realmente-la-presion-sobre-los-no-vacunados\/","title":{"rendered":"Es hora de aumentar realmente la presi\u00f3n sobre los no vacunados"},"content":{"rendered":"<p class=\"p1\">\n<p><img loading=\"lazy\" decoding=\"async\" class=\"alignnone size-custom-full-size wp-image-500987\" src=\"https:\/\/diarioelpopular.com\/wp-content\/uploads\/2022\/01\/1.download-636x423.jpg\" alt=\"\" width=\"636\" height=\"423\" srcset=\"https:\/\/diarioelpopular.com\/wp-content\/uploads\/2022\/01\/1.download-636x423.jpg 636w, https:\/\/diarioelpopular.com\/wp-content\/uploads\/2022\/01\/1.download-300x200.jpg 300w, https:\/\/diarioelpopular.com\/wp-content\/uploads\/2022\/01\/1.download-768x511.jpg 768w, https:\/\/diarioelpopular.com\/wp-content\/uploads\/2022\/01\/1.download-110x73.jpg 110w, https:\/\/diarioelpopular.com\/wp-content\/uploads\/2022\/01\/1.download.jpg 800w\" sizes=\"auto, (max-width: 636px) 100vw, 636px\" \/><\/p>\n<h4 class=\"p1\"><em><strong>&#8211; \u00bfCon qu\u00e9 fuerza deber\u00eda presionar Canad\u00e1 a los ciudadanos no vacunados para que finalmente se vacunen contra el COVID-19?<\/strong><\/em><\/h4>\n<p class=\"p1\">Deber\u00edamos presionarlos extremadamente fuerte. Deber\u00edamos persuadir y presionar a los que se niegan a recibir vacunas de todas las formas que se nos ocurran (educar, incentivar, penalizar) sin avergonzarlos en p\u00fablico o llevarlos a las cl\u00ednicas y forzarles agujas en los brazos.<\/p>\n<p class=\"p1\">El controvertido plan del gobierno de Quebec para imponer un &#8220;impuesto de salud&#8221; de al menos $100 a los adultos no vacunados ha provocado un debate a nivel nacional sobre hasta d\u00f3nde deben llegar las jurisdicciones para detener la ola de infecciones por COVID, que ahora inunda los hospitales de todo el pa\u00eds.<\/p>\n<p class=\"p1\">\u201cTodos los adultos de Quebec que se nieguen en las pr\u00f3ximas semanas a recibir al menos una primera dosis recibir\u00e1n una factura\u201d, dijo el martes el primer ministro Fran\u00e7ois Legault al anunciar la pol\u00edtica.<\/p>\n<p class=\"p1\">Pero tal medida no deber\u00eda sorprender. La presi\u00f3n se ha estado acumulando durante semanas en Canad\u00e1 y m\u00e1s all\u00e1. La ira por el fracaso insondable de los no vacunados para arremangarse y recibir una inyecci\u00f3n por el bien de su propia salud, si no fuera por los miles de conciudadanos vulnerables que podr\u00edan morir debido a su resistencia, ha estado hirviendo a fuego lento entre los vacunados y amenazando hervir.<\/p>\n<p class=\"p1\">Ahora lo tiene.<\/p>\n<p class=\"p1\">La frase &#8220;pandemia de los no vacunados&#8221; hab\u00eda cobrado una popularidad considerable en los \u00faltimos meses debido al impacto desproporcionado que las variantes Delta y Omicron de COVID-19 han tenido entre aproximadamente el 10 por ciento de los canadienses mayores de 12 a\u00f1os que ni siquiera han dado su consentimiento. un solo golpe.<\/p>\n<p class=\"p1\">Eso es alrededor de tres millones de adultos y adolescentes canadienses, la mayor\u00eda de los cuales ha optado por no vacunarse por desaf\u00edo, miedo, ignorancia, complacencia o alguna combinaci\u00f3n de estos factores. En el caso de los adolescentes, es probable que la resistencia a la vacuna o la vacilaci\u00f3n de sus padres est\u00e9n detr\u00e1s de su exposici\u00f3n innecesariamente mayor a los graves impactos en la salud de la mutaci\u00f3n del coronavirus.<\/p>\n<p class=\"p1\">No estamos hablando aqu\u00ed de personas con exenciones m\u00e9dicas leg\u00edtimas. Y sabemos, por ejemplo, que los pueblos ind\u00edgenas, por razones de larga data con las que los canadienses se han familiarizado demasiado este a\u00f1o, son m\u00e1s propensos a desconfiar de los funcionarios de salud y se niegan a vacunarse. Sin embargo, sus l\u00edderes tambi\u00e9n deben intensificar los esfuerzos para aumentar las tasas de vacunaci\u00f3n.<\/p>\n<p class=\"p1\">Ya es suficientemente malo que las personas no vacunadas se pongan a s\u00ed mismas, a sus hijos y a otros seres queridos, especialmente a los abuelos, en mayor riesgo. Pero tambi\u00e9n est\u00e1n haciendo una contribuci\u00f3n extremadamente grande a la cat\u00e1strofe que parece probable que se trague a los hospitales y trabajadores de la salud de Canad\u00e1.<\/p>\n<p class=\"p1\">Aunque hay aproximadamente 10 veces m\u00e1s canadienses vacunados que no vacunados de 12 a\u00f1os en adelante, cerca de la mitad de todos los pacientes con COVID-19 que ahora invaden muchas de las salas de hospitales y unidades de cuidados intensivos de Canad\u00e1 son aquellos que se han negado a programar una cita para recibir una vacuna de Pfizer, Moderna o AstraZeneca.<\/p>\n<p class=\"p1\">Si bien la vacunaci\u00f3n no es una protecci\u00f3n infalible contra la infecci\u00f3n, no hay duda de que reduce dr\u00e1sticamente las posibilidades de impactos graves en la salud, hospitalizaci\u00f3n y muerte. Es una obviedad.<\/p>\n<p class=\"p1\">Y as\u00ed, dependiendo de c\u00f3mo se desarrollen las cosas en las pr\u00f3ximas semanas, el firme impulso para vacunar a los no vacunados bien podr\u00eda acercarse al tipo de medidas coercitivas que ahora se ven en Quebec. La \u201cvacunaci\u00f3n obligatoria\u201d ha sido un tema de tendencia en Twitter en Canad\u00e1. Los pol\u00edticos y los expertos han estado sopesando los pros y los contras. La idea est\u00e1 en el aire.<\/p>\n<p class=\"p1\">\u00bfImpondr\u00e1n otros gobiernos sanciones econ\u00f3micas a los canadienses que no se vacunen? \u00bfSe reducir\u00e1n cada vez m\u00e1s sus libertades, se revocar\u00e1n m\u00e1s privilegios? \u00bfPodr\u00edan ser desplazados de su lugar en la fila para ciertos servicios m\u00e9dicos, por impactante que suene, a favor de aquellos que hicieron todo lo que los funcionarios de salud p\u00fablica aconsejaron para protegerse del COVID-19?<\/p>\n<p class=\"p1\">El viernes pasado, el Colegio de M\u00e9dicos de Quebec inst\u00f3 a la provincia a &#8220;acelerar el ritmo&#8221; de las medidas de COVID-19 destinadas a limitar la exposici\u00f3n del p\u00fablico en general a personas no vacunadas.<\/p>\n<p class=\"p1\">\u201cLa poblaci\u00f3n vacunada ya no puede sufrir en silencio las limitaciones de las medidas sanitarias, mientras que las personas no vacunadas (que ahora constituyen una proporci\u00f3n muy peque\u00f1a de la poblaci\u00f3n de Quebec) ocupan una de cada dos camas en cuidados a corto plazo y la mayor\u00eda de las camas en cuidados intensivos. \u201d, escribi\u00f3 el Dr. Mauril Gaudreault, presidente del Coll\u00e8ge des m\u00e9decins du Qu\u00e9bec.<\/p>\n<p class=\"p1\">Las medidas m\u00e1s coercitivas deben, por supuesto, ser las \u00faltimas en la lista de acciones que los gobiernos canadienses deber\u00edan tomar para mitigar el terrible impacto de la variante Omicron, extremadamente transmisible. Pero la situaci\u00f3n de la atenci\u00f3n m\u00e9dica puede empeorar tanto en las pr\u00f3ximas semanas que, si fallan las t\u00e1cticas menos contundentes, los l\u00edderes pol\u00edticos pueden no tener m\u00e1s remedio que obligar de alguna manera a los no vacunados a cumplir con su deber, por fin.<\/p>\n<p class=\"p1\">Es claramente la pregunta del momento. El primer ministro Justin Trudeau dijo la semana pasada que los gobiernos, los trabajadores de la salud y la poblaci\u00f3n en general est\u00e1n &#8220;frustrados de que haya canadienses que a\u00fan siguen optando por no vacunarse&#8221;.<\/p>\n<p class=\"p1\">El ministro de salud federal, Jean-Yves Duclos, se\u00f1al\u00f3 la clara posibilidad, incluso la probabilidad, de que las provincias deban imponer alg\u00fan tipo de vacunaci\u00f3n obligatoria a los que se niegan a rechazar: &#8220;Lo que vemos ahora&#8221;, dijo Duclos el viernes, &#8220;es que nuestra atenci\u00f3n m\u00e9dica El sistema en Canad\u00e1 es fr\u00e1gil, nuestra gente est\u00e1 cansada y la \u00fanica forma que conocemos de superar el COVID-19, esta variante y cualquier variante futura, es a trav\u00e9s de la vacunaci\u00f3n\u201d.<\/p>\n<p class=\"p1\">Y Quebec, quiz\u00e1s inspirado por la intenci\u00f3n declarada del presidente franc\u00e9s Emmanuel Macron de &#8220;cabrear&#8221; a los ciudadanos no vacunados de su pa\u00eds con reglas de salud p\u00fablica cada vez m\u00e1s restrictivas, tambi\u00e9n anunci\u00f3 la semana pasada que requerir\u00e1 que los residentes de la provincia presenten pruebas de vacunaci\u00f3n para ingresar a un gobierno. licorer\u00eda propia o dispensario de cannabis.<\/p>\n<p class=\"p1\">Dada la omnipresencia de la dependencia del alcohol y la marihuana en la sociedad, o al menos el deseo profundamente poderoso por estas sustancias, restringir el acceso a ellas en funci\u00f3n del estado de vacunaci\u00f3n equivale a forzar a muchos ciudadanos de Quebec a someterse a una inyecci\u00f3n de protecci\u00f3n contra el COVID.<\/p>\n<p class=\"p1\">Incluso antes de que esas nuevas y estrictas reglas sobre el alcohol y la marihuana entraran en vigor el 18 de enero, el mero anuncio pareci\u00f3 lograr el efecto deseado. En 24 horas, en toda la provincia, las reservas de vacunaci\u00f3n entre quienes a\u00fan no hab\u00edan recibido una vacuna se hab\u00edan cuadruplicado de 1500 por d\u00eda a 6000.<\/p>\n<p class=\"p1\">Eso es un buen augurio, y otras provincias deber\u00edan seguir su ejemplo de inmediato. Sugiere que solo una peque\u00f1a porci\u00f3n ideol\u00f3gicamente ciega de la poblaci\u00f3n no vacunada de Canad\u00e1 no puede aceptar la idea de recibir una inyecci\u00f3n. Tal vez solo esta estrecha franja social sea realmente inamovible: los negadores de la ciencia, los fan\u00e1ticos antivacunas de derecha que se aferran a la peligrosa idea de que la libertad individual debe ser absoluta, incluso cuando el bien com\u00fan est\u00e1 amenazado de manera inminente (como en una pandemia). por el ejercicio irrestricto de la libertad personal.<\/p>\n<p class=\"p1\">A\u00fan as\u00ed, no ayuda que as\u00ed como muchos canadienses y algunos l\u00edderes pol\u00edticos han llegado finalmente, a rega\u00f1adientes, al punto de luchar con la noci\u00f3n de \u00faltimo recurso de la vacunaci\u00f3n obligatoria, o casi coaccionada, algunos otros l\u00edderes pol\u00edticos se han apresurado a declarar su oposici\u00f3n inquebrantable a cualquier t\u00e1ctica de presi\u00f3n.<\/p>\n<p class=\"p1\">El primer ministro de Alberta, Jason Kenney, y el primer ministro de Saskatchewan, Scott Moe, declararon r\u00e1pidamente que no se introducir\u00edan medidas en esas provincias, respectivamente, las provincias n\u00famero 1 y n\u00famero 2 en el pa\u00eds por porcentaje de ciudadanos no vacunados, para negar a las personas su &#8220;elecci\u00f3n personal&#8221; sobre si vacunarse.<\/p>\n<p class=\"p1\">Maxime Bernier, l\u00edder del Partido Popular de Canad\u00e1, ha hecho mucho para alimentar el sentimiento antivacunas, para su eterno descr\u00e9dito. Fue el orador estrella en un mitin en Montreal el s\u00e1bado que atrajo a miles de personas que protestaban por las restricciones ampliadas de COVID-19 y los mandatos de vacunas.<\/p>\n<p class=\"p1\">\u201cNo hay un caso convincente para las vacunas obligatorias contra el COVID-19\u201d, tuite\u00f3 tambi\u00e9n Bernier durante el fin de semana. \u201cLas pol\u00edticas obligatorias son una herramienta contundente destinada a encubrir la ineptitud del gobierno\u201d.<\/p>\n<p class=\"p1\">Mientras tanto, la l\u00edder conservadora federal Erin O&#8217;Toole, incluso cuando insta rutinariamente a los canadienses no vacunados a que se vacunen, al igual que se hace eco rutinariamente del argumento de la &#8220;elecci\u00f3n personal&#8221;, resalta la necesidad de &#8220;adaptaci\u00f3n&#8221; de los no vacunados y, por lo dem\u00e1s, socava constantemente su mensajes a favor de la vacuna.<\/p>\n<p class=\"p1\">O&#8217;Toole est\u00e1 tan en conflicto sobre el tema que los miembros de su propio caucus todav\u00eda no est\u00e1n obligados a vacunarse. Y enfoca excesivamente sus cr\u00edticas a la respuesta al COVID en cuestiones de pruebas r\u00e1pidas y en la &#8220;educaci\u00f3n&#8221; como la mejor manera de cambiar la mentalidad de los no vacunados, como si un a\u00f1o s\u00f3lido de expertos explicaran sin cesar la seguridad y eficacia de la vacunaci\u00f3n, y luego promovieran y engatusar, suplicar y explicarlo todo de nuevo, no ha sido suficiente.<\/p>\n<p class=\"p1\">Sin embargo, s\u00ed, se debe continuar educando a los reticentes sobre las vacunas. Pero tambi\u00e9n debe haber medios m\u00e1s contundentes y efectivos para crear adeptos al sentido com\u00fan. Nunca ha habido una necesidad m\u00e1s urgente de esto desde el comienzo de la pandemia, y se est\u00e1 acabando el tiempo para que las medidas a\u00fan m\u00e1s fuertes marquen una gran diferencia.<\/p>\n<p class=\"p1\">Ciertamente, nadie quiere negarle a nadie su elecci\u00f3n personal, incluso si est\u00e1 claro que est\u00e1n arriesgando sus propias vidas. Pero, \u00bfqu\u00e9 sucede cuando continuar ejerciendo esa elecci\u00f3n durante una fase desbocada de la pandemia significa que la vida de muchas otras personas, literalmente miles, corre un riesgo mucho mayor? Es mucho m\u00e1s probable que los sistemas de salud se dobleguen bajo la tensi\u00f3n de infecciones graves y desenfrenadas entre los no vacunados.<\/p>\n<p class=\"p1\">\u00bfY si eso significa que todos estamos condenados a vivir un a\u00f1o adicional o m\u00e1s de privaci\u00f3n y peligro pand\u00e9mico porque el COVID-19 continuar\u00e1 propag\u00e1ndose y mutando, particularmente a trav\u00e9s del vector de los no vacunados, y causar\u00e1 mucha m\u00e1s miseria y enfermedad y \u00bfmuerte?<\/p>\n<p class=\"p1\">Estos escenarios desgarradores, que ya no son hipot\u00e9ticos, ahora est\u00e1n sobre nosotros. Por desgracia, realmente no es una pandemia de los no vacunados, porque el da\u00f1o y el peligro adicionales que han causado se han extendido a todos los sectores de la sociedad.<\/p>\n<p class=\"p1\">Aparte de obligar f\u00edsicamente a los millones no vacunados de Canad\u00e1 a someterse y recibir sus dosis, \u00bfde qu\u00e9 otra manera pueden los gobiernos, como los de Kenney y Moe y el primer ministro Doug Ford de Ontario, apretar las tuercas a los resistentes para que se vacunen &#8220;voluntariamente&#8221;? Ah\u00ed es donde su energ\u00eda mental y poderes persuasivos y acciones concertadas, tambi\u00e9n conocido como &#8220;liderazgo&#8221;, deben dirigirse en esta hora oscura.<\/p>\n<p class=\"p1\">Los mandatos de vacunaci\u00f3n en ciertos lugares de trabajo, incluidos los departamentos del gobierno federal, son ejemplos de c\u00f3mo los canadienses no vacunados ya han estado sujetos a una fuerte presi\u00f3n para vacunarse. Otras son las prohibiciones de viajes en avi\u00f3n y tren y comidas en interiores. El \u201cimpuesto a la salud\u201d de Legault y las restricciones al estilo de Quebec en torno a las ventas de licor y cannabis tambi\u00e9n podr\u00edan tener un efecto motivador en las personas no vacunadas en otras jurisdicciones.<\/p>\n<p class=\"p1\">Las medidas para seguir apretando el tornillo de banco, como instaron los m\u00e9dicos de Quebec, deben seguir en todas partes de Canad\u00e1 hasta que la mayor cantidad posible de reticentes est\u00e9n al menos parcialmente inmunizados.<\/p>\n<p class=\"p1\">Las terribles circunstancias que enfrentan los sistemas de salud de Canad\u00e1 est\u00e1n forzando la cancelaci\u00f3n de cirug\u00edas electivas y \u201cno urgentes\u201d, pero tambi\u00e9n, de manera ominosa, incluso algunos tratamientos contra el c\u00e1ncer y operaciones cr\u00edticas programadas para pacientes con enfermedades card\u00edacas graves y otras enfermedades que amenazan la vida. \u201cEn este momento, si necesita una cirug\u00eda card\u00edaca, es muy probable que no la obtenga\u201d, dijo a CBC el Dr. Paul Warshawsky, jefe de la UCI en el Hospital General Jud\u00edo de Montreal, hace unos d\u00edas.<\/p>\n<p class=\"p1\">\u00bfEs de extra\u00f1ar que la paciencia del p\u00fablico hacia los reticentes a las vacunas se haya agotado?<\/p>\n<p class=\"p1\">Con los sistemas de salud provinciales de todo el pa\u00eds al borde del colapso por el aumento de las hospitalizaciones provocadas por Omicron, incluidas las unidades de cuidados intensivos, ha habido un mayor escrutinio sobre qu\u00e9 pacientes son los m\u00e1s responsables de crear la misma calamidad que Canad\u00e1 (junto con otros pa\u00edses) ha estado tratando de evitar desde el comienzo de la pandemia, al \u201caplanar la curva\u201d de ingresos hospitalarios. Hoy, la curva parece un acantilado.<\/p>\n<p class=\"p1\">Identificar qui\u00e9n es el &#8220;mayor responsable&#8221; de la situaci\u00f3n actual que enfrenta Canad\u00e1 es quiz\u00e1s una forma poco amable de decir las cosas. En \u00faltima instancia, la naturaleza tiene la culpa de todo esto, por supuesto. A lo largo de la historia, el planeta ha infligido pandemias ocasionales a la poblaci\u00f3n humana de la Tierra. Y todo nuestro progreso tecnol\u00f3gico hasta estas primeras d\u00e9cadas del siglo XXI no ha sido suficiente para protegernos por completo del impacto de un brote global de enfermedad viral.<\/p>\n<p class=\"p1\">Pero hemos desarrollado medidas de mitigaci\u00f3n bastante efectivas. El sistema de salud p\u00fablica de Canad\u00e1, como los de otras naciones, se fusion\u00f3 en el siglo XIX precisamente para combatir los brotes de c\u00f3lera, tifus y viruela. Se logr\u00f3 un progreso espectacular a trav\u00e9s de los est\u00e1ndares de saneamiento exigidos por el estado, los reg\u00edmenes de cuarentena y una serie de otras iniciativas de salud p\u00fablica, entre las que destaca la vacunaci\u00f3n, destinadas a prevenir la contracci\u00f3n y propagaci\u00f3n de enfermedades transmisibles graves.<\/p>\n<p class=\"p1\">Sin embargo, \u00bfc\u00f3mo es posible, unos dos siglos despu\u00e9s, que tantos canadienses todav\u00eda se resistan al uso del arma m\u00e1s poderosa que cualquier sistema de salud p\u00fablica tiene en su arsenal para combatir una pandemia mortal?<\/p>\n<p class=\"p1\">Deben estar convencidos, o de alguna manera presionados para que act\u00faen de todos modos, que cuando se trata de la vacunaci\u00f3n contra el COVID-19, ha llegado el momento de que tomen una para el equipo.<\/p>\n","protected":false},"excerpt":{"rendered":"<p>&#8211; \u00bfCon qu\u00e9 fuerza deber\u00eda presionar Canad\u00e1 a los ciudadanos no vacunados para que finalmente se vacunen contra el COVID-19? Deber\u00edamos presionarlos extremadamente fuerte. Deber\u00edamos&hellip;<\/p>\n","protected":false},"author":99,"featured_media":500987,"comment_status":"open","ping_status":"open","sticky":false,"template":"","format":"standard","meta":{"footnotes":""},"categories":[21,11191],"tags":[],"class_list":["post-500985","post","type-post","status-publish","format-standard","has-post-thumbnail","hentry","category-canada","category-top-news"],"_links":{"self":[{"href":"https:\/\/diarioelpopular.com\/index.php\/wp-json\/wp\/v2\/posts\/500985","targetHints":{"allow":["GET"]}}],"collection":[{"href":"https:\/\/diarioelpopular.com\/index.php\/wp-json\/wp\/v2\/posts"}],"about":[{"href":"https:\/\/diarioelpopular.com\/index.php\/wp-json\/wp\/v2\/types\/post"}],"author":[{"embeddable":true,"href":"https:\/\/diarioelpopular.com\/index.php\/wp-json\/wp\/v2\/users\/99"}],"replies":[{"embeddable":true,"href":"https:\/\/diarioelpopular.com\/index.php\/wp-json\/wp\/v2\/comments?post=500985"}],"version-history":[{"count":1,"href":"https:\/\/diarioelpopular.com\/index.php\/wp-json\/wp\/v2\/posts\/500985\/revisions"}],"predecessor-version":[{"id":500988,"href":"https:\/\/diarioelpopular.com\/index.php\/wp-json\/wp\/v2\/posts\/500985\/revisions\/500988"}],"wp:featuredmedia":[{"embeddable":true,"href":"https:\/\/diarioelpopular.com\/index.php\/wp-json\/wp\/v2\/media\/500987"}],"wp:attachment":[{"href":"https:\/\/diarioelpopular.com\/index.php\/wp-json\/wp\/v2\/media?parent=500985"}],"wp:term":[{"taxonomy":"category","embeddable":true,"href":"https:\/\/diarioelpopular.com\/index.php\/wp-json\/wp\/v2\/categories?post=500985"},{"taxonomy":"post_tag","embeddable":true,"href":"https:\/\/diarioelpopular.com\/index.php\/wp-json\/wp\/v2\/tags?post=500985"}],"curies":[{"name":"wp","href":"https:\/\/api.w.org\/{rel}","templated":true}]}}