{"id":500994,"date":"2022-01-13T18:14:15","date_gmt":"2022-01-13T22:14:15","guid":{"rendered":"https:\/\/diarioelpopular.com\/?p=500994"},"modified":"2022-01-13T18:14:15","modified_gmt":"2022-01-13T22:14:15","slug":"argentina-perdidas-millonarias-por-las-sequias","status":"publish","type":"post","link":"https:\/\/diarioelpopular.com\/index.php\/2022\/01\/13\/argentina-perdidas-millonarias-por-las-sequias\/","title":{"rendered":"Argentina: P\u00e9rdidas millonarias por las sequ\u00edas"},"content":{"rendered":"<h4><img loading=\"lazy\" decoding=\"async\" class=\"alignnone size-custom-full-size wp-image-500995\" src=\"https:\/\/diarioelpopular.com\/wp-content\/uploads\/2022\/01\/1.8dbe24-636x424.jpg\" alt=\"\" width=\"636\" height=\"424\" srcset=\"https:\/\/diarioelpopular.com\/wp-content\/uploads\/2022\/01\/1.8dbe24-636x424.jpg 636w, https:\/\/diarioelpopular.com\/wp-content\/uploads\/2022\/01\/1.8dbe24-300x200.jpg 300w, https:\/\/diarioelpopular.com\/wp-content\/uploads\/2022\/01\/1.8dbe24-768x512.jpg 768w, https:\/\/diarioelpopular.com\/wp-content\/uploads\/2022\/01\/1.8dbe24-110x73.jpg 110w, https:\/\/diarioelpopular.com\/wp-content\/uploads\/2022\/01\/1.8dbe24.jpg 800w\" sizes=\"auto, (max-width: 636px) 100vw, 636px\" \/><\/h4>\n<p><em>Duro da\u00f1o al ingreso de divisas en Argentina por el efecto de las sequ\u00edas sobre el agro (foto: ANSA)<\/em><\/p>\n<h4><em><strong>&#8211; El clima genera otra crisis a la econom\u00eda debilitada y asfixiada<\/strong><\/em><\/h4>\n<p><strong>BUENOS AIRES 13 ENE &#8211;<\/strong> A todos los males que afronta la vapuleada econom\u00eda argentina (pandemia, inflaci\u00f3n del 50%, gigantesca deuda con el FMI) se suma ahora un brutal efecto de la sequ\u00eda, que podr\u00eda hacer perder al agro ingresos por al menos 4.550 millones de d\u00f3lares.<br \/>\nLa falta o disminuci\u00f3n de lluvias, por efecto del cambio clim\u00e1tico, que desde hace casi dos a\u00f1os -con distintos niveles de intensidad- azota las regiones productivas m\u00e1s importantes del pa\u00eds, podr\u00eda complicar a\u00fan m\u00e1s el panorama financiero del Gobierno, alert\u00f3 hoy un informe del peri\u00f3dico Ambito.<br \/>\nEntidades burs\u00e1tiles, consultoras y analistas del mercado de granos descuentan que la campa\u00f1a agr\u00edcola sufrir\u00e1 fuertes recortes debido al fen\u00f3meno clim\u00e1tico La Ni\u00f1a, que se repite luego de un 2021 en el que faltaron precipitaciones y sobraron problemas- Los agricultores tambi\u00e9n est\u00e1n enfrentando, en medio de la oprimente pandemia de Covid-19 y la diferencia cambiaria con el d\u00f3lar, grandes aumento de costos.<br \/>\nPero la situaci\u00f3n clim\u00e1tica no es exclusivo pesar de Argentina, sino de toda la regi\u00f3n. Tambi\u00e9n golpea a Brasil -ya se descart\u00f3 la posibilidad de alcanzar un r\u00e9cord productivo- y adem\u00e1s gener\u00f3 p\u00e9rdidas superiores al 30% de la cosecha de soja en Paraguay.<br \/>\nEn Argentina, el alerta se enciende para la soja y el ma\u00edz, pues a la sequ\u00eda se suma en los \u00faltimo d\u00edas una feroz ola de calor.<br \/>\nEl \u00faltimo trabajo publicado por la Gu\u00eda Estrat\u00e9gica para el Agro difundido por la Bolsa de Comercio de Rosario (BCR) asegur\u00f3 que la falta de reservas de agua ya impact\u00f3 en el ma\u00edz temprano y en la soja de primera.<br \/>\nLos expertos se\u00f1alan que el escenario normal para la campa\u00f1a de ma\u00edz era 56 millones de toneladas pero con el impacto de la sequ\u00eda, las estimaciones prev\u00e9n una ca\u00edda cercana al 15%, por lo tanto la cosecha se reduce a 48 millones de toneladas.<br \/>\nEn el caso de la soja se aguardaba un piso de 45 millones de toneladas, pero con estas condiciones clim\u00e1ticas se recort\u00f3 a 40 millones de toneladas.<br \/>\nSeg\u00fan datos del Banco Central, publicados por Ambito, un recorte de 8 millones de toneladas de ma\u00edz y de 5 millones de toneladas en soja implica p\u00e9rdidas para el pa\u00eds por un total de 4.550 millones de d\u00f3lares, s\u00f3lo tomando como referencia el valor del grano.<br \/>\nEl impacto ser\u00e1 fuerte por la ca\u00edda en los ingresos de divisas, tan necesaria para una argentina con exceso de emisi\u00f3n monetaria y una deuda con el FMI de 44 mil millones de d\u00f3lares.<br \/>\nAdem\u00e1s, quienes tambi\u00e9n sufrir\u00e1n un duro golpe ser\u00e1n los productores agropecuarios, que apostaron a siembras con alto nivel tecnol\u00f3gico en un escenario de costos elevados y no se ver\u00e1n compensados con los ingresos.<\/p>\n","protected":false},"excerpt":{"rendered":"<p>Duro da\u00f1o al ingreso de divisas en Argentina por el efecto de las sequ\u00edas sobre el agro (foto: ANSA) &#8211; El clima genera otra crisis&hellip;<\/p>\n","protected":false},"author":99,"featured_media":500995,"comment_status":"open","ping_status":"open","sticky":false,"template":"","format":"standard","meta":{"footnotes":""},"categories":[23],"tags":[],"class_list":["post-500994","post","type-post","status-publish","format-standard","has-post-thumbnail","hentry","category-latinoamerica"],"_links":{"self":[{"href":"https:\/\/diarioelpopular.com\/index.php\/wp-json\/wp\/v2\/posts\/500994","targetHints":{"allow":["GET"]}}],"collection":[{"href":"https:\/\/diarioelpopular.com\/index.php\/wp-json\/wp\/v2\/posts"}],"about":[{"href":"https:\/\/diarioelpopular.com\/index.php\/wp-json\/wp\/v2\/types\/post"}],"author":[{"embeddable":true,"href":"https:\/\/diarioelpopular.com\/index.php\/wp-json\/wp\/v2\/users\/99"}],"replies":[{"embeddable":true,"href":"https:\/\/diarioelpopular.com\/index.php\/wp-json\/wp\/v2\/comments?post=500994"}],"version-history":[{"count":1,"href":"https:\/\/diarioelpopular.com\/index.php\/wp-json\/wp\/v2\/posts\/500994\/revisions"}],"predecessor-version":[{"id":500996,"href":"https:\/\/diarioelpopular.com\/index.php\/wp-json\/wp\/v2\/posts\/500994\/revisions\/500996"}],"wp:featuredmedia":[{"embeddable":true,"href":"https:\/\/diarioelpopular.com\/index.php\/wp-json\/wp\/v2\/media\/500995"}],"wp:attachment":[{"href":"https:\/\/diarioelpopular.com\/index.php\/wp-json\/wp\/v2\/media?parent=500994"}],"wp:term":[{"taxonomy":"category","embeddable":true,"href":"https:\/\/diarioelpopular.com\/index.php\/wp-json\/wp\/v2\/categories?post=500994"},{"taxonomy":"post_tag","embeddable":true,"href":"https:\/\/diarioelpopular.com\/index.php\/wp-json\/wp\/v2\/tags?post=500994"}],"curies":[{"name":"wp","href":"https:\/\/api.w.org\/{rel}","templated":true}]}}