{"id":501003,"date":"2022-01-14T10:18:19","date_gmt":"2022-01-14T14:18:19","guid":{"rendered":"https:\/\/diarioelpopular.com\/?p=501003"},"modified":"2022-01-14T10:18:19","modified_gmt":"2022-01-14T14:18:19","slug":"los-gobiernos-canadienses-varian-en-el-levantamiento-de-las-restricciones-de-covid-19-en-medio-de-la-ola-de-omicron","status":"publish","type":"post","link":"https:\/\/diarioelpopular.com\/index.php\/2022\/01\/14\/los-gobiernos-canadienses-varian-en-el-levantamiento-de-las-restricciones-de-covid-19-en-medio-de-la-ola-de-omicron\/","title":{"rendered":"Los gobiernos canadienses var\u00edan en el levantamiento de las restricciones de COVID-19 en medio de la ola de Omicron"},"content":{"rendered":"<p><img loading=\"lazy\" decoding=\"async\" class=\"alignnone size-custom-full-size wp-image-501005\" src=\"https:\/\/diarioelpopular.com\/wp-content\/uploads\/2022\/01\/1.ge_-636x358.jpg\" alt=\"\" width=\"636\" height=\"358\" srcset=\"https:\/\/diarioelpopular.com\/wp-content\/uploads\/2022\/01\/1.ge_-636x358.jpg 636w, https:\/\/diarioelpopular.com\/wp-content\/uploads\/2022\/01\/1.ge_-300x169.jpg 300w, https:\/\/diarioelpopular.com\/wp-content\/uploads\/2022\/01\/1.ge_-768x432.jpg 768w, https:\/\/diarioelpopular.com\/wp-content\/uploads\/2022\/01\/1.ge_-130x73.jpg 130w, https:\/\/diarioelpopular.com\/wp-content\/uploads\/2022\/01\/1.ge_.jpg 800w\" sizes=\"auto, (max-width: 636px) 100vw, 636px\" \/><\/p>\n<h4><strong>&#8211; Algunas \u00e1reas del pa\u00eds est\u00e1n flexibilizando las restricciones pand\u00e9micas, mientras que otras las est\u00e1n endureciendo seg\u00fan sus percepciones de si la curva de COVID-19 se est\u00e1 aplanando o a\u00fan no ha llegado a su punto m\u00e1ximo.<\/strong><\/h4>\n<p>Quebec anunci\u00f3 su controvertido 10 p.m. El toque de queda de 5 a.m. se levantar\u00e1 el lunes porque los investigadores creen que la \u00faltima ola de la pandemia, impulsada por la variante Omicron altamente infecciosa de COVID-19, est\u00e1 llegando a su punto m\u00e1ximo.<\/p>\n<p>Y Nunavut dice que las duras medidas que implement\u00f3 justo antes de Navidad han sido tan efectivas que cancelar\u00e1 las restricciones de viaje el lunes, lo que permitir\u00e1 que las empresas reabran y las escuelas reanudar\u00e1n el aprendizaje en persona el 24 de enero.<\/p>\n<p>Es una historia diferente en New Brunswick, donde el viernes entraron en vigencia nuevas restricciones que limitan a los residentes a una burbuja de un solo hogar y tambi\u00e9n cierran gimnasios, lugares de entretenimiento y cenas en el interior de los restaurantes.<\/p>\n<p>En la vecina Isla del Pr\u00edncipe Eduardo, donde la directora m\u00e9dica de salud, la Dra. Heather Morrison, dice que \u201clo peor de esta ola\u201d a\u00fan est\u00e1 por llegar, se extender\u00e1n las restricciones actuales que incluyen l\u00edmites de capacidad comercial y aprendizaje remoto para estudiantes escolares.<\/p>\n<p>En todo el pa\u00eds, los recuentos de casos nuevos de COVID-19 y las hospitalizaciones relacionadas se mantienen en niveles r\u00e9cord o cerca de ellos.<\/p>\n<p>Ontario registr\u00f3 un salto en las hospitalizaciones de 182 a un m\u00e1ximo hist\u00f3rico de 3630 el jueves. Se informaron alrededor de 6,000 casos nuevos en Alberta y el primer ministro de Saskatchewan, Scott Moe, anunci\u00f3 que dio positivo por COVID-19.<\/p>\n<p>El gobierno federal tambi\u00e9n anunci\u00f3 el jueves por la noche que un mandato de vacunaci\u00f3n para los camioneros que cruzan a Canad\u00e1 desde los Estados Unidos comenzar\u00eda el s\u00e1bado como estaba previsto, a pesar de una declaraci\u00f3n anterior de la Agencia de Servicios Fronterizos de Canad\u00e1 que dec\u00eda que los camioneros canadienses estar\u00edan exentos.<\/p>\n<p><img loading=\"lazy\" decoding=\"async\" class=\"alignnone size-custom-full-size wp-image-501004\" src=\"https:\/\/diarioelpopular.com\/wp-content\/uploads\/2022\/01\/Screen-Shot-2022-01-14-at-9.13.10-AM-636x652.png\" alt=\"\" width=\"636\" height=\"652\" srcset=\"https:\/\/diarioelpopular.com\/wp-content\/uploads\/2022\/01\/Screen-Shot-2022-01-14-at-9.13.10-AM-636x652.png 636w, https:\/\/diarioelpopular.com\/wp-content\/uploads\/2022\/01\/Screen-Shot-2022-01-14-at-9.13.10-AM-293x300.png 293w, https:\/\/diarioelpopular.com\/wp-content\/uploads\/2022\/01\/Screen-Shot-2022-01-14-at-9.13.10-AM-768x787.png 768w, https:\/\/diarioelpopular.com\/wp-content\/uploads\/2022\/01\/Screen-Shot-2022-01-14-at-9.13.10-AM-1200x1230.png 1200w, https:\/\/diarioelpopular.com\/wp-content\/uploads\/2022\/01\/Screen-Shot-2022-01-14-at-9.13.10-AM-71x73.png 71w, https:\/\/diarioelpopular.com\/wp-content\/uploads\/2022\/01\/Screen-Shot-2022-01-14-at-9.13.10-AM.png 999w\" sizes=\"auto, (max-width: 636px) 100vw, 636px\" \/><\/p>\n<p>&nbsp;<\/p>\n<h4><em><strong>Los maestros y las juntas escolares hacen sonar la alarma sobre el plan de regreso a la escuela de Ontario<\/strong><\/em><\/h4>\n<h5><em><strong>&#8211; Las juntas escolares, los sindicatos de maestros y los padres est\u00e1n expresando su preocupaci\u00f3n por el plan de regreso a la escuela de la provincia, diciendo que no fueron consultados por completo y que se sienten inc\u00f3modos por el regreso a las aulas este lunes.<\/strong><\/em><\/h5>\n<p>El ministro de Educaci\u00f3n, Stephen Lecce, realiz\u00f3 una conferencia de prensa el mi\u00e9rcoles por la tarde y dijo que el regreso de Ontario al plan de aprendizaje en persona se centrar\u00e1 en pruebas r\u00e1pidas, ventilaci\u00f3n mejorada y m\u00e1s acceso a vacunas y equipo de protecci\u00f3n personal (EPP).<\/p>\n<p>La Junta Escolar Cat\u00f3lica de Dufferin-Peel envi\u00f3 una carta abierta a Lecce describiendo las preocupaciones espec\u00edficas que todav\u00eda tienen ahora que el plan completo est\u00e1 disponible.<\/p>\n<p>La junta dice que los problemas que se transmiten en la carta son lo que los fideicomisarios escuchan regularmente de los padres y tutores \u201cque est\u00e1n enojados, frustrados y m\u00e1s aprensivos que nunca por enviar a sus hijos a la escuela\u201d.<\/p>\n<p>La carta cita la falta de transparencia del gobierno de Ford y dice que no hubo consultas con las juntas escolares sobre los cambios en los protocolos para las pruebas y la notificaci\u00f3n de brotes.<\/p>\n<p>La junta tambi\u00e9n pide a los estudiantes que obtengan m\u00e1scaras de grado m\u00e9dico, dice que hay un suministro inadecuado de kits de prueba r\u00e1pida y afirma que no todas las aulas tienen un filtro HEPA para garantizar una ventilaci\u00f3n adecuada.<\/p>\n<p>\u201cEstoy agradecido con las juntas escolares por hacerse o\u00edr\u201d, dice Andrea Horwath, l\u00edder de la oposici\u00f3n del NDP. \u201cAl gobierno le gusta tirar grandes cantidades como 3000 filtros HEPA. Descubrimos que esos filtros HEPA no est\u00e1n en todas las aulas\u201d.<\/p>\n<p>Los funcionarios sindicales dicen que la nueva orientaci\u00f3n y las medidas del gobierno de Ford hacen que muchos de sus maestros se sientan inc\u00f3modos por el regreso a las clases f\u00edsicas.<\/p>\n<p>\u201cAlgo que la gente debe tener en cuenta es que los maestros y los trabajadores de la educaci\u00f3n est\u00e1n en un sal\u00f3n de clases durante 150 minutos a la vez\u201d, dice Michelle Teixeira, presidenta de la Federaci\u00f3n de Maestros de Escuelas Secundarias de Ontario (OSSTF).<\/p>\n<p>\u201cY esa es la diferencia, no podemos ver en ning\u00fan otro sector donde ese sea el caso. Donde hay un trabajador que est\u00e1 en una habitaci\u00f3n con otras 30 personas durante un largo per\u00edodo de tiempo con ventilaci\u00f3n potencialmente inadecuada\u201d.<\/p>\n<p>El Ministerio de Educaci\u00f3n dice que ha desplegado 3000 unidades de filtro HEPA independientes adicionales en las juntas escolares adem\u00e1s de las 70 000 unidades existentes que ya estaban en las escuelas.<\/p>\n<p>Pero el OSSTF dijo que esperaban pautas m\u00e1s concretas de la provincia con muchas preguntas sobre ventilaci\u00f3n y m\u00e1scaras sin respuesta.<\/p>\n<p>\u201cTambi\u00e9n necesitamos saber si hay un suministro suficiente de m\u00e1scaras N95\u201d, dijo Teixeira. \u201cLo que estamos escuchando en este momento es que hay alrededor de dos o tres disponibles por miembro del personal. Necesitamos saber si ese suministro va a continuar\u201d.<\/p>\n<p>Lecce dijo que la provincia ha enviado 9,1 millones de mascarillas N95 para el personal y m\u00e1s de cuatro millones para los estudiantes. \u00c9l dice que &#8220;enviar\u00e1n regularmente nuevos env\u00edos en las pr\u00f3ximas semanas y meses&#8221;.<\/p>\n<p>Como parte de su plan, el Ministerio de Educaci\u00f3n dice que las escuelas ahora solo deber\u00e1n informar los brotes de COVID-19 a las Unidades de Salud P\u00fablica cuando las tasas de ausentismo entre los estudiantes y el personal alcancen el 30 por ciento.<\/p>\n<p>Algunos padres preocupados dicen que quieren que sus hijos vuelvan a la escuela, pero no creen que las nuevas medidas implementadas sean suficientes para mantener seguros a los maestros y estudiantes con la transmisi\u00f3n comunitaria de Omicron a\u00fan tan alta en toda la provincia.<\/p>\n<p>\u201cNo es seguro para los ni\u00f1os en este momento\u201d, dice Jessica Lyons, madre de tres ni\u00f1os en Ontario.<\/p>\n<p>Lyons llama a la conferencia de prensa del mi\u00e9rcoles de Lecce &#8220;teatro pol\u00edtico&#8221; y le dice a CityNews que se sinti\u00f3 decepcionada despu\u00e9s de escuchar los planes de la provincia.<\/p>\n<p>\u201cCreo que todav\u00eda estamos en un momento en el que es demasiado arriesgado abrir las escuelas al aprendizaje presencial\u201d, dice Lyons. \u201cY digo eso con los ni\u00f1os que preferir\u00edan estar aprendiendo en clase\u201d.<\/p>\n<p>Lyons dice que los padres como ella quedaron a oscuras despu\u00e9s de que el gobierno anunciara que no notificar\u00eda los casos positivos en las clases.<\/p>\n<p>La provincia dice que la informaci\u00f3n sobre brotes antes del umbral del 30 por ciento seguir\u00e1 estando disponible para el p\u00fablico a trav\u00e9s del sitio web del Ministerio.<\/p>\n<p>El martes, la provincia public\u00f3 una gu\u00eda actualizada, diciendo que los estudiantes solo ser\u00e1n elegibles para la prueba de PCR si desarrollan s\u00edntomas de COVID-19 mientras est\u00e1n en la escuela. Las cohortes ya no se descartar\u00e1n en caso de un caso positivo y las escuelas ya no notificar\u00e1n rutinariamente a los estudiantes en las clases con un caso positivo.<\/p>\n","protected":false},"excerpt":{"rendered":"<p>&#8211; Algunas \u00e1reas del pa\u00eds est\u00e1n flexibilizando las restricciones pand\u00e9micas, mientras que otras las est\u00e1n endureciendo seg\u00fan sus percepciones de si la curva de COVID-19&hellip;<\/p>\n","protected":false},"author":99,"featured_media":0,"comment_status":"open","ping_status":"open","sticky":false,"template":"","format":"standard","meta":{"footnotes":""},"categories":[21,11191],"tags":[],"class_list":["post-501003","post","type-post","status-publish","format-standard","hentry","category-canada","category-top-news"],"_links":{"self":[{"href":"https:\/\/diarioelpopular.com\/index.php\/wp-json\/wp\/v2\/posts\/501003","targetHints":{"allow":["GET"]}}],"collection":[{"href":"https:\/\/diarioelpopular.com\/index.php\/wp-json\/wp\/v2\/posts"}],"about":[{"href":"https:\/\/diarioelpopular.com\/index.php\/wp-json\/wp\/v2\/types\/post"}],"author":[{"embeddable":true,"href":"https:\/\/diarioelpopular.com\/index.php\/wp-json\/wp\/v2\/users\/99"}],"replies":[{"embeddable":true,"href":"https:\/\/diarioelpopular.com\/index.php\/wp-json\/wp\/v2\/comments?post=501003"}],"version-history":[{"count":1,"href":"https:\/\/diarioelpopular.com\/index.php\/wp-json\/wp\/v2\/posts\/501003\/revisions"}],"predecessor-version":[{"id":501006,"href":"https:\/\/diarioelpopular.com\/index.php\/wp-json\/wp\/v2\/posts\/501003\/revisions\/501006"}],"wp:attachment":[{"href":"https:\/\/diarioelpopular.com\/index.php\/wp-json\/wp\/v2\/media?parent=501003"}],"wp:term":[{"taxonomy":"category","embeddable":true,"href":"https:\/\/diarioelpopular.com\/index.php\/wp-json\/wp\/v2\/categories?post=501003"},{"taxonomy":"post_tag","embeddable":true,"href":"https:\/\/diarioelpopular.com\/index.php\/wp-json\/wp\/v2\/tags?post=501003"}],"curies":[{"name":"wp","href":"https:\/\/api.w.org\/{rel}","templated":true}]}}