{"id":501014,"date":"2022-01-15T16:37:03","date_gmt":"2022-01-15T20:37:03","guid":{"rendered":"https:\/\/diarioelpopular.com\/?p=501014"},"modified":"2022-01-15T16:37:03","modified_gmt":"2022-01-15T20:37:03","slug":"el-amazonas-regresa-al-infierno","status":"publish","type":"post","link":"https:\/\/diarioelpopular.com\/index.php\/2022\/01\/15\/el-amazonas-regresa-al-infierno\/","title":{"rendered":"El Amazonas regresa al infierno"},"content":{"rendered":"<div id=\"attachment_501015\" style=\"width: 646px\" class=\"wp-caption alignnone\"><img loading=\"lazy\" decoding=\"async\" aria-describedby=\"caption-attachment-501015\" class=\"size-custom-full-size wp-image-501015\" src=\"https:\/\/diarioelpopular.com\/wp-content\/uploads\/2022\/01\/1.0a110-636x428.jpg\" alt=\"\" width=\"636\" height=\"428\" srcset=\"https:\/\/diarioelpopular.com\/wp-content\/uploads\/2022\/01\/1.0a110-636x428.jpg 636w, https:\/\/diarioelpopular.com\/wp-content\/uploads\/2022\/01\/1.0a110-300x202.jpg 300w, https:\/\/diarioelpopular.com\/wp-content\/uploads\/2022\/01\/1.0a110-768x516.jpg 768w, https:\/\/diarioelpopular.com\/wp-content\/uploads\/2022\/01\/1.0a110-80x55.jpg 80w, https:\/\/diarioelpopular.com\/wp-content\/uploads\/2022\/01\/1.0a110-109x73.jpg 109w, https:\/\/diarioelpopular.com\/wp-content\/uploads\/2022\/01\/1.0a110.jpg 800w\" sizes=\"auto, (max-width: 636px) 100vw, 636px\" \/><p id=\"caption-attachment-501015\" class=\"wp-caption-text\"><strong><em>Hospitales de Amazonas nuevamente con desbordes<\/em><\/strong><\/p><\/div>\n<h4><em><strong>&#8211; Manaos, en Brasil, con un aumento de infectados del 4.300 %<\/strong><\/em><\/h4>\n<p><em><strong>BRASILIA, 15 EN E-<\/strong><\/em> La ciudad de Manaos, la capital m\u00e1s importante de Amazonia, en el centro de Brasil, registr\u00f3 un aumento del 4.300 % en el n\u00famero de infectados con el coronavirus en los primeros d\u00edas de enero.<br \/>\nLa situaci\u00f3n se tradujo en un incremento de ocupaci\u00f3n salas de terapia intensiva inform\u00f3 la prensa local.<br \/>\nEl 1 de enero hubo 37 pacientes con pruebas positivas y el 13 del mismo mes esa cifra creci\u00f3 a 1.659 contagiados, de acuerdo con los datos de la Fundaci\u00f3n de Vigilancia de la Salud, que public\u00f3 hoy el diario Folha de San Pablo.<br \/>\n&#8220;Manaos vive una explosi\u00f3n de casos un a\u00f1o despu\u00e9s del colapso del sistema de salud&#8221;, se\u00f1al\u00f3 el peri\u00f3dico en el art\u00edculo sobre esta tercera onda de la pandemia causada por la diseminaci\u00f3n de la cepa Omicron.<br \/>\nLos n\u00fameros de infectados en esta semana, en el marco de la tercera onda, fueron los m\u00e1s altos desde marzo del a\u00f1o pasado, en uno de los momentos cr\u00edticos de la segunda onda.<br \/>\nEn enero de 2021 centenas de pacientes de Manaos y otras ciudades amaz\u00f3nicas enfrentaron la falta de equipos de ox\u00edgeno en los hospitales y hubo un alto n\u00famero de fallecimientos.<br \/>\nLa especialista Jessen Orellana destaca que junto a la disparada de contaminados hubo un salto del 60 % en la ocupaci\u00f3n de habitaciones de terapia intensiva en los hospitales de Manaos.<br \/>\n&#8220;Es necesario adoptar medidas urgentes (ante avance pandemia) porque de lo contrario en poco tiempo aumentar\u00e1n las muertes evitables&#8221;, se\u00f1al\u00f3 Orellana, epidemi\u00f3logo del estatal Instituto Fiocruz.<\/p>\n","protected":false},"excerpt":{"rendered":"<p>&#8211; Manaos, en Brasil, con un aumento de infectados del 4.300 % BRASILIA, 15 EN E- La ciudad de Manaos, la capital m\u00e1s importante de&hellip;<\/p>\n","protected":false},"author":99,"featured_media":501015,"comment_status":"open","ping_status":"open","sticky":false,"template":"","format":"standard","meta":{"footnotes":""},"categories":[23,11354],"tags":[],"class_list":["post-501014","post","type-post","status-publish","format-standard","has-post-thumbnail","hentry","category-latinoamerica","category-sucesos"],"_links":{"self":[{"href":"https:\/\/diarioelpopular.com\/index.php\/wp-json\/wp\/v2\/posts\/501014","targetHints":{"allow":["GET"]}}],"collection":[{"href":"https:\/\/diarioelpopular.com\/index.php\/wp-json\/wp\/v2\/posts"}],"about":[{"href":"https:\/\/diarioelpopular.com\/index.php\/wp-json\/wp\/v2\/types\/post"}],"author":[{"embeddable":true,"href":"https:\/\/diarioelpopular.com\/index.php\/wp-json\/wp\/v2\/users\/99"}],"replies":[{"embeddable":true,"href":"https:\/\/diarioelpopular.com\/index.php\/wp-json\/wp\/v2\/comments?post=501014"}],"version-history":[{"count":1,"href":"https:\/\/diarioelpopular.com\/index.php\/wp-json\/wp\/v2\/posts\/501014\/revisions"}],"predecessor-version":[{"id":501016,"href":"https:\/\/diarioelpopular.com\/index.php\/wp-json\/wp\/v2\/posts\/501014\/revisions\/501016"}],"wp:featuredmedia":[{"embeddable":true,"href":"https:\/\/diarioelpopular.com\/index.php\/wp-json\/wp\/v2\/media\/501015"}],"wp:attachment":[{"href":"https:\/\/diarioelpopular.com\/index.php\/wp-json\/wp\/v2\/media?parent=501014"}],"wp:term":[{"taxonomy":"category","embeddable":true,"href":"https:\/\/diarioelpopular.com\/index.php\/wp-json\/wp\/v2\/categories?post=501014"},{"taxonomy":"post_tag","embeddable":true,"href":"https:\/\/diarioelpopular.com\/index.php\/wp-json\/wp\/v2\/tags?post=501014"}],"curies":[{"name":"wp","href":"https:\/\/api.w.org\/{rel}","templated":true}]}}