{"id":501017,"date":"2022-01-15T16:40:49","date_gmt":"2022-01-15T20:40:49","guid":{"rendered":"https:\/\/diarioelpopular.com\/?p=501017"},"modified":"2022-01-15T16:40:49","modified_gmt":"2022-01-15T20:40:49","slug":"hrw-enjuicia-la-politica-migratori","status":"publish","type":"post","link":"https:\/\/diarioelpopular.com\/index.php\/2022\/01\/15\/hrw-enjuicia-la-politica-migratori\/","title":{"rendered":"HRW enjuicia la pol\u00edtica migratori"},"content":{"rendered":"<h4><img loading=\"lazy\" decoding=\"async\" class=\"alignnone size-custom-full-size wp-image-501018\" src=\"https:\/\/diarioelpopular.com\/wp-content\/uploads\/2022\/01\/1.d637-636x424.jpg\" alt=\"\" width=\"636\" height=\"424\" srcset=\"https:\/\/diarioelpopular.com\/wp-content\/uploads\/2022\/01\/1.d637-636x424.jpg 636w, https:\/\/diarioelpopular.com\/wp-content\/uploads\/2022\/01\/1.d637-300x200.jpg 300w, https:\/\/diarioelpopular.com\/wp-content\/uploads\/2022\/01\/1.d637-768x512.jpg 768w, https:\/\/diarioelpopular.com\/wp-content\/uploads\/2022\/01\/1.d637-110x73.jpg 110w, https:\/\/diarioelpopular.com\/wp-content\/uploads\/2022\/01\/1.d637.jpg 800w\" sizes=\"auto, (max-width: 636px) 100vw, 636px\" \/><\/h4>\n<p><em>Migrantes latinoamericanos en caravana por una autov\u00eda mexicana<\/em><\/p>\n<h4><em><strong>&#8211; Organismo humanitario cuestiona violaci\u00f3n derechos de personas<\/strong><\/em><\/h4>\n<p><em><strong>CIUDAD DE MEXICO, 15 ENE &#8211;<\/strong><\/em> El organismo humanitario internacional Human Rights Watch (HRW) puso en tela de juicio la pol\u00edtica migratoria del presidente Andr\u00e9s Manuel L\u00f3pez Obrador y denunci\u00f3 la violaci\u00f3n de los derechos humanos de las personas que ingresan al pa\u00eds para llegar a Estados Unidos.<br \/>\nEn especial apunt\u00f3 el dedo en el programa &#8220;Qu\u00e9date en M\u00e9xico&#8221;, reci\u00e9n restablecido por el presidente norteamericano Joe Biden, despu\u00e9s de seis meses de que lo aboliera, presionado por resoluciones judiciales, al se\u00f1alar que ha provocado que los abusos contra los migrantes &#8220;persistan&#8221; e incluso aumenten.<br \/>\nLa estrategia, que convierte a algunas zonas de la frontera norte de M\u00e9xico en &#8220;salas de espera&#8221; de decenas de miles personas que solicitan asilo al gobierno estadounidense, forma parte de las &#8220;pol\u00edticas de migraci\u00f3n abusivas de Estados Unidos&#8221;, se\u00f1al\u00f3 HRW.<br \/>\nEn su informe Mundial 2022, la ONG se\u00f1al\u00f3 que &#8220;es habitual que carteles delictivos, delincuentes comunes y, en ocasiones, polic\u00edas y funcionarios de migraci\u00f3n roben, secuestren, extorsionen, violen o asesinen a migrantes que transitan por M\u00e9xico&#8221;.<br \/>\nLa organizaci\u00f3n estim\u00f3 que en M\u00e9xico &#8220;se siguen cometiendo torturas, ejecuciones extrajudiciales y desapariciones forzadas, entre otras violaciones a los derechos humanos, que suelen quedar en la impunidad&#8221;.<br \/>\nNo todo es oscuro o gris en el reporte, pues elogia la &#8220;transparencia&#8221; de la Comisi\u00f3n Nacional de B\u00fasqueda (CNB), impulsada por el gobierno, pero considera que &#8220;los esfuerzos de las fiscal\u00edas por investigar desapariciones o identificar a los responsables son muy limitados&#8221;.<br \/>\nEn la enumeraci\u00f3n de los macabros hechos que rodean el tema del manejo de cad\u00e1veres de personas no localizadas, HRW se\u00f1ala que entre 2006 y 2020 al menos 50.000 cuerpos pasaron por la custodia de servicios de medicina forense locales y de los estados sin ser identificados adecuadamente&#8221;.<br \/>\n&#8220;La mayor\u00eda fueron enterrados en fosas comunes. Entre 2006 y 2021 las autoridades indicaron haber encontrado al menos 4.000 fosas comunes&#8221;, indic\u00f3.<br \/>\nDesde que el gobierno lanz\u00f3 su embestida contra las bandas criminales, con apoyo de las Fuerzas Armadas, se contabilizan al menos 335.000 muertos, 93.000 desaparecidos y unos 358.000 desplazados.<br \/>\nS\u00f3lo durante la gesti\u00f3n de L\u00f3pez Obrador, se cuentan 23.000 desaparecidos, lo que ha impulsado la existencia de al menos 130 colectivos de b\u00fasqueda en el pa\u00eds.<br \/>\nTambi\u00e9n consigna el caso de la presidenta de la Comisi\u00f3n Nacional de Derechos Humanos (CNDH), Rosario Piedra, por el &#8220;cuestionado proceso&#8221; en el cual fue electa y por su vinculaci\u00f3n con el gobierno de L\u00f3pez Obrador y el partido en el poder, el Movimiento de Regeneraci\u00f3n Nacional (Morena, izquierda).<br \/>\nEl informe se refiere tambi\u00e9n al fracaso del gobierno para afrontar la pandemia de Covid-19 por &#8220;no haber adoptado muchas de las medidas b\u00e1sicas que recomiendan las autoridades de salud globales para limitar la propagaci\u00f3n del Covid-19&#8221;.<br \/>\nEn especial acus\u00f3 al zar antipandemia Hugo L\u00f3pez-Gatell de desestimar el valor de las pruebas de diagn\u00f3stico, al calificarlas de &#8220;in\u00fatiles&#8221; y de &#8220;un desperdicio de tiempo&#8221;, a pesar de que para la Organizaci\u00f3n Mundial de la Salud (OMS) representan un referente fundamental para encarar la expansi\u00f3n del virus.<br \/>\nAdem\u00e1s del tema estricto de los derechos humanos y de la crisis sanitaria, el reporte de HRW se enfoca tambi\u00e9n en el asunto del ambiente, al indicar que la pol\u00edtica energ\u00e9tica impulsada por las autoridades &#8220;contribuye al cambio clim\u00e1tico&#8221;, lo que a su juicio afecta &#8220;los derechos de todas las personas&#8221;.<br \/>\nHace notar que L\u00f3pez Obrador se opone a la producci\u00f3n de energ\u00edas limpias o alternativas, como la e\u00f3lica y solar, pero en cambio se ha volcado por seguir estimulando el uso del carb\u00f3n y el petr\u00f3leo, que son altamente contaminantes.<br \/>\nAl recordar que una reciente forma impulsada por el mandatario en el Congreso favorece a las centrales de generaci\u00f3n del Estado, que usan combustibles f\u00f3siles y no promueven las energ\u00edas renovables.<br \/>\nM\u00e9xico, uno de los 15 mayores emisores de gases de efecto invernadero en el mundo, &#8220;est\u00e1 contribuyendo a una crisis clim\u00e1tica que afecta cada vez m\u00e1s a los derechos humanos en el mundo&#8221;, se\u00f1ala el documento en forma lapidaria.<\/p>\n","protected":false},"excerpt":{"rendered":"<p>Migrantes latinoamericanos en caravana por una autov\u00eda mexicana &#8211; Organismo humanitario cuestiona violaci\u00f3n derechos de personas CIUDAD DE MEXICO, 15 ENE &#8211; El organismo humanitario&hellip;<\/p>\n","protected":false},"author":99,"featured_media":501018,"comment_status":"open","ping_status":"open","sticky":false,"template":"","format":"standard","meta":{"footnotes":""},"categories":[11358,23],"tags":[],"class_list":["post-501017","post","type-post","status-publish","format-standard","has-post-thumbnail","hentry","category-especiales","category-latinoamerica"],"_links":{"self":[{"href":"https:\/\/diarioelpopular.com\/index.php\/wp-json\/wp\/v2\/posts\/501017","targetHints":{"allow":["GET"]}}],"collection":[{"href":"https:\/\/diarioelpopular.com\/index.php\/wp-json\/wp\/v2\/posts"}],"about":[{"href":"https:\/\/diarioelpopular.com\/index.php\/wp-json\/wp\/v2\/types\/post"}],"author":[{"embeddable":true,"href":"https:\/\/diarioelpopular.com\/index.php\/wp-json\/wp\/v2\/users\/99"}],"replies":[{"embeddable":true,"href":"https:\/\/diarioelpopular.com\/index.php\/wp-json\/wp\/v2\/comments?post=501017"}],"version-history":[{"count":1,"href":"https:\/\/diarioelpopular.com\/index.php\/wp-json\/wp\/v2\/posts\/501017\/revisions"}],"predecessor-version":[{"id":501019,"href":"https:\/\/diarioelpopular.com\/index.php\/wp-json\/wp\/v2\/posts\/501017\/revisions\/501019"}],"wp:featuredmedia":[{"embeddable":true,"href":"https:\/\/diarioelpopular.com\/index.php\/wp-json\/wp\/v2\/media\/501018"}],"wp:attachment":[{"href":"https:\/\/diarioelpopular.com\/index.php\/wp-json\/wp\/v2\/media?parent=501017"}],"wp:term":[{"taxonomy":"category","embeddable":true,"href":"https:\/\/diarioelpopular.com\/index.php\/wp-json\/wp\/v2\/categories?post=501017"},{"taxonomy":"post_tag","embeddable":true,"href":"https:\/\/diarioelpopular.com\/index.php\/wp-json\/wp\/v2\/tags?post=501017"}],"curies":[{"name":"wp","href":"https:\/\/api.w.org\/{rel}","templated":true}]}}