{"id":501020,"date":"2022-01-15T16:44:13","date_gmt":"2022-01-15T20:44:13","guid":{"rendered":"https:\/\/diarioelpopular.com\/?p=501020"},"modified":"2022-01-15T16:44:13","modified_gmt":"2022-01-15T20:44:13","slug":"sistema-de-salud-chileno-a-riesgo","status":"publish","type":"post","link":"https:\/\/diarioelpopular.com\/index.php\/2022\/01\/15\/sistema-de-salud-chileno-a-riesgo\/","title":{"rendered":"Sistema de salud chileno a riesgo"},"content":{"rendered":"<div id=\"attachment_501021\" style=\"width: 646px\" class=\"wp-caption alignnone\"><img loading=\"lazy\" decoding=\"async\" aria-describedby=\"caption-attachment-501021\" class=\"size-custom-full-size wp-image-501021\" src=\"https:\/\/diarioelpopular.com\/wp-content\/uploads\/2022\/01\/1.8a0-636x424.jpg\" alt=\"\" width=\"636\" height=\"424\" srcset=\"https:\/\/diarioelpopular.com\/wp-content\/uploads\/2022\/01\/1.8a0-636x424.jpg 636w, https:\/\/diarioelpopular.com\/wp-content\/uploads\/2022\/01\/1.8a0-300x200.jpg 300w, https:\/\/diarioelpopular.com\/wp-content\/uploads\/2022\/01\/1.8a0-768x512.jpg 768w, https:\/\/diarioelpopular.com\/wp-content\/uploads\/2022\/01\/1.8a0-110x73.jpg 110w, https:\/\/diarioelpopular.com\/wp-content\/uploads\/2022\/01\/1.8a0.jpg 800w\" sizes=\"auto, (max-width: 636px) 100vw, 636px\" \/><p id=\"caption-attachment-501021\" class=\"wp-caption-text\"><em>Demasiados casos, hospitales a riesgo en Chile (foto: ANSA)<\/em><\/p><\/div>\n<h4><em><strong>&#8211; De llegar a 30.000 contagios diarios, seg\u00fan la autoridad<\/strong><\/em><\/h4>\n<p><em><strong>SANTIAGO DE CHILE, 15 ENE-<\/strong><\/em> Las autoridades sanitarias en Chile admitieron hoy que el sistema de salud se podr\u00eda &#8220;desbordar&#8221; ante la suba de casos, que hoy report\u00f3 8.270 contagios, el quinto peor d\u00eda de toda la pandemia.<br \/>\nNo obstante, la ministra subrogante Mar\u00eda Teresa Valenzuela asegur\u00f3 que el escenario sigue controlado y que reci\u00e9n cuando se acerque a los 30.000 casos diarios ser\u00eda una &#8220;situaci\u00f3n que empieza a desbordar las capacidades de atenci\u00f3n&#8221;. Aunque adelant\u00f3 que trabajan por un plan m\u00e1s efectivo frente a la variante \u00f3micron.<br \/>\n&#8220;Se est\u00e1 confirmando sobre los 8 mil casos, con una positividad un poco m\u00e1s elevada, pero recordemos que en este momento est\u00e1 predominando la variante \u00d3micron en nuestro pa\u00eds, y todos hemos escuchado c\u00f3mo ha azotado el mundo con olas muy importantes de aumento de casos en los distintos continentes, tenemos un pa\u00eds vecino como Argentina que ha confirmado sobre 150 mil casos diarios&#8221;, ponder\u00f3 la doctora Valenzuela.<br \/>\nLos 8.270 casos son el n\u00famero m\u00e1s alto en 223 d\u00edas, a solo 1.000 del pico del 9 de abril cuando se anotaron 9.171, el m\u00e1ximo de toda la pandemia.<br \/>\nLa positividad se elev\u00f3 a 8,59%, porcentaje que no se observaba desde el 23 de junio del a\u00f1o pasado. En una semana se pas\u00f3 del 2% al 22% de casos comunitarios.<br \/>\nLa epidemi\u00f3loga Valenzuela insisti\u00f3 en que &#8220;estamos en una situaci\u00f3n de preparaci\u00f3n total, estamos trabajando arduamente en poder plantear un plan a la brevedad para abordar una nueva variante, pero con distintas manifestaciones a otras variantes&#8221;.<br \/>\nRecord\u00f3 que la estrategia del Ministerio es &#8220;actuar preventivamente&#8221; y asegur\u00f3 que se est\u00e1 organizando &#8220;la red asistencial, la atenci\u00f3n primaria, puntos de testeos dentro de los Cesfam (Centro de Salud Familiar), camas b\u00e1sicas, camas para mayor gravedad y UCI (Unidades de Cuidados Intensivo). Por lo tanto, estamos viendo distintos escenarios&#8221;.<br \/>\nExpuso que por el momento no se sabe hasta cu\u00e1ntos casos diarios se podr\u00eda llegar en las pr\u00f3ximas semanas: &#8220;Qui\u00e9n tiene la verdad sobre si vamos a tener 20 mil casos o 30 mil casos por d\u00eda, cuando efectivamente ya se transforma en una situaci\u00f3n que empieza a desbordar las capacidades de atenci\u00f3n&#8221;, se\u00f1al\u00f3.<br \/>\nLa ministra y especialista dijo que tampoco a\u00fan se puede determinar si la infecci\u00f3n causada por la variante \u00f3micron &#8220;es severa o no, porque el SARS-CoV-2 con sus distintas variantes, cada una ha tenido una manifestaci\u00f3n diferente&#8221;.<br \/>\nPor tanto, complet\u00f3, el llamado es a que &#8220;nos cuidemos, nos protejamos, porque no podemos hablar que la variante es m\u00e1s suave. Nadie se debe sentir ganador del virus, por el contrario, recibamos que podemos ser afectados y no sabemos si vamos a ser afectados de forma grave o nuestros seres m\u00e1s queridos&#8221;, En el quinto peor d\u00eda de la pandemia, se produjo una expansi\u00f3n de contagios del 151% en una semana.<br \/>\nLos dem\u00e1s d\u00edas cr\u00edticos fueron el 9 de abril (9.171), 28 de mayo (8.680), 29 de mayo (8.426) y 5 de junio (8.867), todos en 2021.<br \/>\nCon este \u00edndice, Chile suma 36.843 durante los \u00faltimos 7 d\u00edas y 36.622 pacientes con el virus activo.<br \/>\nLas regiones con la mayor tasa de incidencia de casos activos por cada 100 mil habitantes siguen siendo Tarapac\u00e1 (1.171,4), Arica y Parinacota (734,5) y Magallanes (733,7).<br \/>\nCuatro regiones marcaron sobre el 10% de positividad: Tarapac\u00e1 (19,15%), Arica y Parinacota (15,88%), Antofagasta (14,52%) y Magallanes (13,42%).<br \/>\nEste nivel de positividad se logr\u00f3 mediante el procesamiento de 78.612 ex\u00e1menes PCR, a los que se suman 10.640 test de ant\u00edgeno.<br \/>\nLa ocupaci\u00f3n de la UCI se encuentra cercana al 88%. Hay un total de 2.080 camas cr\u00edticas en la red, de las cuales 250 se encuentran disponibles.<br \/>\nEn estas unidades hay 427 personas internadas con coronavirus, 356 de las cuales se encuentran en estado grave y conectados a ventilaci\u00f3n mec\u00e1nica (83,37%).<br \/>\nLas regiones con m\u00e1s pacientes en estas condiciones son la Metropolitana (183), B\u00edo B\u00edo (62) y Valpara\u00edso (41).<br \/>\nFinalmente, el Departamento de Estad\u00edsticas e Informaci\u00f3n de Salud (Deis) confirm\u00f3 24 muertes producto del coronavirus en Chile. Con ello, se llega a las 39.355 defunciones desde el inicio de la emergencia sanitaria.<\/p>\n","protected":false},"excerpt":{"rendered":"<p>&#8211; De llegar a 30.000 contagios diarios, seg\u00fan la autoridad SANTIAGO DE CHILE, 15 ENE- Las autoridades sanitarias en Chile admitieron hoy que el sistema&hellip;<\/p>\n","protected":false},"author":99,"featured_media":501021,"comment_status":"open","ping_status":"open","sticky":false,"template":"","format":"standard","meta":{"footnotes":""},"categories":[23],"tags":[],"class_list":["post-501020","post","type-post","status-publish","format-standard","has-post-thumbnail","hentry","category-latinoamerica"],"_links":{"self":[{"href":"https:\/\/diarioelpopular.com\/index.php\/wp-json\/wp\/v2\/posts\/501020","targetHints":{"allow":["GET"]}}],"collection":[{"href":"https:\/\/diarioelpopular.com\/index.php\/wp-json\/wp\/v2\/posts"}],"about":[{"href":"https:\/\/diarioelpopular.com\/index.php\/wp-json\/wp\/v2\/types\/post"}],"author":[{"embeddable":true,"href":"https:\/\/diarioelpopular.com\/index.php\/wp-json\/wp\/v2\/users\/99"}],"replies":[{"embeddable":true,"href":"https:\/\/diarioelpopular.com\/index.php\/wp-json\/wp\/v2\/comments?post=501020"}],"version-history":[{"count":1,"href":"https:\/\/diarioelpopular.com\/index.php\/wp-json\/wp\/v2\/posts\/501020\/revisions"}],"predecessor-version":[{"id":501022,"href":"https:\/\/diarioelpopular.com\/index.php\/wp-json\/wp\/v2\/posts\/501020\/revisions\/501022"}],"wp:featuredmedia":[{"embeddable":true,"href":"https:\/\/diarioelpopular.com\/index.php\/wp-json\/wp\/v2\/media\/501021"}],"wp:attachment":[{"href":"https:\/\/diarioelpopular.com\/index.php\/wp-json\/wp\/v2\/media?parent=501020"}],"wp:term":[{"taxonomy":"category","embeddable":true,"href":"https:\/\/diarioelpopular.com\/index.php\/wp-json\/wp\/v2\/categories?post=501020"},{"taxonomy":"post_tag","embeddable":true,"href":"https:\/\/diarioelpopular.com\/index.php\/wp-json\/wp\/v2\/tags?post=501020"}],"curies":[{"name":"wp","href":"https:\/\/api.w.org\/{rel}","templated":true}]}}