{"id":501027,"date":"2022-01-16T11:46:54","date_gmt":"2022-01-16T15:46:54","guid":{"rendered":"https:\/\/diarioelpopular.com\/?p=501027"},"modified":"2022-01-16T11:46:54","modified_gmt":"2022-01-16T15:46:54","slug":"es-probable-que-la-vacuna-covid-especifica-de-omicron-no-este-lista-para-abordar-el-ultimo-aumento","status":"publish","type":"post","link":"https:\/\/diarioelpopular.com\/index.php\/2022\/01\/16\/es-probable-que-la-vacuna-covid-especifica-de-omicron-no-este-lista-para-abordar-el-ultimo-aumento\/","title":{"rendered":"Es probable que la vacuna COVID espec\u00edfica de Omicron no est\u00e9 lista para abordar el \u00faltimo aumento"},"content":{"rendered":"<p>&nbsp;<\/p>\n<p><img loading=\"lazy\" decoding=\"async\" class=\"alignnone size-custom-full-size wp-image-501028\" src=\"https:\/\/diarioelpopular.com\/wp-content\/uploads\/2022\/01\/1.5.06-AM-636x293.jpg\" alt=\"\" width=\"636\" height=\"293\" srcset=\"https:\/\/diarioelpopular.com\/wp-content\/uploads\/2022\/01\/1.5.06-AM-636x293.jpg 636w, https:\/\/diarioelpopular.com\/wp-content\/uploads\/2022\/01\/1.5.06-AM-300x138.jpg 300w, https:\/\/diarioelpopular.com\/wp-content\/uploads\/2022\/01\/1.5.06-AM-768x354.jpg 768w, https:\/\/diarioelpopular.com\/wp-content\/uploads\/2022\/01\/1.5.06-AM-146x67.jpg 146w, https:\/\/diarioelpopular.com\/wp-content\/uploads\/2022\/01\/1.5.06-AM.jpg 800w\" sizes=\"auto, (max-width: 636px) 100vw, 636px\" \/><\/p>\n<h4><em><strong>&#8211; El principal asesor m\u00e9dico de Health Canada dice que las vacunas espec\u00edficas de variante pueden aprobarse m\u00e1s r\u00e1pido que las generales emitidas por primera vez para combatir el COVID-19, pero es probable que una dirigida a la cepa Omicron a\u00fan no est\u00e9 lista a tiempo para ayudar con la \u00faltima ola.<\/strong><\/em><\/h4>\n<p><em><strong>OTTAWA.-<\/strong> <\/em>El Dr. Supriya Sharma dijo que lo que realmente se necesita son vacunas que posiblemente puedan detener m\u00e1s de una variante a la vez, incluidas las que est\u00e1n por venir.<\/p>\n<p>Omicron se convirti\u00f3 en la variante dominante en Canad\u00e1 en poco m\u00e1s de dos semanas, y la Agencia de Salud P\u00fablica de Canad\u00e1 dijo que ahora se cree que es responsable de m\u00e1s del 90 por ciento de todos los casos de COVID-19.<\/p>\n<p>Los estudios sugieren que dos dosis de las vacunas de ARNm existentes de Pfizer-BioNTech y Moderna no son buenas para prevenir la infecci\u00f3n de Omicron.<\/p>\n<p>Sin embargo, m\u00faltiples estudios sugieren que las vacunas son excelentes para mantener los s\u00edntomas leves, prevenir hospitalizaciones y acortar la estad\u00eda y reducir el nivel de atenci\u00f3n para quienes ingresan en el hospital. Menos pacientes vacunados con Omicron, por ejemplo, necesitan ventilaci\u00f3n mec\u00e1nica.<\/p>\n<p>Tanto Pfizer como Moderna est\u00e1n trabajando en nuevas versiones de sus vacunas dirigidas espec\u00edficamente a la variante Omicron.<\/p>\n<p>Moderna espera poder probar su producto a principios de este a\u00f1o. Pfizer dijo que podr\u00eda tener 100 millones de dosis listas para marzo, y Canad\u00e1 tiene contratos para refuerzos de ambas compa\u00f1\u00edas que tambi\u00e9n incluir\u00edan vacunas para variantes.<\/p>\n<p>Pero Sharma dijo que incluso con el proceso de revisi\u00f3n acelerado de las variantes de vacunas, &#8220;probablemente no&#8221; sea lo suficientemente r\u00e1pido.<\/p>\n<p>&#8220;Para ese momento, seg\u00fan lo que sabemos sobre la ola Omicron, es posible que haya terminado&#8221;, dijo. &#8220;Y luego la pregunta siempre es, &#8216;\u00bfhay otra variante que est\u00e1 surgiendo?&#8221;&#8216;<\/p>\n<p>La soluci\u00f3n, dijo, probablemente radica en las vacunas que pueden atacar m\u00e1s de una variante a la vez.<\/p>\n<p>El comit\u00e9 t\u00e9cnico de la vacuna COVID-19 de la Organizaci\u00f3n Mundial de la Salud dijo lo mismo el 11 de enero, y se\u00f1al\u00f3 que Omicron es la quinta variante de preocupaci\u00f3n en dos a\u00f1os y &#8220;es poco probable que sea la \u00faltima&#8221;.<\/p>\n<p>Las inyecciones de refuerzo que aumentan el desarrollo de anticuerpos se convirtieron en la respuesta inmediata a Omicron para muchos gobiernos, incluido Canad\u00e1.<\/p>\n<p>El Dr. Srinivas Murthy, pediatra de Columbia Brit\u00e1nica y copresidente del comit\u00e9 de investigaci\u00f3n cl\u00ednica de la OMS sobre COVID-19, dijo a The Canadian Press que los refuerzos no son una opci\u00f3n viable a largo plazo.<\/p>\n<p>\u201cImpulsar su salida de una pandemia inevitablemente lo disparar\u00e1 en el pie en el sentido de que tendr\u00e1 una variante futura que surgir\u00e1 y causar\u00e1 problemas\u201d, dijo. \u201cVa a evadir sus vacunas, y luego tendr\u00e1 que luchar\u201d.<\/p>\n<p>Omicron no elude las vacunas existentes por completo, pero una variante futura podr\u00eda hacerlo, dijo. El problema se debe en gran parte al hecho de que las vacunas originales entrenan al sistema inmunitario del cuerpo para que reconozca lo que se llama la prote\u00edna espiga que se encuentra en la superficie de un virus, y esa prote\u00edna espiga est\u00e1 mutando significativamente.<\/p>\n<p>Piense en la prote\u00edna espiga mutada como un disfraz que dificulta que el sistema inmunitario reconozca el virus y monte una defensa para eliminarlo.<\/p>\n<p>Omicron tiene m\u00e1s de 50 mutaciones, y al menos 36 est\u00e1n en la prote\u00edna espiga.<\/p>\n<p>Las vacunas multivalentes que usan la prote\u00edna espiga de m\u00e1s de una variante, o que se dirigen a los componentes gen\u00e9ticos de un virus en lugar de la prote\u00edna espiga, son posiblemente las que podr\u00edan ofrecer protecci\u00f3n tanto para esta pandemia como para el pr\u00f3ximo nuevo coronavirus que surja.<\/p>\n<p>\u201cEs pan-coronavirus, donde est\u00e1 buscando respuestas neutralizadoras grandes y amplias y no tiene que actualizarlo cada temporada y as\u00ed sucesivamente\u201d, dijo Murthy. \u201cEse ha sido el Santo Grial de la vacunaci\u00f3n contra la gripe durante las \u00faltimas d\u00e9cadas. Todav\u00eda no lo hemos logrado, porque la gripe es un poco complicada, pero creemos que se puede lograr espec\u00edficamente para el coronavirus\u201d.<\/p>\n<p>El Ej\u00e9rcito de los Estados Unidos tiene una versi\u00f3n que se dirige a los ensayos de Fase 2 que puede unir m\u00faltiples prote\u00ednas de punta. Una vacuna con las prote\u00ednas de punta espec\u00edficas de las cinco variantes de COVID-19 en cuesti\u00f3n probablemente tendr\u00eda m\u00e1s \u00e9xito, incluso contra variantes futuras, porque todas comparten algunas de las mismas mutaciones y lo que uno podr\u00eda pasar por alto, otro podr\u00eda atraparlo.<\/p>\n<p>Moderna est\u00e1 trabajando en ensayos de vacunas multivalentes utilizando combinaciones de las prote\u00ednas de punta del virus original y una de las variantes, o dos de las variantes juntas. No est\u00e1 claro cu\u00e1ndo estar\u00edan listos para su uso.<\/p>\n<p>Sharma dijo que incluso si las vacunas no funcionan tan bien contra las variantes como lo fueron contra el virus original, para ella \u201csiguen siendo milagrosas\u201d.<\/p>\n<p>\u201c\u00bfTener una vacuna que se desarroll\u00f3 tan r\u00e1pido, que todav\u00eda tiene, a trav\u00e9s de m\u00faltiples variantes? con refuerzos, hasta un 70, 80 por ciento de efectividad contra enfermedades graves, dolencias, hospitalizaci\u00f3n y muerte\u201d, dijo. \u201cEso es milagroso para una nueva vacuna para un nuevo virus\u201d.<\/p>\n<p>&nbsp;<\/p>\n<p><em><strong>Los beb\u00e9s tienen m\u00e1s probabilidades de ser hospitalizados por Omicron: est\u00e9 atento a estos s\u00edntomas<\/strong><\/em><\/p>\n<p><img loading=\"lazy\" decoding=\"async\" class=\"alignnone size-custom-full-size wp-image-501029\" src=\"https:\/\/diarioelpopular.com\/wp-content\/uploads\/2022\/01\/1.1399544-636x424.jpg\" alt=\"\" width=\"636\" height=\"424\" srcset=\"https:\/\/diarioelpopular.com\/wp-content\/uploads\/2022\/01\/1.1399544-636x424.jpg 636w, https:\/\/diarioelpopular.com\/wp-content\/uploads\/2022\/01\/1.1399544-300x200.jpg 300w, https:\/\/diarioelpopular.com\/wp-content\/uploads\/2022\/01\/1.1399544-768x512.jpg 768w, https:\/\/diarioelpopular.com\/wp-content\/uploads\/2022\/01\/1.1399544-110x73.jpg 110w, https:\/\/diarioelpopular.com\/wp-content\/uploads\/2022\/01\/1.1399544.jpg 800w\" sizes=\"auto, (max-width: 636px) 100vw, 636px\" \/><\/p>\n<p>Los hospitales pedi\u00e1tricos de todo Canad\u00e1 est\u00e1n lidiando con un n\u00famero r\u00e9cord de ni\u00f1os admitidos a ra\u00edz de la ola Omicron que arrasa el pa\u00eds.<\/p>\n<p>Seg\u00fan los expertos, los ni\u00f1os menores de cinco a\u00f1os tienen m\u00e1s probabilidades de ser hospitalizados en comparaci\u00f3n con otros grupos de edad, ya que a\u00fan no son elegibles para las vacunas y pueden experimentar s\u00edntomas diferentes a los que se encuentran en los adultos.<\/p>\n<p>Los casos de Omicron en beb\u00e9s menores de un a\u00f1o tienen casi siete veces m\u00e1s probabilidades de provocar hospitalizaciones, dijo el viernes la directora de salud p\u00fablica de Canad\u00e1, la Dra. Theresa Tam,<\/p>\n<p>Seg\u00fan Jesse Papenburg, especialista en enfermedades infecciosas pedi\u00e1tricas y microbi\u00f3logo m\u00e9dico en Qu\u00e9bec, ahora se est\u00e1n produciendo altos niveles de propagaci\u00f3n comunitaria y muchos de los ni\u00f1os que acuden a los hospitales para la detecci\u00f3n han contra\u00eddo COVID-19 de manera incidental.<\/p>\n<p>Las hospitalizaciones pueden haber aumentado entre los ni\u00f1os en comparaci\u00f3n con las oleadas anteriores, pero en este momento son bajas en general y representan menos del uno por ciento del total de casos notificados en ni\u00f1os menores de cinco a\u00f1os.<\/p>\n<p>Sin embargo, se espera que &#8220;los n\u00fameros reales [ser\u00e1n] m\u00e1s altos que en las oleadas anteriores&#8221;, dijo Tam.<br \/>\nIndependientemente del virus respiratorio que contraigan los beb\u00e9s, es probable que se vean m\u00e1s gravemente afectados que los adultos, dijo Tam.<\/p>\n<p><em><strong>\u00bfC\u00f3mo afecta Omicron a los beb\u00e9s?<\/strong><\/em><br \/>\nLos s\u00edntomas de COVID-19 pueden variar de persona a persona, dentro de diferentes grupos de edad y seg\u00fan la variante, pero Papenburg dice que, al igual que los adultos, los ni\u00f1os menores de cinco a\u00f1os pueden pasar de ser completamente asintom\u00e1ticos a tener s\u00edntomas leves.<\/p>\n<p>Algunos de los s\u00edntomas m\u00e1s comunes incluyen tos nueva o que empeora, dificultad para respirar, sensaci\u00f3n de fiebre y escalofr\u00edos.<\/p>\n<p>Papenburg explic\u00f3 que Omicron en ni\u00f1os muy peque\u00f1os llega a las v\u00edas respiratorias, mientras que en adultos se ven afectados los tejidos pulmonares m\u00e1s profundos.<\/p>\n<p>\u201cEspecialmente en los beb\u00e9s peque\u00f1os, si tienen muchas secreciones, esas secreciones pueden bloquear las v\u00edas respiratorias inferiores y causar lo que llamamos bronquiolitis. Y algunos ni\u00f1os contraen bronquiolitis debido a su infecci\u00f3n por COVID-19, especialmente los ni\u00f1os menores de un a\u00f1o\u201d, dijo Papenbrug.<\/p>\n<p>Seg\u00fan la Cl\u00ednica Mayo, la bronquiolitis es una infecci\u00f3n pulmonar com\u00fan en ni\u00f1os peque\u00f1os y beb\u00e9s. Provoca inflamaci\u00f3n y congesti\u00f3n en las v\u00edas respiratorias peque\u00f1as del pulm\u00f3n.<\/p>\n<p>La bronquiolitis comienza con s\u00edntomas similares a los del resfriado com\u00fan, pero luego progresa a tos, sibilancias y, a veces, dificultad para respirar.<\/p>\n<p>\u201cLas v\u00edas respiratorias peque\u00f1as en los pulmones son muy peque\u00f1as en los ni\u00f1os peque\u00f1os, por lo que no se necesita mucha mucosidad para bloquearlas. Y luego tienen dificultad para respirar y requieren asistencia, ya sea en t\u00e9rminos de oxigenoterapia o ventilaci\u00f3n mec\u00e1nica\u201d, dijo Papenburg.<\/p>\n<p>Dijo que el virus, que causa esta condici\u00f3n, el virus sincitial respiratorio, es la causa n\u00famero uno de ingreso a los hospitales para los beb\u00e9s. Es algo que COVID-19 puede desencadenar.<\/p>\n<p>A diferencia de los adultos, los beb\u00e9s y los ni\u00f1os pueden experimentar una complicaci\u00f3n poco frecuente de la infecci\u00f3n por COVID-19 identificada como un s\u00edndrome inflamatorio multisist\u00e9mico.<\/p>\n<p>Seg\u00fan los Centros para el Control y la Prevenci\u00f3n de Enfermedades, el s\u00edndrome es una afecci\u00f3n en la que diferentes partes del cuerpo pueden inflamarse, incluidos el coraz\u00f3n, los pulmones, los ri\u00f1ones, el cerebro, la piel, los ojos o los \u00f3rganos gastrointestinales.<\/p>\n<p>\u201cEs un fen\u00f3meno posinfeccioso que ocurre t\u00edpicamente entre dos y seis semanas despu\u00e9s de lo que generalmente se considera una infecci\u00f3n por COVID muy benigna\u201d, dijo Papenburg.<\/p>\n<p>\u201cEntonces, estos ni\u00f1os pueden enfermarse mucho, muy r\u00e1pido\u201d, agreg\u00f3.<\/p>\n<p>Dijo que, hasta el momento, no se han reportado muertes en pediatr\u00eda debido a esta condici\u00f3n, y agreg\u00f3 que los hospitales tienen medicamentos antiinflamatorios que funcionan muy bien para ayudar con este estado hiperinflamatorio.<\/p>\n<p><em><strong>\u00bfC\u00f3mo prevenir enfermedades graves en los beb\u00e9s?<\/strong><\/em><br \/>\nPara proteger a los ni\u00f1os menores de cinco a\u00f1os que no son elegibles para las vacunas, el Dr. Tam dijo que los adultos que los rodean deben mejorar su juego protegi\u00e9ndose mediante la vacunaci\u00f3n y el uso de mascarillas.<\/p>\n<p>Actualmente, Tam dijo que todav\u00eda hay millones de canadienses m\u00e1s que necesitan vacunas. Seg\u00fan datos oficiales, m\u00e1s de 6,7 millones de personas elegibles a\u00fan necesitan una primera o segunda dosis de su serie primaria.<\/p>\n<p>Tambi\u00e9n enfatiz\u00f3 la importancia de vacunarse durante el embarazo.<\/p>\n<p>\u201cLa investigaci\u00f3n muestra que la vacunaci\u00f3n durante el embarazo desencadena el desarrollo de anticuerpos protectores que tambi\u00e9n pueden transmitirse a ese beb\u00e9\u201d, dijo.<\/p>\n<p>Papenburg dijo que \u201clos padres deber\u00edan preocuparse\u201d porque puede haber resultados graves con respecto a la COVID-19 en los ni\u00f1os.<\/p>\n<p>\u201cPero, afortunadamente, estos resultados son mucho menos frecuentes de lo que vemos en una poblaci\u00f3n adulta\u201d, dijo. \u201cAunque hay una transmisi\u00f3n masiva en la comunidad, estamos viendo hospitalizaciones, pero menos hospitalizaciones de las que ver\u00edamos durante la temporada alta de virus respiratorios para ni\u00f1os\u201d.<\/p>\n<p>Papenburg tambi\u00e9n se\u00f1al\u00f3 que los especialistas en enfermedades infecciosas pedi\u00e1tricas como \u00e9l est\u00e1n viendo m\u00e1s hospitalizaciones debido a la influenza que a COVID-19 entre los ni\u00f1os.<\/p>\n","protected":false},"excerpt":{"rendered":"<p>&nbsp; &#8211; El principal asesor m\u00e9dico de Health Canada dice que las vacunas espec\u00edficas de variante pueden aprobarse m\u00e1s r\u00e1pido que las generales emitidas por&hellip;<\/p>\n","protected":false},"author":99,"featured_media":501028,"comment_status":"open","ping_status":"open","sticky":false,"template":"","format":"standard","meta":{"footnotes":""},"categories":[21,11191],"tags":[],"class_list":["post-501027","post","type-post","status-publish","format-standard","has-post-thumbnail","hentry","category-canada","category-top-news"],"_links":{"self":[{"href":"https:\/\/diarioelpopular.com\/index.php\/wp-json\/wp\/v2\/posts\/501027","targetHints":{"allow":["GET"]}}],"collection":[{"href":"https:\/\/diarioelpopular.com\/index.php\/wp-json\/wp\/v2\/posts"}],"about":[{"href":"https:\/\/diarioelpopular.com\/index.php\/wp-json\/wp\/v2\/types\/post"}],"author":[{"embeddable":true,"href":"https:\/\/diarioelpopular.com\/index.php\/wp-json\/wp\/v2\/users\/99"}],"replies":[{"embeddable":true,"href":"https:\/\/diarioelpopular.com\/index.php\/wp-json\/wp\/v2\/comments?post=501027"}],"version-history":[{"count":1,"href":"https:\/\/diarioelpopular.com\/index.php\/wp-json\/wp\/v2\/posts\/501027\/revisions"}],"predecessor-version":[{"id":501030,"href":"https:\/\/diarioelpopular.com\/index.php\/wp-json\/wp\/v2\/posts\/501027\/revisions\/501030"}],"wp:featuredmedia":[{"embeddable":true,"href":"https:\/\/diarioelpopular.com\/index.php\/wp-json\/wp\/v2\/media\/501028"}],"wp:attachment":[{"href":"https:\/\/diarioelpopular.com\/index.php\/wp-json\/wp\/v2\/media?parent=501027"}],"wp:term":[{"taxonomy":"category","embeddable":true,"href":"https:\/\/diarioelpopular.com\/index.php\/wp-json\/wp\/v2\/categories?post=501027"},{"taxonomy":"post_tag","embeddable":true,"href":"https:\/\/diarioelpopular.com\/index.php\/wp-json\/wp\/v2\/tags?post=501027"}],"curies":[{"name":"wp","href":"https:\/\/api.w.org\/{rel}","templated":true}]}}