{"id":501043,"date":"2022-01-16T12:05:16","date_gmt":"2022-01-16T16:05:16","guid":{"rendered":"https:\/\/diarioelpopular.com\/?p=501043"},"modified":"2022-01-16T12:05:16","modified_gmt":"2022-01-16T16:05:16","slug":"omicron-arrecia-chile-con-record-de-contagios","status":"publish","type":"post","link":"https:\/\/diarioelpopular.com\/index.php\/2022\/01\/16\/omicron-arrecia-chile-con-record-de-contagios\/","title":{"rendered":"Omicron arrecia, Chile con r\u00e9cord de contagios"},"content":{"rendered":"<div id=\"attachment_501044\" style=\"width: 646px\" class=\"wp-caption alignnone\"><img loading=\"lazy\" decoding=\"async\" aria-describedby=\"caption-attachment-501044\" class=\"size-custom-full-size wp-image-501044\" src=\"https:\/\/diarioelpopular.com\/wp-content\/uploads\/2022\/01\/1.9433-636x424.jpg\" alt=\"\" width=\"636\" height=\"424\" srcset=\"https:\/\/diarioelpopular.com\/wp-content\/uploads\/2022\/01\/1.9433-636x424.jpg 636w, https:\/\/diarioelpopular.com\/wp-content\/uploads\/2022\/01\/1.9433-300x200.jpg 300w, https:\/\/diarioelpopular.com\/wp-content\/uploads\/2022\/01\/1.9433-768x512.jpg 768w, https:\/\/diarioelpopular.com\/wp-content\/uploads\/2022\/01\/1.9433-110x73.jpg 110w, https:\/\/diarioelpopular.com\/wp-content\/uploads\/2022\/01\/1.9433.jpg 800w\" sizes=\"auto, (max-width: 636px) 100vw, 636px\" \/><p id=\"caption-attachment-501044\" class=\"wp-caption-text\"><em>Testeos en Santiago de Chile, Omicron dispara los contagios<\/em><\/p><\/div>\n<h4><em><strong>&#8211; Anot\u00f3 9.284 casos, superando pico del 9 de abril del a\u00f1o pasado<\/strong><\/em><\/h4>\n<p><em><strong>SANTIAGO DE CHILE, 16 ENE-<\/strong> <\/em>Chile anot\u00f3 un r\u00e9cord hist\u00f3rico de contagios por Covid-19 al reportar 9.284 nuevos casos en un solo d\u00eda, superando el pico del 9 de abril del a\u00f1o pasado cuando se registraron 9.171 pacientes con coronavirus.<br \/>\nPese a las preocupantes cifras, la ministra subrogante de Salud, Mar\u00eda Teresa Valenzuela, destac\u00f3 que &#8220;este r\u00e9cord no se refleja en el n\u00famero de fallecidos ni en la ocupaci\u00f3n de camas UCI, pero si no nos cuidamos nada nos asegura que no suceder\u00e1&#8221;.<br \/>\nLa positividad a nivel nacional se dispar\u00f3 a 9,08% producto de la realizaci\u00f3n de 94.825 ex\u00e1menes PCR y de ant\u00edgenos en la \u00faltima jornada, con m\u00e1s testeos desde que inici\u00f3 la pandemia.<br \/>\nLa Regi\u00f3n Metropolitana tuvo un 8,69% de positividad y las regiones de Tarapac\u00e1, Magallanes, Arica, y Antofagasta, siguen con las m\u00e1s altas tasas de positividad.<br \/>\nAunque hoy se super\u00f3 el r\u00e9cord que ostentaba el 9 de abril pasado, s\u00ed hay mejores n\u00fameros en otros \u00e1mbitos.<br \/>\nLa ministra (s) Valenzuela record\u00f3 que, en el mismo periodo del a\u00f1o anterior, se registraron 3.894 camas cr\u00edticas ocupadas y 2.651 pacientes conectados a ventilaci\u00f3n mec\u00e1nica, y este s\u00e1bado, hay 1.797 camas cr\u00edticas ocupadas y 352 pacientes conectados a ventilaci\u00f3n mec\u00e1nica, lo que significa siete veces menos ventilados de los que hab\u00eda anteriormente.<br \/>\n&#8220;Con este an\u00e1lisis quiero mostrar que el avance en la cobertura de vacunaci\u00f3n y la administraci\u00f3n de la dosis de refuerzo est\u00e1 demostrando que las vacunas son efectivas y disminuyen los riesgos de enfermar gravemente y fallecer por el virus&#8221;, dijo la epidemi\u00f3loga.<br \/>\nSin embargo, recalc\u00f3, &#8220;nuestras conductas de autocuidado se est\u00e1n relajando y ahora m\u00e1s que nunca hay que mantener las medidas preventivas, ya que los casos aumentan r\u00e1pidamente y estamos en presencia de la variante Omicron&#8221;.<br \/>\nLos fallecidos por causas asociadas al coronavirus fueron de 21 personas. El 9 de abril pasado alcanzaron a la cifra de 129 y en las semanas siguientes incluso llegaron a 200 decesos.<br \/>\nLas personas vacunadas con esquema completo son 16.739.723, lo que representa el 88,2% de la poblaci\u00f3n objetivo, mientras con dosis de refuerzo est\u00e1 cubierta el 62,8% (11.909.431) y con cuarta dosis (o segunda dosis de refuerzo, que se inici\u00f3 este lunes), el 0,1%, es decir, 18.038 pacientes con enfermedades inmunodepresoras. El 3 de febrero se inicia la vacunaci\u00f3n masiva. El objetivo de personas a vacunar es de 18.972.800.<br \/>\nEn medio de esta nuevo r\u00e9cord en la crisis sanitaria, el Consejo Asesor del Ministerio de Salud recomend\u00f3 reducir aforos en recintos privados, el teletrabajo &#8220;a la mayor brevedad&#8221;, junto a la posibilidad de rebajar a 7 d\u00edas el periodo de aislamiento para casos leves.<br \/>\n&#8220;En este escenario, el impacto social secundario a la ocurrencia de miles de casos diarios ha sido enorme, amenazando la capacidad de los pa\u00edses para mantener el funcionamiento b\u00e1sico de la sociedad y oblig\u00e1ndolos a revisar sus pol\u00edticas de aislamiento y cuarentenas&#8221;, sostuvo el informe consignado por el diario La Tercera.<br \/>\nPidieron &#8220;reducir los aforos en sitios de reuni\u00f3n cerrados (restaurantes, fiestas, discotecas, sitios de culto, gimnasios, etc) en todo el pa\u00eds y de una vez. No hacerlo comuna a comuna&#8221;.<br \/>\nTambi\u00e9n concordaron que hay que &#8220;pasar a la modalidad de teletrabajo todo lo posible en todos los \u00e1mbitos a la brevedad pues reducir el n\u00famero de personas que se desplazan y que se juntan debe disminuir la transmisi\u00f3n&#8221;.<br \/>\nAdem\u00e1s, evitar aglomeraciones y favorecer actividades al aire libre, junto a impulsar la apertura de centros de autotest gratuitos &#8220;sin barreras burocr\u00e1ticas en los locales cercanos&#8221;.<br \/>\nAsimismo, plante\u00f3 &#8220;disminuir a 7 d\u00edas el aislamiento de casos leves en personas que cuenten con su pase de movilidad activo al momento del diagn\u00f3stico&#8221;.<br \/>\nA la autoridad solicitaron evitar el mensaje de que esta ola puede ser menos agresiva, ya que disminuir\u00eda la percepci\u00f3n del riesgo.<\/p>\n","protected":false},"excerpt":{"rendered":"<p>&#8211; Anot\u00f3 9.284 casos, superando pico del 9 de abril del a\u00f1o pasado SANTIAGO DE CHILE, 16 ENE- Chile anot\u00f3 un r\u00e9cord hist\u00f3rico de contagios&hellip;<\/p>\n","protected":false},"author":99,"featured_media":501044,"comment_status":"open","ping_status":"open","sticky":false,"template":"","format":"standard","meta":{"footnotes":""},"categories":[23],"tags":[],"class_list":["post-501043","post","type-post","status-publish","format-standard","has-post-thumbnail","hentry","category-latinoamerica"],"_links":{"self":[{"href":"https:\/\/diarioelpopular.com\/index.php\/wp-json\/wp\/v2\/posts\/501043","targetHints":{"allow":["GET"]}}],"collection":[{"href":"https:\/\/diarioelpopular.com\/index.php\/wp-json\/wp\/v2\/posts"}],"about":[{"href":"https:\/\/diarioelpopular.com\/index.php\/wp-json\/wp\/v2\/types\/post"}],"author":[{"embeddable":true,"href":"https:\/\/diarioelpopular.com\/index.php\/wp-json\/wp\/v2\/users\/99"}],"replies":[{"embeddable":true,"href":"https:\/\/diarioelpopular.com\/index.php\/wp-json\/wp\/v2\/comments?post=501043"}],"version-history":[{"count":1,"href":"https:\/\/diarioelpopular.com\/index.php\/wp-json\/wp\/v2\/posts\/501043\/revisions"}],"predecessor-version":[{"id":501045,"href":"https:\/\/diarioelpopular.com\/index.php\/wp-json\/wp\/v2\/posts\/501043\/revisions\/501045"}],"wp:featuredmedia":[{"embeddable":true,"href":"https:\/\/diarioelpopular.com\/index.php\/wp-json\/wp\/v2\/media\/501044"}],"wp:attachment":[{"href":"https:\/\/diarioelpopular.com\/index.php\/wp-json\/wp\/v2\/media?parent=501043"}],"wp:term":[{"taxonomy":"category","embeddable":true,"href":"https:\/\/diarioelpopular.com\/index.php\/wp-json\/wp\/v2\/categories?post=501043"},{"taxonomy":"post_tag","embeddable":true,"href":"https:\/\/diarioelpopular.com\/index.php\/wp-json\/wp\/v2\/tags?post=501043"}],"curies":[{"name":"wp","href":"https:\/\/api.w.org\/{rel}","templated":true}]}}