{"id":501047,"date":"2022-01-16T13:19:05","date_gmt":"2022-01-16T17:19:05","guid":{"rendered":"https:\/\/diarioelpopular.com\/?p=501047"},"modified":"2022-01-17T12:27:52","modified_gmt":"2022-01-17T16:27:52","slug":"cual-es-el-pais-menos-democratico-de-america-latina-este-estudio-le-dio-el-peor-puntaje-read-more-at-https-www-elnuevoherald-com-article257366397-html-storylink-cpy","status":"publish","type":"post","link":"https:\/\/diarioelpopular.com\/index.php\/2022\/01\/16\/cual-es-el-pais-menos-democratico-de-america-latina-este-estudio-le-dio-el-peor-puntaje-read-more-at-https-www-elnuevoherald-com-article257366397-html-storylink-cpy\/","title":{"rendered":"\u00bfCu\u00e1l es el pa\u00eds menos democr\u00e1tico de Am\u00e9rica Latina? Este estudio le dio el peor puntaje"},"content":{"rendered":"<h4><img loading=\"lazy\" decoding=\"async\" class=\"alignnone size-custom-full-size wp-image-501048\" src=\"https:\/\/diarioelpopular.com\/wp-content\/uploads\/2022\/01\/Screen-Shot-2022-01-16-at-12.15.37-PM-636x337.png\" alt=\"\" width=\"636\" height=\"337\" srcset=\"https:\/\/diarioelpopular.com\/wp-content\/uploads\/2022\/01\/Screen-Shot-2022-01-16-at-12.15.37-PM-636x337.png 636w, https:\/\/diarioelpopular.com\/wp-content\/uploads\/2022\/01\/Screen-Shot-2022-01-16-at-12.15.37-PM-300x159.png 300w, https:\/\/diarioelpopular.com\/wp-content\/uploads\/2022\/01\/Screen-Shot-2022-01-16-at-12.15.37-PM-768x407.png 768w, https:\/\/diarioelpopular.com\/wp-content\/uploads\/2022\/01\/Screen-Shot-2022-01-16-at-12.15.37-PM-1990x1054.png 1990w, https:\/\/diarioelpopular.com\/wp-content\/uploads\/2022\/01\/Screen-Shot-2022-01-16-at-12.15.37-PM-1200x636.png 1200w, https:\/\/diarioelpopular.com\/wp-content\/uploads\/2022\/01\/Screen-Shot-2022-01-16-at-12.15.37-PM-138x73.png 138w, https:\/\/diarioelpopular.com\/wp-content\/uploads\/2022\/01\/Screen-Shot-2022-01-16-at-12.15.37-PM.png 1024w\" sizes=\"auto, (max-width: 636px) 100vw, 636px\" \/><\/h4>\n<h4><em><strong>&#8211; Cuba fue catalogado como el pa\u00eds menos democr\u00e1tico de Am\u00e9rica Latina, seg\u00fan un estudio del Centro de Estudios Internacionales de la Pontificia Universidad Cat\u00f3lica de Chile (CEIUC). <\/strong><\/em><\/h4>\n<p>&nbsp;<\/p>\n<p>Entre los 23 pa\u00edses que el estudio analiz\u00f3, Cuba obtuvo el peor puntaje por su pobre desempe\u00f1o democr\u00e1tico con un 2.84%. En la misma categor\u00eda, le sigui\u00f3 Hait\u00ed en el segundo puesto al obtener 4.22%. Nicaragua y Venezuela, ocuparon el puesto 11 y 15 respectivamente. El \u00cdndice de Riesgo Pol\u00edtico analizo aspectos como los problemas gubernamentales, debilidades institucionales, corrupci\u00f3n y rivalidades entre Estados Unidos y China que afectan a los pa\u00edses latinoamericanos.<\/p>\n<p>Esta segunda edici\u00f3n del an\u00e1lisis tom\u00f3 en cuenta el contexto de la pandemia y el impacto que esta ha tenido sobre las democracias latinoamericanas. \u201cUn gran n\u00famero de gobiernos aprovecharon las restricciones sanitarias para debilitar el estado de derecho, las libertades y los controles institucionales\u201d, reza el estudio, al explicar que, aunque el n\u00famero de democracias se ha mantenido, la pandemia ha dado paso a que los \u201creg\u00edmenes h\u00edbridos se autocraticen y las dictaduras se consoliden\u201d.<\/p>\n<p>El \u00edndice de democracia del The Economist Intelligence Unit 2020 en Am\u00e9rica Latina, se\u00f1ala a Cuba, Venezuela y Nicaragua como tres dictaduras consolidadas. Por otro lado, se califica a Honduras, El Salvador, Bolivia y Guatemala como reg\u00edmenes h\u00edbridos. Entre algunos de los 10 riesgos m\u00e1s preocupantes para la regi\u00f3n que la investigaci\u00f3n de la CEIUC analiz\u00f3 se encuentra la incapacidad del estado de dar respuesta a demandas sociales, la nueva ola de protestas en la regi\u00f3n, el aumento de la corrupci\u00f3n, la crisis migratoria, la utilizaci\u00f3n de las fuerzas armadas, entre otros.<\/p>\n<p>\u201cActualmente, la tendencia mundial es de creciente deterioro y retroceso democr\u00e1tico, y la regi\u00f3n [latinoamericana] no es la excepci\u00f3n\u201d, se\u00f1ala el estudio donde se encuestaron a 4,000 personas y 120 expertos en relaciones internacionales. En el 2020, The Economist calific\u00f3 a Cuba como un r\u00e9gimen autoritario con el segundo peor \u00edndice de democracia en Am\u00e9rica Latina. Ese a\u00f1o, Venezuela fue clasificado como el pa\u00eds latinoamericano menos democr\u00e1tico.<\/p>\n","protected":false},"excerpt":{"rendered":"<p>&#8211; Cuba fue catalogado como el pa\u00eds menos democr\u00e1tico de Am\u00e9rica Latina, seg\u00fan un estudio del Centro de Estudios Internacionales de la Pontificia Universidad Cat\u00f3lica&hellip;<\/p>\n","protected":false},"author":99,"featured_media":501048,"comment_status":"open","ping_status":"open","sticky":false,"template":"","format":"standard","meta":{"footnotes":""},"categories":[23],"tags":[],"class_list":["post-501047","post","type-post","status-publish","format-standard","has-post-thumbnail","hentry","category-latinoamerica"],"_links":{"self":[{"href":"https:\/\/diarioelpopular.com\/index.php\/wp-json\/wp\/v2\/posts\/501047","targetHints":{"allow":["GET"]}}],"collection":[{"href":"https:\/\/diarioelpopular.com\/index.php\/wp-json\/wp\/v2\/posts"}],"about":[{"href":"https:\/\/diarioelpopular.com\/index.php\/wp-json\/wp\/v2\/types\/post"}],"author":[{"embeddable":true,"href":"https:\/\/diarioelpopular.com\/index.php\/wp-json\/wp\/v2\/users\/99"}],"replies":[{"embeddable":true,"href":"https:\/\/diarioelpopular.com\/index.php\/wp-json\/wp\/v2\/comments?post=501047"}],"version-history":[{"count":2,"href":"https:\/\/diarioelpopular.com\/index.php\/wp-json\/wp\/v2\/posts\/501047\/revisions"}],"predecessor-version":[{"id":501076,"href":"https:\/\/diarioelpopular.com\/index.php\/wp-json\/wp\/v2\/posts\/501047\/revisions\/501076"}],"wp:featuredmedia":[{"embeddable":true,"href":"https:\/\/diarioelpopular.com\/index.php\/wp-json\/wp\/v2\/media\/501048"}],"wp:attachment":[{"href":"https:\/\/diarioelpopular.com\/index.php\/wp-json\/wp\/v2\/media?parent=501047"}],"wp:term":[{"taxonomy":"category","embeddable":true,"href":"https:\/\/diarioelpopular.com\/index.php\/wp-json\/wp\/v2\/categories?post=501047"},{"taxonomy":"post_tag","embeddable":true,"href":"https:\/\/diarioelpopular.com\/index.php\/wp-json\/wp\/v2\/tags?post=501047"}],"curies":[{"name":"wp","href":"https:\/\/api.w.org\/{rel}","templated":true}]}}