{"id":501080,"date":"2022-01-18T10:26:45","date_gmt":"2022-01-18T14:26:45","guid":{"rendered":"https:\/\/diarioelpopular.com\/?p=501080"},"modified":"2022-01-18T10:26:45","modified_gmt":"2022-01-18T14:26:45","slug":"la-gran-mayoria-de-los-canadienses-estan-alarmados-por-la-tension-de-covid-19-en-el-sistema-de-salud-encuesta","status":"publish","type":"post","link":"https:\/\/diarioelpopular.com\/index.php\/2022\/01\/18\/la-gran-mayoria-de-los-canadienses-estan-alarmados-por-la-tension-de-covid-19-en-el-sistema-de-salud-encuesta\/","title":{"rendered":"La gran mayor\u00eda de los canadienses est\u00e1n alarmados por la tensi\u00f3n de COVID-19 en el sistema de salud: encuesta"},"content":{"rendered":"<p><img loading=\"lazy\" decoding=\"async\" class=\"alignnone size-custom-full-size wp-image-501081\" src=\"https:\/\/diarioelpopular.com\/wp-content\/uploads\/2022\/01\/1.30259-636x358.jpg\" alt=\"\" width=\"636\" height=\"358\" srcset=\"https:\/\/diarioelpopular.com\/wp-content\/uploads\/2022\/01\/1.30259-636x358.jpg 636w, https:\/\/diarioelpopular.com\/wp-content\/uploads\/2022\/01\/1.30259-300x169.jpg 300w, https:\/\/diarioelpopular.com\/wp-content\/uploads\/2022\/01\/1.30259-768x432.jpg 768w, https:\/\/diarioelpopular.com\/wp-content\/uploads\/2022\/01\/1.30259-130x73.jpg 130w, https:\/\/diarioelpopular.com\/wp-content\/uploads\/2022\/01\/1.30259.jpg 800w\" sizes=\"auto, (max-width: 636px) 100vw, 636px\" \/><\/p>\n<h4><em><strong>&#8211; Casi la mitad de los canadienses est\u00e1n preocupados por no poder recibir la atenci\u00f3n adecuada si se enferman debido a la tensi\u00f3n que la variante Omicron COVID-19 est\u00e1 teniendo en el sistema de salud, seg\u00fan una nueva encuesta.<\/strong><\/em><\/h4>\n<h4><em><strong>&#8211; La p\u00edldora Paxlovid de Pfizer no es un reemplazo para la vacuna COVID-19<\/strong><\/em><\/h4>\n<p>&nbsp;<\/p>\n<p><em><strong>OTTAWA.-<\/strong><\/em> La nueva encuesta de Maru Public Opinion encontr\u00f3 que la gran mayor\u00eda, m\u00e1s del 80 por ciento, de los encuestados est\u00e1n alarmados por el impacto del virus Omicron en su sistema de salud y hospitales locales.<\/p>\n<p>La mayor\u00eda de los canadienses estaban al tanto de la escasez de personal en los hospitales locales causada por el virus, ya que muchos se enfrentan a ausencias no planificadas.<\/p>\n<p>Ontario ha intentado aliviar algunas de las ausencias acortando el per\u00edodo de cuarentena a cinco d\u00edas y permitiendo que trabajen los trabajadores de la salud con cr\u00e9ditos internacionales.<\/p>\n<p>Casi el 40 por ciento de los encuestados conoc\u00eda a alguien a quien se le pospuso el tratamiento por problemas m\u00e9dicos graves, mientras que el 33 por ciento conoc\u00eda a alguien que no pudo recibir tratamiento en absoluto.<\/p>\n<p>El gobierno de Ontario emiti\u00f3 una directiva a principios de este mes que suspende todas las cirug\u00edas y procedimientos que no sean de emergencia, lo que se suma a la enorme acumulaci\u00f3n de cirug\u00edas en la provincia. Se espera que la pausa agregue entre 8000 y 10 000 cirug\u00edas por semana mientras est\u00e9 vigente.<\/p>\n<p>Cuatro de cada diez canadienses tambi\u00e9n indicaron que no conf\u00edan en que, si necesitan atenci\u00f3n m\u00e9dica en su hospital local en este momento, podr\u00edan ser admitidos por unos d\u00edas de tratamiento.<\/p>\n<p>El miedo al COVID-19 tambi\u00e9n ha llevado a que muchos no busquen tratamiento cuando lo necesitan. Seg\u00fan la encuesta, una de cada cuatro personas ha evitado deliberadamente ir al consultorio de su m\u00e9dico en los \u00faltimos tres meses porque le preocupaba contraer COVID.<\/p>\n<p>Otro 17 por ciento inform\u00f3 que tiene una condici\u00f3n m\u00e9dica que ha empeorado en los \u00faltimos tres meses porque no ha podido ir a ver a un profesional de la salud debido al COVID-19.<\/p>\n<p>La encuesta se realiz\u00f3 el 7 de enero con 1513 adultos canadienses seleccionados al azar que son panelistas en l\u00ednea de Maru Voice Canada y tiene un margen de error de +\/- 2,5 por ciento, 19 veces de 20.<\/p>\n<p>&nbsp;<\/p>\n<h4><em><strong>&#8211; La p\u00edldora Paxlovid de Pfizer no es un reemplazo para la vacuna COVID-19<\/strong><\/em><\/h4>\n<p><em><strong>OTTAWA.-<\/strong><\/em> Existe la esperanza de que la aprobaci\u00f3n de Health Canada del tratamiento antiviral COVID-19 de Pfizer ayude a aliviar la presi\u00f3n sobre el sistema de atenci\u00f3n m\u00e9dica del pa\u00eds, ya que las hospitalizaciones contin\u00faan su aumento constante.<\/p>\n<p>La p\u00edldora usa una combinaci\u00f3n de dos medicamentos antivirales para evitar que el virus que causa el COVID-19 se reproduzca una vez que ha infectado a un paciente, pero los funcionarios de salud enfatizan que no es un reemplazo de las vacunas.<\/p>\n<p>\u201cVacunarse sigue siendo la mejor prevenci\u00f3n en t\u00e9rminos de la enfermedad de COVID, especialmente la enfermedad grave, la hospitalizaci\u00f3n o la muerte\u201d, dijo la Dra. Supriya Sharma, asesora m\u00e9dica en jefe de Health Canada.<\/p>\n<p>\u201cPero en realidad, hay algunos grupos que potencialmente no tienen esa respuesta inmunitaria porque no est\u00e1n vacunados, no est\u00e1n vacunados o tienen un problema inmunitario o tienen otros factores de riesgo. As\u00ed que este es realmente un medicamento en esa \u00e1rea para tratar de prevenir la hospitalizaci\u00f3n y la muerte\u201d.<\/p>\n<p>Los ensayos cl\u00ednicos mostraron que el tratamiento con Paxlovid redujo el riesgo de hospitalizaci\u00f3n y muerte causada por COVID-19 en un 89 % cuando los medicamentos se iniciaron dentro de los tres d\u00edas posteriores al comienzo de los s\u00edntomas, y en un 85 % cuando se iniciaron dentro de los cinco d\u00edas.<\/p>\n<p>La Dra. Theresa Tam, directora m\u00e9dica de Canad\u00e1, se\u00f1al\u00f3 que el suministro de Paxlovid ser\u00e1 un problema temprano, lo que significa que es poco probable que el tratamiento tenga un gran impacto en la ola actual de Omicron.<\/p>\n<p>El ministro federal de Salud, Jean-Yves Duclos, dijo que Canad\u00e1 ya recibi\u00f3 su primer env\u00edo de 30.000 ciclos de tratamiento del f\u00e1rmaco de Pfizer, y se esperan otros 120.000 hasta marzo.<\/p>\n<p>La distribuci\u00f3n a las provincias y territorios comenzar\u00e1 de inmediato, y se dar\u00e1 prioridad a los pacientes con inmunodepresi\u00f3n de moderada a grave y que no tengan suficiente protecci\u00f3n contra el COVID-19 con las vacunas.<\/p>\n<p>Eso incluye a las personas mayores de 80 a\u00f1os cuyas vacunas no est\u00e1n al d\u00eda, y las personas mayores de 60 a\u00f1os que viven en comunidades rurales o desatendidas, incluidas las personas de las Primeras Naciones, Inuit y Metis cuyas vacunas no est\u00e1n al d\u00eda.<\/p>\n","protected":false},"excerpt":{"rendered":"<p>&#8211; Casi la mitad de los canadienses est\u00e1n preocupados por no poder recibir la atenci\u00f3n adecuada si se enferman debido a la tensi\u00f3n que la&hellip;<\/p>\n","protected":false},"author":99,"featured_media":501081,"comment_status":"open","ping_status":"open","sticky":false,"template":"","format":"standard","meta":{"footnotes":""},"categories":[21,11191],"tags":[],"class_list":["post-501080","post","type-post","status-publish","format-standard","has-post-thumbnail","hentry","category-canada","category-top-news"],"_links":{"self":[{"href":"https:\/\/diarioelpopular.com\/index.php\/wp-json\/wp\/v2\/posts\/501080","targetHints":{"allow":["GET"]}}],"collection":[{"href":"https:\/\/diarioelpopular.com\/index.php\/wp-json\/wp\/v2\/posts"}],"about":[{"href":"https:\/\/diarioelpopular.com\/index.php\/wp-json\/wp\/v2\/types\/post"}],"author":[{"embeddable":true,"href":"https:\/\/diarioelpopular.com\/index.php\/wp-json\/wp\/v2\/users\/99"}],"replies":[{"embeddable":true,"href":"https:\/\/diarioelpopular.com\/index.php\/wp-json\/wp\/v2\/comments?post=501080"}],"version-history":[{"count":1,"href":"https:\/\/diarioelpopular.com\/index.php\/wp-json\/wp\/v2\/posts\/501080\/revisions"}],"predecessor-version":[{"id":501082,"href":"https:\/\/diarioelpopular.com\/index.php\/wp-json\/wp\/v2\/posts\/501080\/revisions\/501082"}],"wp:featuredmedia":[{"embeddable":true,"href":"https:\/\/diarioelpopular.com\/index.php\/wp-json\/wp\/v2\/media\/501081"}],"wp:attachment":[{"href":"https:\/\/diarioelpopular.com\/index.php\/wp-json\/wp\/v2\/media?parent=501080"}],"wp:term":[{"taxonomy":"category","embeddable":true,"href":"https:\/\/diarioelpopular.com\/index.php\/wp-json\/wp\/v2\/categories?post=501080"},{"taxonomy":"post_tag","embeddable":true,"href":"https:\/\/diarioelpopular.com\/index.php\/wp-json\/wp\/v2\/tags?post=501080"}],"curies":[{"name":"wp","href":"https:\/\/api.w.org\/{rel}","templated":true}]}}