{"id":501115,"date":"2022-01-20T10:35:28","date_gmt":"2022-01-20T14:35:28","guid":{"rendered":"https:\/\/diarioelpopular.com\/?p=501115"},"modified":"2022-01-20T10:35:28","modified_gmt":"2022-01-20T14:35:28","slug":"plan-para-reducir-el-metano-en-america","status":"publish","type":"post","link":"https:\/\/diarioelpopular.com\/index.php\/2022\/01\/20\/plan-para-reducir-el-metano-en-america\/","title":{"rendered":"Plan para reducir el metano en Am\u00e9rica"},"content":{"rendered":"<div id=\"attachment_501116\" style=\"width: 646px\" class=\"wp-caption alignnone\"><img loading=\"lazy\" decoding=\"async\" aria-describedby=\"caption-attachment-501116\" class=\"size-custom-full-size wp-image-501116\" src=\"https:\/\/diarioelpopular.com\/wp-content\/uploads\/2022\/01\/1.414607-636x424.jpg\" alt=\"\" width=\"636\" height=\"424\" srcset=\"https:\/\/diarioelpopular.com\/wp-content\/uploads\/2022\/01\/1.414607-636x424.jpg 636w, https:\/\/diarioelpopular.com\/wp-content\/uploads\/2022\/01\/1.414607-300x200.jpg 300w, https:\/\/diarioelpopular.com\/wp-content\/uploads\/2022\/01\/1.414607-768x512.jpg 768w, https:\/\/diarioelpopular.com\/wp-content\/uploads\/2022\/01\/1.414607-110x73.jpg 110w, https:\/\/diarioelpopular.com\/wp-content\/uploads\/2022\/01\/1.414607.jpg 800w\" sizes=\"auto, (max-width: 636px) 100vw, 636px\" \/><p id=\"caption-attachment-501116\" class=\"wp-caption-text\"><em>Reducir el metano en la producci\u00f3n de la ganader\u00eda de Am\u00e9rica. Un ambicioso plan (foto: Ansa)<\/em><\/p><\/div>\n<h4><em><strong>&#8211; Acuerdo entre un fondo ONU y el IICA, instituto regional de agro<\/strong><\/em><\/h4>\n<p><em><strong>SAN JOSE DE COSTA RICA 20 ENE &#8211;<\/strong> <\/em>El Fondo de Verde del Clima (GCF, iniciales en ingl\u00e9s) y el Instituto Interamericano de Cooperaci\u00f3n para la Agricultura (IICA) trabajar\u00e1n de modo conjunto y coordinado en un proyecto tendiente a reducir las emisiones de metano de la ganader\u00eda de todo Am\u00e9rica, financiado con unos 100 millones de d\u00f3lares.<br \/>\nEl metano es uno de los principales gases de efecto invernadero (GEI), junto el metano, el \u00f3xido nitroso y el ozono, entre otros El primer paso de la iniciativa, que contribuir\u00e1 al desarrollo de procesos productivos m\u00e1s eficientes y abrir\u00e1 la oportunidad tanto al sector p\u00fablico como al privado de presentar sus proyectos, ser\u00e1 la realizaci\u00f3n de estudios de factibilidad.<br \/>\nEstos se plasmar\u00e1n gracias a un aporte de 1,5 millones de d\u00f3lares que realizar\u00e1 el GCF, un fondo dentro de la Convenci\u00f3n Marco de las Naciones Unidas sobre el Cambio Clim\u00e1tico constituido como mecanismo para ayudar a pa\u00edses en desarrollo en pr\u00e1cticas de adaptaci\u00f3n al cambio clim\u00e1tico y mitigaci\u00f3n de sus efectos..<br \/>\nAs\u00ed lo anunci\u00f3 el Subdirector Ejecutivo del mayor fondo de financiamiento clim\u00e1tico del mundo, el espa\u00f1ol Javier Manzanares, durante la ceremonia de toma asunci\u00f3n del argentino Manuel Otero de su segundo mandato como director general del IICA, que lo publica en su portal web.<br \/>\nEl GCF acredit\u00f3 en julio pasado al IICA para implementar proyectos financiados por su cartera crediticia, lo que permite al organismo hemisf\u00e9rico acceder a recursos que apoyen iniciativas de adaptaci\u00f3n y resiliencia clim\u00e1tica de la agricultura y la ruralidad en los pa\u00edses de todo Am\u00e9rica.<br \/>\nDos meses m\u00e1s tarde, las dos instituciones firmaron un acuerdo para apoyar iniciativas de adaptaci\u00f3n y resiliencia clim\u00e1tica de la agricultura y la ruralidad en los pa\u00edses de las Am\u00e9ricas.<br \/>\nManzanares explic\u00f3 que la agricultura es un &#8220;sector cr\u00edtico&#8221; en la problem\u00e1tica del cambio clim\u00e1tico, ya que es causante de un 25% de los GEI y, por otro lado, sufre sus consecuencias en &#8220;forma de fen\u00f3menos meteorol\u00f3gicos extremos&#8221;.<br \/>\n&#8220;El IICA se ha convertido en un veh\u00edculo para atraer recursos del Fondo en materia de agricultura, bosques y otros usos de la tierra, ya que ha sido aprobada su acreditaci\u00f3n y se firm\u00f3 el documento legal para instrumentar este tipo de ayudas&#8221;, detall\u00f3 el funcionario del organismo internacional.<br \/>\nDurante la \u00faltima conferencia de Naciones Unidas sobre Cambio Clim\u00e1tico, la COP 26 de Glasgow, el GCF se adhiri\u00f3 a la declaraci\u00f3n que firmaron m\u00e1s de 100 pa\u00edses que se propone reducir en 30% las emisiones globales de metano hacia 2030.<br \/>\n&#8220;Si ese objetivo se consiguiese, el calentamiento global que est\u00e1 proyectado hoy se reducir\u00eda en 0,2 grados Celsius&#8221;, dijo Manzanares, quien consider\u00f3 que el IICA tiene las atribuciones necesarias para ser un facilitador de la relaci\u00f3n entre los ministros de Agricultura de las Am\u00e9ricas y el GCF.<br \/>\n&#8220;El IICA -a\u00f1adi\u00f3- tambi\u00e9n puede ser un socio relevante de los estados en los mercados de cr\u00e9ditos de carbono, tanto obligatorios como voluntarios. Existen decenas de proyectos de calidad en el sector de agricultura, bosques y otros bosques de la tierra&#8221;.<br \/>\nA su vez, Otero, director general del IICA, destac\u00f3 la importancia de la noticia en el camino hacia una mayor sostenibilidad de la producci\u00f3n agropecuaria en las Am\u00e9ricas.<br \/>\n&#8220;El IICA pondr\u00e1 lo mejor de sus cuadros t\u00e9cnicos y su capacidad de di\u00e1logo para avanzar en una transformaci\u00f3n, que solo puede ser sostenible, de los sistemas agroalimentarios de la regi\u00f3n&#8221;, enfatiz\u00f3 el argentino .<br \/>\n&#8220;Con este proyecto, buscamos aumentar la eficiencia de los sistemas productivos en la cadena ganadera, que ha recibido muchas cr\u00edticas y poca comprensi\u00f3n de los avances que se han realizado. Es un honor ser aliados del Fondo Verde del Clima&#8221;, complet\u00f3.<\/p>\n","protected":false},"excerpt":{"rendered":"<p>&#8211; Acuerdo entre un fondo ONU y el IICA, instituto regional de agro SAN JOSE DE COSTA RICA 20 ENE &#8211; El Fondo de Verde&hellip;<\/p>\n","protected":false},"author":99,"featured_media":501116,"comment_status":"open","ping_status":"open","sticky":false,"template":"","format":"standard","meta":{"footnotes":""},"categories":[23,11354],"tags":[],"class_list":["post-501115","post","type-post","status-publish","format-standard","has-post-thumbnail","hentry","category-latinoamerica","category-sucesos"],"_links":{"self":[{"href":"https:\/\/diarioelpopular.com\/index.php\/wp-json\/wp\/v2\/posts\/501115","targetHints":{"allow":["GET"]}}],"collection":[{"href":"https:\/\/diarioelpopular.com\/index.php\/wp-json\/wp\/v2\/posts"}],"about":[{"href":"https:\/\/diarioelpopular.com\/index.php\/wp-json\/wp\/v2\/types\/post"}],"author":[{"embeddable":true,"href":"https:\/\/diarioelpopular.com\/index.php\/wp-json\/wp\/v2\/users\/99"}],"replies":[{"embeddable":true,"href":"https:\/\/diarioelpopular.com\/index.php\/wp-json\/wp\/v2\/comments?post=501115"}],"version-history":[{"count":1,"href":"https:\/\/diarioelpopular.com\/index.php\/wp-json\/wp\/v2\/posts\/501115\/revisions"}],"predecessor-version":[{"id":501117,"href":"https:\/\/diarioelpopular.com\/index.php\/wp-json\/wp\/v2\/posts\/501115\/revisions\/501117"}],"wp:featuredmedia":[{"embeddable":true,"href":"https:\/\/diarioelpopular.com\/index.php\/wp-json\/wp\/v2\/media\/501116"}],"wp:attachment":[{"href":"https:\/\/diarioelpopular.com\/index.php\/wp-json\/wp\/v2\/media?parent=501115"}],"wp:term":[{"taxonomy":"category","embeddable":true,"href":"https:\/\/diarioelpopular.com\/index.php\/wp-json\/wp\/v2\/categories?post=501115"},{"taxonomy":"post_tag","embeddable":true,"href":"https:\/\/diarioelpopular.com\/index.php\/wp-json\/wp\/v2\/tags?post=501115"}],"curies":[{"name":"wp","href":"https:\/\/api.w.org\/{rel}","templated":true}]}}