{"id":501127,"date":"2022-01-21T10:16:09","date_gmt":"2022-01-21T14:16:09","guid":{"rendered":"https:\/\/diarioelpopular.com\/?p=501127"},"modified":"2022-01-21T10:16:09","modified_gmt":"2022-01-21T14:16:09","slug":"una-combinacion-de-optimismo-y-cautela-destaca-el-pronostico-de-covid-19-en-canada","status":"publish","type":"post","link":"https:\/\/diarioelpopular.com\/index.php\/2022\/01\/21\/una-combinacion-de-optimismo-y-cautela-destaca-el-pronostico-de-covid-19-en-canada\/","title":{"rendered":"Una combinaci\u00f3n de optimismo y cautela destaca el pron\u00f3stico de COVID-19 en Canad\u00e1"},"content":{"rendered":"<p><img loading=\"lazy\" decoding=\"async\" class=\"alignnone size-custom-full-size wp-image-501129\" src=\"https:\/\/diarioelpopular.com\/wp-content\/uploads\/2022\/01\/1.09-AM-636x284.jpg\" alt=\"\" width=\"636\" height=\"284\" srcset=\"https:\/\/diarioelpopular.com\/wp-content\/uploads\/2022\/01\/1.09-AM-636x284.jpg 636w, https:\/\/diarioelpopular.com\/wp-content\/uploads\/2022\/01\/1.09-AM-300x134.jpg 300w, https:\/\/diarioelpopular.com\/wp-content\/uploads\/2022\/01\/1.09-AM-768x343.jpg 768w, https:\/\/diarioelpopular.com\/wp-content\/uploads\/2022\/01\/1.09-AM-146x65.jpg 146w, https:\/\/diarioelpopular.com\/wp-content\/uploads\/2022\/01\/1.09-AM.jpg 800w\" sizes=\"auto, (max-width: 636px) 100vw, 636px\" \/><\/p>\n<h4><em><strong>&#8211; En todo el pa\u00eds est\u00e1 surgiendo una mezcla de optimismo y cautela a medida que las provincias y territorios revisan sus estrategias para sobrellevar la \u00faltima ola de la pandemia.<\/strong><\/em><\/h4>\n<p><em><strong>OTTAWA.-<\/strong> <\/em>En Saskatchewan, donde el aumento de los ingresos hospitalarios y la escasez de personal debido a la COVID-19 son una preocupaci\u00f3n creciente, la autoridad sanitaria provincial dice que est\u00e1 considerando la redistribuci\u00f3n del personal de otros departamentos gubernamentales para reforzar el sistema de atenci\u00f3n m\u00e9dica.<\/p>\n<p>Al lado, en Alberta, el premier Jason Kenney dice que hay se\u00f1ales de que la provincia ha &#8220;alcanzado y superado&#8221; el pico de casos de COVID-19 en la quinta ola. Pero a\u00fan advierte que las hospitalizaciones, actualmente en niveles r\u00e9cord, seguir\u00e1n aumentando y ejercer\u00e1n m\u00e1s presi\u00f3n sobre un sistema de salud ya abrumado.<\/p>\n<p>En un esfuerzo por hacer frente a ese escenario, la provincia dice que crear\u00e1 nuevas unidades de respuesta a la pandemia en Edmonton y Calgary.<\/p>\n<p>Este jueves se informaron m\u00e1s de 2100 nuevos casos de COVID en Columbia Brit\u00e1nica cuando la provincia anunci\u00f3 que se distribuir\u00e1n 200 mil kits de prueba de COVID-19 entre las escuelas primarias y secundarias para tratar de mantenerlas abiertas.<\/p>\n<p>El premier de Ontario, Doug Ford, dijo esta semana que conf\u00eda en que la \u00faltima ola de COVID impulsada por la variante Omicron ya ha llegado a su punto m\u00e1ximo. Sin embargo, el doctor Gerald Evan, uno de los asesores de COVID de Ontario, advirti\u00f3 que Ford est\u00e1 actuando demasiado pronto con su plan para comenzar a aliviar las restricciones de salud a fines de enero.<\/p>\n<p>El Departamento de Salud de Quebec inform\u00f3 este jueves una leve ca\u00edda en las hospitalizaciones por COVID, la primera desde el 16 de diciembre. Pero a diferencia de Ontario, el primer ministro Fran\u00e7ois Legault dijo que la situaci\u00f3n en los hospitales de su provincia sigue siendo demasiado fr\u00e1gil para comenzar a relajar las restricciones que han mantenido cerrados los gimnasios, bares y lugares de entretenimiento. desde diciembre.<\/p>\n<p>En el Atl\u00e1ntico canadiense hay destellos de optimismo, con Terranova y Labrador anunciando que los estudiantes desde el jard\u00edn de infantes hasta el grado 12 volver\u00e1n a aprender en clase el martes, y la Isla del Pr\u00edncipe Eduardo informa que las recuperaciones de COVID-19 actualmente est\u00e1n superando a los nuevos casos.<\/p>\n<p>&nbsp;<\/p>\n<h4><em><strong>Mientras Omicron alimenta la fatiga de COVID, los canadienses sopesan los riesgos por s\u00ed mismos<\/strong><\/em><\/h4>\n<p><img loading=\"lazy\" decoding=\"async\" class=\"alignnone size-custom-full-size wp-image-501128\" src=\"https:\/\/diarioelpopular.com\/wp-content\/uploads\/2022\/01\/1..04.11-AM-636x363.jpg\" alt=\"\" width=\"636\" height=\"363\" srcset=\"https:\/\/diarioelpopular.com\/wp-content\/uploads\/2022\/01\/1..04.11-AM-636x363.jpg 636w, https:\/\/diarioelpopular.com\/wp-content\/uploads\/2022\/01\/1..04.11-AM-300x171.jpg 300w, https:\/\/diarioelpopular.com\/wp-content\/uploads\/2022\/01\/1..04.11-AM-768x438.jpg 768w, https:\/\/diarioelpopular.com\/wp-content\/uploads\/2022\/01\/1..04.11-AM-128x73.jpg 128w, https:\/\/diarioelpopular.com\/wp-content\/uploads\/2022\/01\/1..04.11-AM.jpg 800w\" sizes=\"auto, (max-width: 636px) 100vw, 636px\" \/><\/p>\n<p><em><strong>OTTAWA.-<\/strong> <\/em>Cuando se difundi\u00f3 la noticia de que la variante Omicron de COVID-19 hab\u00eda ingresado a Canad\u00e1, Saad Khan, residente de Ottawa, calcul\u00f3 su tolerancia al riesgo personal para un evento muy importante, y decidi\u00f3 que val\u00eda la pena.<\/p>\n<p>\u201cEl 16 de diciembre me arriesgu\u00e9 al ver la nueva pel\u00edcula de Spiderman\u201d, dijo.<\/p>\n<p>Khan dijo que usaba dos m\u00e1scaras y se abstuvo de comer palomitas de ma\u00edz o comprar dulces. La pel\u00edcula, dijo, fue &#8220;incre\u00edble&#8221;.<\/p>\n<p>En todo el pa\u00eds, los canadienses han estado lidiando con restricciones en constante cambio a medida que el COVID-19, y nuestra capacidad para tratarlo, prevenirlo y combatirlo, tambi\u00e9n cambi\u00f3.<\/p>\n<p>Desde quedarse en casa hasta cenar en el interior con distanciamiento, desde usar m\u00e1scaras de tela de tres capas hasta usar m\u00e1scaras N95, los consejos de salud p\u00fablica han ido cambiando a medida que la ciencia evoluciona, y los canadienses como Khan han hecho todo lo posible para mantenerse al d\u00eda.<\/p>\n<p>\u00c9l no est\u00e1 solo. A medida que las restricciones van y vienen, muchos canadienses comienzan a vivir seg\u00fan sus propias reglas, incluso si esas reglas son m\u00e1s o menos estrictas de lo que aconsejan los funcionarios de salud p\u00fablica.<\/p>\n<p>Susan Murphy dijo en un mensaje a Global News que se siente m\u00e1s segura cuando se \u201cqueda en casa\u201d en Ottawa.<\/p>\n<p>\u201cMe encontrar\u00e9 con amigos al aire libre y distanciados, \u00a1lo cual es m\u00e1s desafiante en el invierno!\u201d dijo Murphy.<\/p>\n<p>Otro usuario de Twitter dijo en una respuesta a Global News que ya &#8220;han superado el punto de enloquecer&#8221;.<\/p>\n<p>\u201cSimplemente sigo con mi vida\u201d, dijeron.<\/p>\n<p>\u201cTodos contraeremos esto alg\u00fan d\u00eda como lo hacemos con la gripe de todos modos\u201d.<\/p>\n<p><em><strong>\u00bfQu\u00e9 aconsejan los m\u00e9dicos?<\/strong><\/em><br \/>\nEl c\u00e1lculo del riesgo est\u00e1 a punto de cambiar una vez m\u00e1s para los canadienses que viven en Ontario. A partir del 31 de enero, tendr\u00e1n la opci\u00f3n de cenar en el interior nuevamente a medida que los restaurantes y bares vuelvan a abrir con un l\u00edmite de capacidad del 50 por ciento.<\/p>\n<p>Los expertos m\u00e9dicos dicen que todos tendr\u00e1n sus niveles personales de tolerancia al riesgo cuando llegue ese d\u00eda, pero tambi\u00e9n hay algunos hechos firmes a considerar al decidir si salir o no.<\/p>\n<p>\u201cSi vas a un restaurante ahora, (est\u00e1) pr\u00e1cticamente garantizado que alguien all\u00ed est\u00e1 infectado y probablemente infeccioso. Los n\u00fameros simplemente apuntan en esa direcci\u00f3n\u201d, dijo Raywat Deonandan, epidemi\u00f3logo y profesor asociado de la Universidad de Ottawa.<\/p>\n<p>\u201cPero si hay un uso de m\u00e1scaras de buena calidad, si hay ventilaci\u00f3n de alta calidad, las personas mantienen su distancia y minimizan el tiempo que pasan all\u00ed, se reduce el riesgo de manera apreciable, no a cero, obviamente\u201d.<\/p>\n<p>Pero determinar el nivel de riesgo, dijo, \u201ces complicado\u201d.<\/p>\n<p>\u201cA nivel individual, todo se reduce a cu\u00e1nto puede tolerar la infecci\u00f3n en su vida, porque se va a meter en su vida\u201d, dijo Deonandan.<\/p>\n<p>Por ejemplo, Deonandan tiene un ni\u00f1o menor de cinco a\u00f1os que no puede vacunarse. Dijo que la gente en su posici\u00f3n \u201cva a estar mucho m\u00e1s preocupada\u201d.<\/p>\n<p>\u201cEntonces no corro ninguno de estos riesgos, porque no quiero correr el riesgo de exponer a mi hijo a una posible infecci\u00f3n\u201d, dijo.<\/p>\n<p>La otra mitad de la ecuaci\u00f3n, agreg\u00f3 Deonandan, es \u201cpensar en el riesgo de la poblaci\u00f3n\u201d.<\/p>\n<p>\u201cNuestros hospitales est\u00e1n siendo desafiados\u201d, dijo.<\/p>\n<p><em><strong>\u201c\u00bfEs \u00e9tico exponerse a una infecci\u00f3n, incluso si su probabilidad individual de tener una mala reacci\u00f3n es baja?\u201d<\/strong><\/em><\/p>\n<p>La capacidad hospitalaria tambi\u00e9n forma parte del c\u00e1lculo del riesgo individual, seg\u00fan el Dr. Matthew Miller, profesor asociado de enfermedades infecciosas e inmunolog\u00eda en la Universidad McMaster.<\/p>\n<p>Las hospitalizaciones de la ola de Omicron, que acaba de ver su pico de casos, seg\u00fan las cifras de salud p\u00fablica del gobierno federal, no ocurrir\u00e1n \u201chasta dentro de varias semanas\u201d, dijo.<\/p>\n<p>Si bien el riesgo de ser hospitalizado despu\u00e9s de recibir tres dosis de una vacuna es \u201cextraordinariamente bajo\u201d, dijo Miller, es posible que desee considerar si los hospitales tendr\u00e1n la capacidad de ayudarlo si eso sucede.<\/p>\n<p>\u201cMe siento bien sabiendo que si me enfermara mucho, s\u00e9 que recibir\u00e9 una atenci\u00f3n excelente y probablemente estar\u00e9 bien\u201d, dijo Miller.<\/p>\n<p>\u201c(Pero) si nuestro sistema hospitalario se estira hasta el l\u00edmite, ese puede no ser necesariamente el caso\u201d.<\/p>\n<p>A\u00fan as\u00ed, Miller agreg\u00f3 que los canadienses \u201cno necesitamos vivir nuestras vidas con miedo a Omicron\u201d.<\/p>\n<p>\u201cSin embargo, tampoco creo que queramos ir y ponernos en situaciones en las que el riesgo de contraer incluso lo que podr\u00eda ser una infecci\u00f3n leve sea extremadamente alto\u201d, dijo.<\/p>\n<p><em><strong>Fatiga de COVID y restricciones cambiantes<\/strong><\/em><br \/>\nEn respuesta a un tuit de Global News que preguntaba sobre las evaluaciones de riesgo personal de los canadienses, un usuario dej\u00f3 en claro que hab\u00edan terminado con la pandemia.<\/p>\n<p>\u201cHe tenido tres vacunas (Moderna) y COVID dos veces. No hay escapatoria de esto\u201d, escribieron.<\/p>\n<p>\u201cAs\u00ed que tenemos que seguir viviendo\u201d.<\/p>\n<p>Este sentimiento de fatiga pand\u00e9mica ha sido una de las luchas constantes de los funcionarios de salud, dijo Miller. Parte del problema, explic\u00f3, es que los mensajes de salud p\u00fablica efectivos son &#8220;simples&#8221; porque &#8220;no quieres que haya confusi\u00f3n&#8221;.<\/p>\n<p>\u201cDesafortunadamente, la realidad no es simple y hay muchos matices\u201d, dijo Miller.<\/p>\n<p>\u201cY cuanto m\u00e1s se agregan matices a la orientaci\u00f3n que alguna vez fue simple, m\u00e1s personas se confunden, por lo que realmente simpatizo con el p\u00fablico que se siente fatigado y confundido\u201d.<\/p>\n<p>Pero Deonandan ten\u00eda una palabra de esperanza para aquellos que se sienten cansados y abrumados a medida que la pandemia se acerca a su segundo aniversario.<\/p>\n<p>\u201cUno de los aspectos positivos de Omicron es que terminar\u00e1 m\u00e1s r\u00e1pido, por lo que no le estamos pidiendo a la gente que presione durante meses. Son semanas, y esta ola estar\u00e1 lista, probablemente, antes de la primavera. Mucho antes de la primavera\u201d, dijo Deonandan.<\/p>\n<p>\u201cVeremos qu\u00e9 nos depara la marea que retrocede. Con suerte, es el regalo de la inmunidad. Entonces, esta es probablemente la \u00faltima gran batalla de COVID antes de que nos establezcamos en un nuevo tipo de normalidad\u201d.<\/p>\n","protected":false},"excerpt":{"rendered":"<p>&#8211; En todo el pa\u00eds est\u00e1 surgiendo una mezcla de optimismo y cautela a medida que las provincias y territorios revisan sus estrategias para sobrellevar&hellip;<\/p>\n","protected":false},"author":99,"featured_media":501129,"comment_status":"open","ping_status":"open","sticky":false,"template":"","format":"standard","meta":{"footnotes":""},"categories":[21,11191],"tags":[],"class_list":["post-501127","post","type-post","status-publish","format-standard","has-post-thumbnail","hentry","category-canada","category-top-news"],"_links":{"self":[{"href":"https:\/\/diarioelpopular.com\/index.php\/wp-json\/wp\/v2\/posts\/501127","targetHints":{"allow":["GET"]}}],"collection":[{"href":"https:\/\/diarioelpopular.com\/index.php\/wp-json\/wp\/v2\/posts"}],"about":[{"href":"https:\/\/diarioelpopular.com\/index.php\/wp-json\/wp\/v2\/types\/post"}],"author":[{"embeddable":true,"href":"https:\/\/diarioelpopular.com\/index.php\/wp-json\/wp\/v2\/users\/99"}],"replies":[{"embeddable":true,"href":"https:\/\/diarioelpopular.com\/index.php\/wp-json\/wp\/v2\/comments?post=501127"}],"version-history":[{"count":1,"href":"https:\/\/diarioelpopular.com\/index.php\/wp-json\/wp\/v2\/posts\/501127\/revisions"}],"predecessor-version":[{"id":501130,"href":"https:\/\/diarioelpopular.com\/index.php\/wp-json\/wp\/v2\/posts\/501127\/revisions\/501130"}],"wp:featuredmedia":[{"embeddable":true,"href":"https:\/\/diarioelpopular.com\/index.php\/wp-json\/wp\/v2\/media\/501129"}],"wp:attachment":[{"href":"https:\/\/diarioelpopular.com\/index.php\/wp-json\/wp\/v2\/media?parent=501127"}],"wp:term":[{"taxonomy":"category","embeddable":true,"href":"https:\/\/diarioelpopular.com\/index.php\/wp-json\/wp\/v2\/categories?post=501127"},{"taxonomy":"post_tag","embeddable":true,"href":"https:\/\/diarioelpopular.com\/index.php\/wp-json\/wp\/v2\/tags?post=501127"}],"curies":[{"name":"wp","href":"https:\/\/api.w.org\/{rel}","templated":true}]}}