{"id":501131,"date":"2022-01-21T10:21:14","date_gmt":"2022-01-21T14:21:14","guid":{"rendered":"https:\/\/diarioelpopular.com\/?p=501131"},"modified":"2022-01-21T10:21:14","modified_gmt":"2022-01-21T14:21:14","slug":"mas-200-mil-infectados-en-un-dia-en-brasil","status":"publish","type":"post","link":"https:\/\/diarioelpopular.com\/index.php\/2022\/01\/21\/mas-200-mil-infectados-en-un-dia-en-brasil\/","title":{"rendered":"M\u00e1s 200 mil infectados en un d\u00eda en Brasil"},"content":{"rendered":"<div id=\"attachment_501132\" style=\"width: 646px\" class=\"wp-caption alignnone\"><img loading=\"lazy\" decoding=\"async\" aria-describedby=\"caption-attachment-501132\" class=\"size-custom-full-size wp-image-501132\" src=\"https:\/\/diarioelpopular.com\/wp-content\/uploads\/2022\/01\/1.c4866-636x424.jpg\" alt=\"\" width=\"636\" height=\"424\" srcset=\"https:\/\/diarioelpopular.com\/wp-content\/uploads\/2022\/01\/1.c4866-636x424.jpg 636w, https:\/\/diarioelpopular.com\/wp-content\/uploads\/2022\/01\/1.c4866-300x200.jpg 300w, https:\/\/diarioelpopular.com\/wp-content\/uploads\/2022\/01\/1.c4866-768x512.jpg 768w, https:\/\/diarioelpopular.com\/wp-content\/uploads\/2022\/01\/1.c4866-110x73.jpg 110w, https:\/\/diarioelpopular.com\/wp-content\/uploads\/2022\/01\/1.c4866.jpg 800w\" sizes=\"auto, (max-width: 636px) 100vw, 636px\" \/><p id=\"caption-attachment-501132\" class=\"wp-caption-text\"><em>M\u00e1s 200 mil infectados en un d\u00eda en Brasil<\/em><\/p><\/div>\n<p><em><strong>BRASILIA, 21 EN &#8211;<\/strong> <\/em>Brasil super\u00f3 los 200 mil infectados con coronavirus en un d\u00eda por primera vez desde el inicio de la pandemia que atraviesa una nuevo rebrote con la diseminaci\u00f3n de la cepa Omicron.<br \/>\nHasta las 20 horas (23 GMT) de este mi\u00e9rcoles se reportaron 205.306 diagn\u00f3sticos positivos que elevaron el total a 23.420.861, con una media de 100.322 casos por d\u00eda en la \u00faltima semana lo que marca una suba del 487% ante el promedio de hace 14 d\u00edas.<br \/>\nEl total de v\u00edctimas fatales es de 621.927, incluyendo las 349 de este mi\u00e9rcoles, con un promedio de 215 fallecimientos diarios que muestra un incremento del 114% ante la media anterior.<br \/>\nParalelamente 147,7 millones de brasile\u00f1os se aplicaron las dos dosis de las vacunas lo que representa el 68,7 % de la poblaci\u00f3n nacional, y 162,4 millones recibieron al menos una inyecci\u00f3n cifra que equivale al 37,6 %.<br \/>\nLos datos pertenecen a las secretar\u00eds de Salud de los gobiernos estaduales y se publicaron este jueves en el diario O Globo.<\/p>\n","protected":false},"excerpt":{"rendered":"<p>BRASILIA, 21 EN &#8211; Brasil super\u00f3 los 200 mil infectados con coronavirus en un d\u00eda por primera vez desde el inicio de la pandemia que&hellip;<\/p>\n","protected":false},"author":99,"featured_media":501132,"comment_status":"open","ping_status":"open","sticky":false,"template":"","format":"standard","meta":{"footnotes":""},"categories":[23],"tags":[],"class_list":["post-501131","post","type-post","status-publish","format-standard","has-post-thumbnail","hentry","category-latinoamerica"],"_links":{"self":[{"href":"https:\/\/diarioelpopular.com\/index.php\/wp-json\/wp\/v2\/posts\/501131","targetHints":{"allow":["GET"]}}],"collection":[{"href":"https:\/\/diarioelpopular.com\/index.php\/wp-json\/wp\/v2\/posts"}],"about":[{"href":"https:\/\/diarioelpopular.com\/index.php\/wp-json\/wp\/v2\/types\/post"}],"author":[{"embeddable":true,"href":"https:\/\/diarioelpopular.com\/index.php\/wp-json\/wp\/v2\/users\/99"}],"replies":[{"embeddable":true,"href":"https:\/\/diarioelpopular.com\/index.php\/wp-json\/wp\/v2\/comments?post=501131"}],"version-history":[{"count":1,"href":"https:\/\/diarioelpopular.com\/index.php\/wp-json\/wp\/v2\/posts\/501131\/revisions"}],"predecessor-version":[{"id":501133,"href":"https:\/\/diarioelpopular.com\/index.php\/wp-json\/wp\/v2\/posts\/501131\/revisions\/501133"}],"wp:featuredmedia":[{"embeddable":true,"href":"https:\/\/diarioelpopular.com\/index.php\/wp-json\/wp\/v2\/media\/501132"}],"wp:attachment":[{"href":"https:\/\/diarioelpopular.com\/index.php\/wp-json\/wp\/v2\/media?parent=501131"}],"wp:term":[{"taxonomy":"category","embeddable":true,"href":"https:\/\/diarioelpopular.com\/index.php\/wp-json\/wp\/v2\/categories?post=501131"},{"taxonomy":"post_tag","embeddable":true,"href":"https:\/\/diarioelpopular.com\/index.php\/wp-json\/wp\/v2\/tags?post=501131"}],"curies":[{"name":"wp","href":"https:\/\/api.w.org\/{rel}","templated":true}]}}