{"id":501137,"date":"2022-01-21T10:26:53","date_gmt":"2022-01-21T14:26:53","guid":{"rendered":"https:\/\/diarioelpopular.com\/?p=501137"},"modified":"2022-01-21T10:26:53","modified_gmt":"2022-01-21T14:26:53","slug":"mexico-el-zar-antipandemia-bajo-investigacion","status":"publish","type":"post","link":"https:\/\/diarioelpopular.com\/index.php\/2022\/01\/21\/mexico-el-zar-antipandemia-bajo-investigacion\/","title":{"rendered":"M\u00e9xico: El &#8220;zar antipandemia&#8221; bajo investigaci\u00f3n"},"content":{"rendered":"<div id=\"attachment_501138\" style=\"width: 646px\" class=\"wp-caption alignnone\"><img loading=\"lazy\" decoding=\"async\" aria-describedby=\"caption-attachment-501138\" class=\"size-custom-full-size wp-image-501138\" src=\"https:\/\/diarioelpopular.com\/wp-content\/uploads\/2022\/01\/1.e7ef-636x956.jpg\" alt=\"\" width=\"636\" height=\"956\" srcset=\"https:\/\/diarioelpopular.com\/wp-content\/uploads\/2022\/01\/1.e7ef-636x956.jpg 636w, https:\/\/diarioelpopular.com\/wp-content\/uploads\/2022\/01\/1.e7ef-200x300.jpg 200w, https:\/\/diarioelpopular.com\/wp-content\/uploads\/2022\/01\/1.e7ef-768x1154.jpg 768w, https:\/\/diarioelpopular.com\/wp-content\/uploads\/2022\/01\/1.e7ef-49x73.jpg 49w, https:\/\/diarioelpopular.com\/wp-content\/uploads\/2022\/01\/1.e7ef.jpg 682w\" sizes=\"auto, (max-width: 636px) 100vw, 636px\" \/><p id=\"caption-attachment-501138\" class=\"wp-caption-text\"><em>Ministro de saludo de M\u00e9xico, Hugo Lopez-Gatell (foto: EPA)<\/em><\/p><\/div>\n<h4><em><strong>&#8211; Pide investigar responsabilidad en exceso de muertes por Covid<\/strong><\/em><\/h4>\n<p><em><strong>CIUDAD DE MEXICO, 21 EN &#8211;<\/strong> <\/em>Un juez federal orden\u00f3 investigar al &#8220;zar antipandemia&#8221; de M\u00e9xico, Hugo L\u00f3pez-Gatell, una figura p\u00fablica sumida en un fuerte descr\u00e9dito y blanco frecuente de acusaciones por su fracaso en el manejo de la crisis sanitaria derivada del Covid-19.<br \/>\nEn concreto, el magistrado solicit\u00f3 a la Fiscal\u00eda General de la Rep\u00fablica (FGR) que indague su &#8220;presunta responsabilidad de omisi\u00f3n en el delito de homicidio&#8221;, por su &#8220;falta de cuidado&#8221;, por &#8220;negligencia&#8221; y por &#8220;el debido ejercicio de su funci\u00f3n p\u00fablica, que ha arrojado &#8220;la muerte de miles de mexicanos&#8221;.<br \/>\nLa resoluci\u00f3n fue emitida como respuesta a una demanda presentada el 25 de noviembre del 2020, por familiares de dos personas fallecidas en ese a\u00f1o.<br \/>\nInicialmente, la Fiscal\u00eda respondi\u00f3 a los denunciantes que no investigar\u00eda al funcionario porque los hechos denunciados no &#8220;constitu\u00edan un delito&#8221;.<br \/>\nLa decisi\u00f3n fue apelada y otra vez un tribunal de amparo dio la raz\u00f3n a los familiares, pero el 2 de diciembre de 2021, un tribunal colegiado de circuito (de casaci\u00f3n) revoc\u00f3 la decisi\u00f3n y orden\u00f3 al juez de control celebrar de nuevo una audiencia para escuchar a los familiares de las v\u00edctimas.<br \/>\nFue entonces que el juez de control federal especializado resolvi\u00f3 que la FGR deber\u00eda de abrir una investigaci\u00f3n contra L\u00f3pez-Gatell.<br \/>\nL\u00f3pez-Gatell, viceministro de Prevenci\u00f3n y Promoci\u00f3n de la Salud, que hasta hace algunos meses aparec\u00eda todos los d\u00edas en persona brindando el informe m\u00e1s reciente sobre la evoluci\u00f3n de la pandemia, ya hab\u00eda sido denunciado ante el ministerio de la Funci\u00f3n P\u00fablica el 20 de julio del 2020.<br \/>\nLas causas que sustentan estas acusaciones son, entre otras, que incurri\u00f3 en &#8220;desinformaci\u00f3n a partir de un diagn\u00f3stico err\u00f3neo y una constante subestimaci\u00f3n inducida&#8221; de los contagios y las muertes por Covid-19.<br \/>\nEn enero de 2020, declar\u00f3 que el coronavirus era &#8220;una enfermedad emergente&#8221;, que no hab\u00eda &#8220;indicios que sugieran un comportamiento grave&#8221; y que su &#8220;capacidad de virulencia y letalidad era baja&#8221; y se le reprocha haberse negado a realizar un testeo masivo, que permitir\u00eda aislar a los contagiados.<br \/>\nOtra de las cuestiones por las que se le critica y que sirvi\u00f3 de argumento para acusarlo es que para el 27 de abril, cuando la cifra de muertes ya rozaba casi los 1.500, desestim\u00f3 el uso de, &#8220;cubrebocas tiene una pobre&#8221; o &#8220;nula utilidad&#8221; y que se trata de un &#8220;mecanismo de tranquilizaci\u00f3n ante la incertidumbre&#8221;.<br \/>\nLa oposici\u00f3n tambi\u00e9n ha exigido que la Funci\u00f3n P\u00fablica, que hasta ahora no ha actuado en su contra, investigue al zar antipandemia por su negativa a &#8220;realizar pruebas, presentar datos incompletos y negar la vacunaci\u00f3n a menores de edad&#8221;, lo cual ha costado m\u00e1s de 302.000 decesos oficiales y un subregistro que se calcula ser\u00eda del doble.<br \/>\nPese a las cr\u00edticas, el presidente Andr\u00e9s L\u00f3pez Obrador lo ha sostenido contra viento y marea y lo ha defendido una y otra vez al calificarlo como &#8220;un especialista de primera&#8221; y se mostr\u00f3 &#8220;muy satisfecho&#8221; por su gesti\u00f3n de la pandemia.<br \/>\n&#8220;Hicimos todo y de manera profesional, y resistiendo todos los embates de gente sin escr\u00fapulos que apostaba a que nos fuera mal, que pudieran decir: &#8216;M\u00e9xico es el pa\u00eds con m\u00e1s muertos y no alcanzaron las camas para atender a los afectados por la pandemia'&#8221;, afirm\u00f3.<br \/>\nM\u00e9xico, quinto pa\u00eds con mayor mortalidad en el mundo y uno de los primeros con mayor letalidad, contabiliza casi 4,5 millones de contagios de Covid-19.<br \/>\nEl funcionario, de 52 a\u00f1os, ha ocupado numerosos cargos en el sistema gubernamental de Salud, entre ellos director de Innovaci\u00f3n en Vigilancia y Control de Enfermedades Infecciosas y director de Encuestas Nacionales de Salud del Instituto Nacional de Salud P\u00fablica.<br \/>\nGraduado como m\u00e9dico por Universidad Nacional Aut\u00f3noma de M\u00e9xico (UNAM), y ganador del Premio Nacional de Ciencias, realiz\u00f3 estudios de doctorado y postdoctorado en el Departamento de Epidemiolog\u00eda de la Escuela de Salud P\u00fablica Johns Hopkins, de Estados Unidos, donde fue asistente de investigaci\u00f3n.<br \/>\nAdem\u00e1s, es autor de numerosos art\u00edculos cient\u00edficos aparecidos en publicaciones especializadas como la Revue scientifique et technique de la International Office of Epizootics el Bolet\u00edn de la Organizaci\u00f3n Mundial de la Salud y Science.<\/p>\n","protected":false},"excerpt":{"rendered":"<p>&#8211; Pide investigar responsabilidad en exceso de muertes por Covid CIUDAD DE MEXICO, 21 EN &#8211; Un juez federal orden\u00f3 investigar al &#8220;zar antipandemia&#8221; de&hellip;<\/p>\n","protected":false},"author":99,"featured_media":501138,"comment_status":"open","ping_status":"open","sticky":false,"template":"","format":"standard","meta":{"footnotes":""},"categories":[23,11354],"tags":[],"class_list":["post-501137","post","type-post","status-publish","format-standard","has-post-thumbnail","hentry","category-latinoamerica","category-sucesos"],"_links":{"self":[{"href":"https:\/\/diarioelpopular.com\/index.php\/wp-json\/wp\/v2\/posts\/501137","targetHints":{"allow":["GET"]}}],"collection":[{"href":"https:\/\/diarioelpopular.com\/index.php\/wp-json\/wp\/v2\/posts"}],"about":[{"href":"https:\/\/diarioelpopular.com\/index.php\/wp-json\/wp\/v2\/types\/post"}],"author":[{"embeddable":true,"href":"https:\/\/diarioelpopular.com\/index.php\/wp-json\/wp\/v2\/users\/99"}],"replies":[{"embeddable":true,"href":"https:\/\/diarioelpopular.com\/index.php\/wp-json\/wp\/v2\/comments?post=501137"}],"version-history":[{"count":1,"href":"https:\/\/diarioelpopular.com\/index.php\/wp-json\/wp\/v2\/posts\/501137\/revisions"}],"predecessor-version":[{"id":501139,"href":"https:\/\/diarioelpopular.com\/index.php\/wp-json\/wp\/v2\/posts\/501137\/revisions\/501139"}],"wp:featuredmedia":[{"embeddable":true,"href":"https:\/\/diarioelpopular.com\/index.php\/wp-json\/wp\/v2\/media\/501138"}],"wp:attachment":[{"href":"https:\/\/diarioelpopular.com\/index.php\/wp-json\/wp\/v2\/media?parent=501137"}],"wp:term":[{"taxonomy":"category","embeddable":true,"href":"https:\/\/diarioelpopular.com\/index.php\/wp-json\/wp\/v2\/categories?post=501137"},{"taxonomy":"post_tag","embeddable":true,"href":"https:\/\/diarioelpopular.com\/index.php\/wp-json\/wp\/v2\/tags?post=501137"}],"curies":[{"name":"wp","href":"https:\/\/api.w.org\/{rel}","templated":true}]}}