{"id":501157,"date":"2022-01-22T11:48:02","date_gmt":"2022-01-22T15:48:02","guid":{"rendered":"https:\/\/diarioelpopular.com\/?p=501157"},"modified":"2022-01-22T11:48:02","modified_gmt":"2022-01-22T15:48:02","slug":"dos-canadienses-muertos-1-herido-en-tiroteo-en-un-balneario-de-mexico","status":"publish","type":"post","link":"https:\/\/diarioelpopular.com\/index.php\/2022\/01\/22\/dos-canadienses-muertos-1-herido-en-tiroteo-en-un-balneario-de-mexico\/","title":{"rendered":"Dos canadienses muertos, 1 herido en tiroteo en un balneario de M\u00e9xico"},"content":{"rendered":"<p><img loading=\"lazy\" decoding=\"async\" class=\"alignnone size-custom-full-size wp-image-501158\" src=\"https:\/\/diarioelpopular.com\/wp-content\/uploads\/2022\/01\/1.3.12-AM-636x361.jpg\" alt=\"\" width=\"636\" height=\"361\" srcset=\"https:\/\/diarioelpopular.com\/wp-content\/uploads\/2022\/01\/1.3.12-AM-636x361.jpg 636w, https:\/\/diarioelpopular.com\/wp-content\/uploads\/2022\/01\/1.3.12-AM-300x170.jpg 300w, https:\/\/diarioelpopular.com\/wp-content\/uploads\/2022\/01\/1.3.12-AM-768x436.jpg 768w, https:\/\/diarioelpopular.com\/wp-content\/uploads\/2022\/01\/1.3.12-AM-129x73.jpg 129w, https:\/\/diarioelpopular.com\/wp-content\/uploads\/2022\/01\/1.3.12-AM.jpg 800w\" sizes=\"auto, (max-width: 636px) 100vw, 636px\" \/><\/p>\n<h4><em><strong>&#8211; Dos canadienses murieron el viernes y uno m\u00e1s result\u00f3 herido en un tiroteo en un hotel en la costa caribe\u00f1a de M\u00e9xico, dijeron las autoridades estatales.<\/strong><\/em><\/h4>\n<p><img loading=\"lazy\" decoding=\"async\" class=\"alignnone size-custom-full-size wp-image-501159\" src=\"https:\/\/diarioelpopular.com\/wp-content\/uploads\/2022\/01\/shooting-vid-636x358.jpg\" alt=\"\" width=\"636\" height=\"358\" srcset=\"https:\/\/diarioelpopular.com\/wp-content\/uploads\/2022\/01\/shooting-vid-636x358.jpg 636w, https:\/\/diarioelpopular.com\/wp-content\/uploads\/2022\/01\/shooting-vid-300x169.jpg 300w, https:\/\/diarioelpopular.com\/wp-content\/uploads\/2022\/01\/shooting-vid-768x432.jpg 768w, https:\/\/diarioelpopular.com\/wp-content\/uploads\/2022\/01\/shooting-vid-130x73.jpg 130w, https:\/\/diarioelpopular.com\/wp-content\/uploads\/2022\/01\/shooting-vid.jpg 800w\" sizes=\"auto, (max-width: 636px) 100vw, 636px\" \/><\/p>\n<p>El jefe de seguridad del estado de Quintana Roo, Lucio Hern\u00e1ndez, dijo a trav\u00e9s de Twitter que las autoridades estaban buscando a un hombre en el Hotel Xcaret en el tiroteo. Comparti\u00f3 una foto de un hombre caminando con una pistola.<\/p>\n<p>El resort Xcaret est\u00e1 al sur de Playa del Carmen.<\/p>\n<p>La oficina del fiscal del estado de Quintana Roo dijo a trav\u00e9s de Twitter que el sospechoso del tiroteo tambi\u00e9n era aparentemente un invitado y la polic\u00eda canadiense les inform\u00f3 que era un delincuente conocido con un largo historial relacionado con delitos de robo, drogas y armas. La oficina dijo que los dos muertos tambi\u00e9n ten\u00edan antecedentes penales.<\/p>\n<p>Global Affairs Canada dijo en un comunicado que est\u00e1 al tanto de los informes de que los ciudadanos canadienses han sido \u201cafectados por un incidente en M\u00e9xico\u201d.<\/p>\n<p>\u201cLos funcionarios consulares se est\u00e1n comunicando con las autoridades locales para recopilar m\u00e1s informaci\u00f3n y estar listos para brindar asistencia consular\u201d, dijo la portavoz Patricia Skinner. \u201cDebido a consideraciones de privacidad, no se puede divulgar m\u00e1s informaci\u00f3n\u201d.<\/p>\n<p>Es solo el \u00faltimo acto descarado de violencia en la famosa Riviera Maya de M\u00e9xico, la joya de la corona de su industria tur\u00edstica.<\/p>\n<p>En noviembre, un tiroteo en la playa de Puerto Morelos dej\u00f3 muertos a dos presuntos narcotraficantes. Las autoridades dijeron que hab\u00eda unos 15 hombres armados de una pandilla que aparentemente se disputaba el control de la venta de drogas all\u00ed.<\/p>\n<p>A fines de octubre, m\u00e1s al sur, en el destino tranquilo de Tulum, dos turistas, uno un bloguero de viajes de California nacido en la India y el otro alem\u00e1n, quedaron atrapados en el aparente fuego cruzado de traficantes de drogas rivales y fueron asesinados.<\/p>\n<p>Tras esos hechos, el presidente Andr\u00e9s Manuel L\u00f3pez Obrador envi\u00f3 cerca de 1.500 miembros de la Guardia Nacional para reforzar la seguridad en la zona.<\/p>\n","protected":false},"excerpt":{"rendered":"<p>&#8211; Dos canadienses murieron el viernes y uno m\u00e1s result\u00f3 herido en un tiroteo en un hotel en la costa caribe\u00f1a de M\u00e9xico, dijeron las&hellip;<\/p>\n","protected":false},"author":99,"featured_media":501158,"comment_status":"open","ping_status":"open","sticky":false,"template":"","format":"standard","meta":{"footnotes":""},"categories":[21,11191],"tags":[],"class_list":["post-501157","post","type-post","status-publish","format-standard","has-post-thumbnail","hentry","category-canada","category-top-news"],"_links":{"self":[{"href":"https:\/\/diarioelpopular.com\/index.php\/wp-json\/wp\/v2\/posts\/501157","targetHints":{"allow":["GET"]}}],"collection":[{"href":"https:\/\/diarioelpopular.com\/index.php\/wp-json\/wp\/v2\/posts"}],"about":[{"href":"https:\/\/diarioelpopular.com\/index.php\/wp-json\/wp\/v2\/types\/post"}],"author":[{"embeddable":true,"href":"https:\/\/diarioelpopular.com\/index.php\/wp-json\/wp\/v2\/users\/99"}],"replies":[{"embeddable":true,"href":"https:\/\/diarioelpopular.com\/index.php\/wp-json\/wp\/v2\/comments?post=501157"}],"version-history":[{"count":1,"href":"https:\/\/diarioelpopular.com\/index.php\/wp-json\/wp\/v2\/posts\/501157\/revisions"}],"predecessor-version":[{"id":501160,"href":"https:\/\/diarioelpopular.com\/index.php\/wp-json\/wp\/v2\/posts\/501157\/revisions\/501160"}],"wp:featuredmedia":[{"embeddable":true,"href":"https:\/\/diarioelpopular.com\/index.php\/wp-json\/wp\/v2\/media\/501158"}],"wp:attachment":[{"href":"https:\/\/diarioelpopular.com\/index.php\/wp-json\/wp\/v2\/media?parent=501157"}],"wp:term":[{"taxonomy":"category","embeddable":true,"href":"https:\/\/diarioelpopular.com\/index.php\/wp-json\/wp\/v2\/categories?post=501157"},{"taxonomy":"post_tag","embeddable":true,"href":"https:\/\/diarioelpopular.com\/index.php\/wp-json\/wp\/v2\/tags?post=501157"}],"curies":[{"name":"wp","href":"https:\/\/api.w.org\/{rel}","templated":true}]}}