{"id":501175,"date":"2022-01-23T13:03:02","date_gmt":"2022-01-23T17:03:02","guid":{"rendered":"https:\/\/diarioelpopular.com\/?p=501175"},"modified":"2022-01-23T13:03:02","modified_gmt":"2022-01-23T17:03:02","slug":"estas-son-las-fotografias-virales-del-gabinete-de-boric-en-chile","status":"publish","type":"post","link":"https:\/\/diarioelpopular.com\/index.php\/2022\/01\/23\/estas-son-las-fotografias-virales-del-gabinete-de-boric-en-chile\/","title":{"rendered":"Estas son las fotograf\u00edas virales del gabinete de Boric en Chile"},"content":{"rendered":"<div id=\"attachment_501176\" style=\"width: 646px\" class=\"wp-caption alignnone\"><img loading=\"lazy\" decoding=\"async\" aria-describedby=\"caption-attachment-501176\" class=\"size-custom-full-size wp-image-501176\" src=\"https:\/\/diarioelpopular.com\/wp-content\/uploads\/2022\/01\/1.164628-636x400.jpg\" alt=\"\" width=\"636\" height=\"400\" srcset=\"https:\/\/diarioelpopular.com\/wp-content\/uploads\/2022\/01\/1.164628-636x400.jpg 636w, https:\/\/diarioelpopular.com\/wp-content\/uploads\/2022\/01\/1.164628-300x189.jpg 300w, https:\/\/diarioelpopular.com\/wp-content\/uploads\/2022\/01\/1.164628-768x483.jpg 768w, https:\/\/diarioelpopular.com\/wp-content\/uploads\/2022\/01\/1.164628-116x73.jpg 116w, https:\/\/diarioelpopular.com\/wp-content\/uploads\/2022\/01\/1.164628.jpg 800w\" sizes=\"auto, (max-width: 636px) 100vw, 636px\" \/><p id=\"caption-attachment-501176\" class=\"wp-caption-text\"><em>El gabinete de Gabriel Boric, presidente electo de Chile, ha generado expectativa en la regi\u00f3n por su mayor\u00eda femenina. FOTO: Tomada de Twitter @manuel_rodb<\/em><\/p><\/div>\n<p>Con el anuncio este viernes de los integrantes del\u00a0gabinete del presidente electo de Chile Gabriel Boric, se viraliz\u00f3 una fotograf\u00eda de la vocera del gobierno Camila Vallejo y el secretario general de la presidencia Giorgio Jackson, cuando militaban en el movimiento estudiantil en compa\u00f1\u00eda de Boric.<\/p>\n<p>Vallejo es diputada del Partido Comunista y ser\u00e1 la primera de su colectividad en el ala dura del Ejecutivo. Por su parte, Jackson es diputado de Revoluci\u00f3n Democr\u00e1tica y se encargar\u00e1 de la relaci\u00f3n entre el Ejecutivo y el Parlamento.<\/p>\n<p>El gabinete de Boric\u00a0es el primero en el que la mayor\u00eda son mujeres\u00a0y cuenta adem\u00e1s con una importante participaci\u00f3n de miembros del Partido Comunista e independientes.<\/p>\n<p>\u201cHace una d\u00e9cada: Gabriel Boric, Camila Vallejo y Giorgio Jackson, representantes del movimiento estudiantil que fue la punta de lanza de la articulaci\u00f3n social que hoy llega a la presidencia de Chile\u201d, escribi\u00f3 el polit\u00f3logo Ivan Schuliaquer en Twitter.<\/p>\n<p>El trino ha tenido 7.696 retuits, ha sido citado 656 veces<b>\u00a0<\/b>y 36,3 mil personas le han dado \u201cme gusta\u201d.<\/p>\n<p>Asimismo, tambi\u00e9n se difundi\u00f3 ampliamente una\u00a0fotograf\u00eda comparativa de los gabinetes de Gabriel Boric y Patricio Aylwin, primer presidente elegido despu\u00e9s de la dictadura.<\/p>\n<p>En esta es evidente la transici\u00f3n pol\u00edtica que ha experimentado el pa\u00eds, pasando de un gabinete con\u00a0cero mujeres en 1990\u00a0a uno en 2022 en el que la mayor\u00eda (14 de 24) lo son.<\/p>\n<p>\u201cHe visto la comparaci\u00f3n de los gabinetes de P. Aylwin con el nuestro que presentamos ayer y es cierto que impacta por la presencia de mujeres, j\u00f3venes y colores que muestra c\u00f3mo ha cambiado la sociedad. Pero no olvidemos que la foto pre-Alwyin era con militares. He ah\u00ed su grandeza\u201d, trin\u00f3 Boric este s\u00e1bado.<\/p>\n<p>&nbsp;<\/p>\n","protected":false},"excerpt":{"rendered":"<p>Con el anuncio este viernes de los integrantes del\u00a0gabinete del presidente electo de Chile Gabriel Boric, se viraliz\u00f3 una fotograf\u00eda de la vocera del gobierno&hellip;<\/p>\n","protected":false},"author":99,"featured_media":501176,"comment_status":"open","ping_status":"open","sticky":false,"template":"","format":"standard","meta":{"footnotes":""},"categories":[23],"tags":[],"class_list":["post-501175","post","type-post","status-publish","format-standard","has-post-thumbnail","hentry","category-latinoamerica"],"_links":{"self":[{"href":"https:\/\/diarioelpopular.com\/index.php\/wp-json\/wp\/v2\/posts\/501175","targetHints":{"allow":["GET"]}}],"collection":[{"href":"https:\/\/diarioelpopular.com\/index.php\/wp-json\/wp\/v2\/posts"}],"about":[{"href":"https:\/\/diarioelpopular.com\/index.php\/wp-json\/wp\/v2\/types\/post"}],"author":[{"embeddable":true,"href":"https:\/\/diarioelpopular.com\/index.php\/wp-json\/wp\/v2\/users\/99"}],"replies":[{"embeddable":true,"href":"https:\/\/diarioelpopular.com\/index.php\/wp-json\/wp\/v2\/comments?post=501175"}],"version-history":[{"count":1,"href":"https:\/\/diarioelpopular.com\/index.php\/wp-json\/wp\/v2\/posts\/501175\/revisions"}],"predecessor-version":[{"id":501177,"href":"https:\/\/diarioelpopular.com\/index.php\/wp-json\/wp\/v2\/posts\/501175\/revisions\/501177"}],"wp:featuredmedia":[{"embeddable":true,"href":"https:\/\/diarioelpopular.com\/index.php\/wp-json\/wp\/v2\/media\/501176"}],"wp:attachment":[{"href":"https:\/\/diarioelpopular.com\/index.php\/wp-json\/wp\/v2\/media?parent=501175"}],"wp:term":[{"taxonomy":"category","embeddable":true,"href":"https:\/\/diarioelpopular.com\/index.php\/wp-json\/wp\/v2\/categories?post=501175"},{"taxonomy":"post_tag","embeddable":true,"href":"https:\/\/diarioelpopular.com\/index.php\/wp-json\/wp\/v2\/tags?post=501175"}],"curies":[{"name":"wp","href":"https:\/\/api.w.org\/{rel}","templated":true}]}}