{"id":501178,"date":"2022-01-24T10:10:05","date_gmt":"2022-01-24T14:10:05","guid":{"rendered":"https:\/\/diarioelpopular.com\/?p=501178"},"modified":"2022-01-24T10:10:05","modified_gmt":"2022-01-24T14:10:05","slug":"menos-comida-en-las-tiendas-de-comestibles-pero-los-expertos-dicen-que-no-hay-necesidad-de-entrar-en-panico","status":"publish","type":"post","link":"https:\/\/diarioelpopular.com\/index.php\/2022\/01\/24\/menos-comida-en-las-tiendas-de-comestibles-pero-los-expertos-dicen-que-no-hay-necesidad-de-entrar-en-panico\/","title":{"rendered":"Menos comida en las tiendas de comestibles, pero los expertos dicen que no hay necesidad de entrar en p\u00e1nico"},"content":{"rendered":"<p><img loading=\"lazy\" decoding=\"async\" class=\"alignnone size-custom-full-size wp-image-501179\" src=\"https:\/\/diarioelpopular.com\/wp-content\/uploads\/2022\/01\/1.325-636x424.jpg\" alt=\"\" width=\"636\" height=\"424\" srcset=\"https:\/\/diarioelpopular.com\/wp-content\/uploads\/2022\/01\/1.325-636x424.jpg 636w, https:\/\/diarioelpopular.com\/wp-content\/uploads\/2022\/01\/1.325-300x200.jpg 300w, https:\/\/diarioelpopular.com\/wp-content\/uploads\/2022\/01\/1.325-768x512.jpg 768w, https:\/\/diarioelpopular.com\/wp-content\/uploads\/2022\/01\/1.325-110x73.jpg 110w, https:\/\/diarioelpopular.com\/wp-content\/uploads\/2022\/01\/1.325.jpg 800w\" sizes=\"auto, (max-width: 636px) 100vw, 636px\" \/><\/p>\n<h4><em><strong>&#8211; Es probable que los canadienses experimenten escasez de algunos alimentos y aumentos de precios a medida que la variante Omicron COVID-19 se trabe en las cadenas de suministro y entre en vigencia un mandato de vacunaci\u00f3n para los camioneros transfronterizos, seg\u00fan expertos de la industria.<\/strong><\/em><\/h4>\n<p><em><strong>OTTAWA.-<\/strong> <\/em>Sin embargo, dicen que los canadienses no deben preocuparse por la disponibilidad de alimentos y que nadie debe entrar en p\u00e1nico al comprar.<\/p>\n<p>\u201cHay comida en los estantes de los supermercados\u201d, dijo Michelle Wasylyshen, vocera del Retail Council of Canada, que representa a las grandes tiendas de comestibles del pa\u00eds.<\/p>\n<p>Sin embargo, dijo que podr\u00eda haber escasez de ciertos productos, como sopas, cereales, frutas y verduras frescas y carnes.<\/p>\n<p>Es posible que algunos canadienses hayan notado estantes vac\u00edos recientemente, pero Wasylyshen dijo que es el resultado de la tormenta de invierno que azot\u00f3 a Canad\u00e1 durante la semana anterior.<\/p>\n<p>Si bien el clima juega un papel en los retrasos en los env\u00edos, a\u00fan persisten otros problemas a largo plazo que tienen al consejo minorista &#8220;preocupado&#8221;, dijo Wasylyshen.<\/p>\n<p>Estos incluyen escasez de mano de obra por ausentismo y la ola de COVID-19 de Omicron, que ha provocado que los trabajadores tengan que aislarse e impactado en las operaciones.<\/p>\n<p>Afortunadamente, tanto la Columbia Brit\u00e1nica como Ontario han dicho que parece que se ha alcanzado el pico de la quinta ola de la pandemia, por lo que se espera que regresen m\u00e1s trabajadores, dijo Wasylyshen.<\/p>\n<p><em><strong>Impacto del mandato de vacunas para camioneros<\/strong><\/em><br \/>\nOtro golpe que probablemente afectar\u00e1 el suministro es el mandato de la vacuna COVID-19 para los camioneros en ambos lados de la frontera.<\/p>\n<p>El mandato de Canad\u00e1 entr\u00f3 en vigor el 15 de enero, mientras que el de EE. UU. lo hizo una semana despu\u00e9s, el 22 de enero.<\/p>\n<p>Todav\u00eda est\u00e1 por verse el gran impacto que tendr\u00e1n los mandatos en las tiendas de comestibles, pero el profesor de distribuci\u00f3n de alimentos de la Universidad de Dalhousie, Sylvain Charlebois, dijo en The Roy Green Show que Canad\u00e1 importa $ 21 mil millones en alimentos de los EE. UU. cada a\u00f1o, y el 70 por ciento de que cruza la frontera sobre ruedas.<\/p>\n<p>La Canadian Trucking Alliance (CTA) estima que hasta 32,000 camioneros transfronterizos canadienses y estadounidenses pueden ser sacados de las carreteras debido a los mandatos. Eso representa el 20 por ciento del total de 160,000 camioneros y se suma a los casi 23,000 conductores que la industria ten\u00eda poco antes del mandato, seg\u00fan StatCan y Trucking HR Canada.<\/p>\n<p>\u201cEs dif\u00edcil creer que no habr\u00e1 disturbios\u201d, dijo Charlebois.<\/p>\n<p>Dado que el invierno ha detenido muchos cultivos canadienses, dependemos en gran medida de las frutas y verduras de EE. UU., dijo, lo que hace que nuestro sistema alimentario en este momento sea &#8220;mucho m\u00e1s vulnerable&#8221;.<\/p>\n<p>Charlebois dijo que el impacto del mandato en las tiendas de comestibles variar\u00e1.<\/p>\n<p>Dijo que la mayor\u00eda de las empresas de comestibles m\u00e1s grandes operan sus propias flotas y probablemente estar\u00e1n bien porque probablemente ya tengan sus propios mandatos de vacunas.<\/p>\n<p>Sin embargo, las tiendas de comestibles m\u00e1s peque\u00f1as pueden verse m\u00e1s afectadas porque no operan sus propias flotas y no son &#8220;grandes clientes para las empresas de transporte&#8221;.<\/p>\n<p>Con una cantidad reducida de conductores, las empresas tendr\u00e1n que elegir qui\u00e9n recibe las entregas, dijo Charlebois.<\/p>\n<p>El ejecutivo de camiones Dan Einwechter de Challenger Motor Freight Inc. en Cambridge, Ontario, ya hizo sonar la alarma sobre el mandato y le dijo a Reuters que los consumidores ver\u00e1n que &#8220;no hay tantas opciones en los estantes&#8221; dentro de dos semanas.<\/p>\n<p>Sin embargo, Gary Sands, vicepresidente s\u00e9nior de la Federaci\u00f3n Canadiense de Tiendas de Comestibles Independientes, que representa a unas 6900 empresas en todo Canad\u00e1, dijo que algunas declaraciones de los camioneros han sido alarmistas y est\u00e1n \u201cexagerando el caso\u201d.<\/p>\n<p>\u201cCuando ingresa a las tiendas de comestibles, es posible que vea que ciertas \u00e1reas est\u00e1n vac\u00edas, donde el producto a\u00fan no ha llegado, pero est\u00e1 llegando\u201d, dijo.<\/p>\n<p>S\u00ed dijo que ha habido retrasos en los productos, escasez y algunos productos que no llegan, y advierte que la escasez de suministros se \u201csiente m\u00e1s agudamente\u201d en las comunidades m\u00e1s peque\u00f1as.<\/p>\n<p>El mandato de vacunaci\u00f3n de los camioneros ha agravado el problema, dijo Sands.<\/p>\n<p><em><strong>Aumento de precios<\/strong><\/em><br \/>\nCuando hay menos oferta pero la demanda sigue siendo la misma, es casi seguro que los precios de los alimentos aumentar\u00e1n, dijo Sands.<\/p>\n<p>Ya est\u00e1 viendo aumentos de precios de alrededor del 25 por ciento para las frutas y verduras, y del 18-20 por ciento para los l\u00e1cteos, y advierte a los consumidores que definitivamente no esperen ninguna promoci\u00f3n por el momento.<\/p>\n<p>Los aumentos de precios son necesarios para compensar el costo de los bienes acosados \u200b\u200bpor la escasez de mano de obra, ya que los peque\u00f1os tenderos a menudo enfrentan m\u00e1rgenes ajustados. Si no aumentan los precios, podr\u00edan cerrar.<\/p>\n<p>\u201cLa gran vigilancia para los consumidores en las pr\u00f3ximas semanas ser\u00e1 el impacto en los precios\u201d, dijo Sands.<\/p>\n<p>Ese aumento se produce cuando Canad\u00e1 enfrenta una inflaci\u00f3n sin precedentes, con la tasa de inflaci\u00f3n del pa\u00eds alcanzando un m\u00e1ximo de 30 a\u00f1os del 4,8 por ciento en diciembre.<\/p>\n<p>Los economistas han dicho que el mandato de vacunas para los camioneros mantendr\u00e1 los precios altos por m\u00e1s tiempo.<\/p>\n<p>Sands no pronostica ning\u00fan alivio para los precios hasta que disminuya la presi\u00f3n sobre la mano de obra, lo que, seg\u00fan \u00e9l, podr\u00eda verse favorecido por un mayor acceso a kits de prueba r\u00e1pida para reducir el tiempo de aislamiento de los trabajadores.<\/p>\n<p>Sin embargo, Sands ten\u00eda la esperanza de que la escasez sea temporal y dijo que no hay raz\u00f3n para entrar en p\u00e1nico o acumular, como se vio al comienzo de la pandemia en 2020 cuando el papel higi\u00e9nico se amontonaba en los carritos de compras, incluso si los consumidores ahora ven algunos estantes vac\u00edos. .<\/p>\n<p>En cambio, Sands recomienda a los compradores que ajusten sus h\u00e1bitos, como pasar una semana sin un determinado producto como las bananas o visitar m\u00e1s de una tienda.<\/p>\n<p>\u201cEsto va a ser un desaf\u00edo en las pr\u00f3ximas tres, cuatro, cinco semanas\u201d, dijo Sands. \u201cPero vamos a salir de esto. La cadena de suministro canadiense es s\u00f3lida\u201d.<\/p>\n<p>&nbsp;<\/p>\n<h4><em><strong>&#8211; Se requiere prueba de vacunaci\u00f3n a partir de este lunes para ingresar a las grandes tiendas minoristas de Quebec<\/strong><\/em><\/h4>\n<p><img loading=\"lazy\" decoding=\"async\" class=\"alignnone size-custom-full-size wp-image-501180\" src=\"https:\/\/diarioelpopular.com\/wp-content\/uploads\/2022\/01\/1.mage_-636x357.jpg\" alt=\"\" width=\"636\" height=\"357\" srcset=\"https:\/\/diarioelpopular.com\/wp-content\/uploads\/2022\/01\/1.mage_-636x357.jpg 636w, https:\/\/diarioelpopular.com\/wp-content\/uploads\/2022\/01\/1.mage_-300x168.jpg 300w, https:\/\/diarioelpopular.com\/wp-content\/uploads\/2022\/01\/1.mage_-768x431.jpg 768w, https:\/\/diarioelpopular.com\/wp-content\/uploads\/2022\/01\/1.mage_-130x73.jpg 130w, https:\/\/diarioelpopular.com\/wp-content\/uploads\/2022\/01\/1.mage_.jpg 800w\" sizes=\"auto, (max-width: 636px) 100vw, 636px\" \/><\/p>\n<p>Ahora se requiere prueba de vacunaci\u00f3n contra COVID-19 para ingresar a grandes superficies y otras tiendas minoristas a gran escala en Quebec.<\/p>\n<p>El premier Fran\u00e7ois Legault anunci\u00f3 previamente que los quebequenses deber\u00e1n mostrar su pasaporte de vacunaci\u00f3n a partir de este lunes si desean ingresar a tiendas con superficies de piso de 1.500 metros cuadrados o m\u00e1s.<\/p>\n<p>La medida se produce cuando Legault contin\u00faa apuntando a los residentes no vacunados en un esfuerzo por frenar las hospitalizaciones relacionadas con COVID, que se dispararon en las \u00faltimas semanas pero ahora han disminuido durante los \u00faltimos cuatro d\u00edas seguidos.<\/p>\n<p>Los requisitos de prueba de vacunaci\u00f3n no se aplican a las tiendas que venden principalmente productos de farmacia o comestibles.<\/p>\n<p>Quebec ampli\u00f3 su sistema de pasaporte de vacunaci\u00f3n la semana pasada a las tiendas de cannabis y licores.<\/p>\n<p>El Ministro de Salud Junior, Lionel Carmant, anunciar\u00e1 un plan para los quebequenses no vacunados m\u00e1s tarde esta tarde junto con Daniel Par\u00e9, el jefe de la campa\u00f1a de inmunizaci\u00f3n de la provincia.<\/p>\n","protected":false},"excerpt":{"rendered":"<p>&#8211; Es probable que los canadienses experimenten escasez de algunos alimentos y aumentos de precios a medida que la variante Omicron COVID-19 se trabe en&hellip;<\/p>\n","protected":false},"author":99,"featured_media":501179,"comment_status":"open","ping_status":"open","sticky":false,"template":"","format":"standard","meta":{"footnotes":""},"categories":[21,11191],"tags":[],"class_list":["post-501178","post","type-post","status-publish","format-standard","has-post-thumbnail","hentry","category-canada","category-top-news"],"_links":{"self":[{"href":"https:\/\/diarioelpopular.com\/index.php\/wp-json\/wp\/v2\/posts\/501178","targetHints":{"allow":["GET"]}}],"collection":[{"href":"https:\/\/diarioelpopular.com\/index.php\/wp-json\/wp\/v2\/posts"}],"about":[{"href":"https:\/\/diarioelpopular.com\/index.php\/wp-json\/wp\/v2\/types\/post"}],"author":[{"embeddable":true,"href":"https:\/\/diarioelpopular.com\/index.php\/wp-json\/wp\/v2\/users\/99"}],"replies":[{"embeddable":true,"href":"https:\/\/diarioelpopular.com\/index.php\/wp-json\/wp\/v2\/comments?post=501178"}],"version-history":[{"count":1,"href":"https:\/\/diarioelpopular.com\/index.php\/wp-json\/wp\/v2\/posts\/501178\/revisions"}],"predecessor-version":[{"id":501181,"href":"https:\/\/diarioelpopular.com\/index.php\/wp-json\/wp\/v2\/posts\/501178\/revisions\/501181"}],"wp:featuredmedia":[{"embeddable":true,"href":"https:\/\/diarioelpopular.com\/index.php\/wp-json\/wp\/v2\/media\/501179"}],"wp:attachment":[{"href":"https:\/\/diarioelpopular.com\/index.php\/wp-json\/wp\/v2\/media?parent=501178"}],"wp:term":[{"taxonomy":"category","embeddable":true,"href":"https:\/\/diarioelpopular.com\/index.php\/wp-json\/wp\/v2\/categories?post=501178"},{"taxonomy":"post_tag","embeddable":true,"href":"https:\/\/diarioelpopular.com\/index.php\/wp-json\/wp\/v2\/tags?post=501178"}],"curies":[{"name":"wp","href":"https:\/\/api.w.org\/{rel}","templated":true}]}}